{"id":16477,"date":"2026-04-27T19:58:45","date_gmt":"2026-04-27T22:58:45","guid":{"rendered":"https:\/\/cafeprensa.com.ar\/?p=16477"},"modified":"2026-04-27T19:58:45","modified_gmt":"2026-04-27T22:58:45","slug":"el-miercoles-6-de-mayo-se-conocera-la-sentencia-por-paulina-lebbos","status":"publish","type":"post","link":"https:\/\/cafeprensa.com.ar\/index.php\/2026\/04\/27\/el-miercoles-6-de-mayo-se-conocera-la-sentencia-por-paulina-lebbos\/","title":{"rendered":"El mi\u00e9rcoles 6 de mayo se conocer\u00e1 la sentencia por Paulina Lebbos"},"content":{"rendered":"<div class=\"space-y-3\">\n<div class=\"max-w-4xl\">\n<p class=\"__className_c59aa5 text-lg pt-2\">Si es hallado culpable, C\u00e9sar Soto deber\u00e1 cumplir una pena de prisi\u00f3n perpetua por el homicidio. <strong>Sergio Kale\u00f1uk, en cambio, no ser\u00e1 condenado porque se retir\u00f3 la acusaci\u00f3n en su contra<\/strong><\/p>\n<\/div>\n<\/div>\n<div class=\"flex flex-col md:flex-row mt-3 gap-4 relative\">\n<div class=\"grow md:w-[856px] relative\">\n<div>\n<div class=\"relative -top-2\"><img loading=\"lazy\" decoding=\"async\" class=\"rounded w-full\" src=\"https:\/\/res.cloudinary.com\/dut4yhfgk\/image\/upload\/c_limit,h_630,q_auto:best,w_1200\/v1777312312\/Noticias\/tendencias\/el-miercoles-6-de-mayo-se-conocera-la-sentencia-por-paulina-lebbos\/kzpxvmyr4vhfxppyzjbx.jpg\" alt=\"El mi\u00e9rcoles 6 de mayo se conocer\u00e1 la sentencia por Paulina Lebbos\" width=\"856\" height=\"422\" data-nimg=\"1\" \/><\/div>\n<\/div>\n<div class=\"md:flex md:items-start md:justify-between md:gap-8 relative \">\n<div class=\"pb-7 font-thin\">\n<p class=\"text-lg\">El juicio por el crimen de\u00a0<strong>Paulina Lebbos<\/strong>\u00a0entrar\u00e1 en su episodio final el mi\u00e9rcoles 6 de mayo, fecha en la que, se anunci\u00f3, se dictar\u00e1 sentencia. Se sabe que\u00a0<strong>Sergio Kale\u00f1uk\u00a0<\/strong>no ser\u00e1 condenado, puesto que la fiscal\u00eda retir\u00f3 hoy la acusaci\u00f3n en su contra. Sin embargo,\u00a0<strong>C\u00e9sar Soto\u00a0<\/strong>(pareja de Paulina) enfrenta una pena de prisi\u00f3n perpetua por el homicidio agravado.<img loading=\"lazy\" decoding=\"async\" class=\"alignnone wp-image-16464 size-large\" src=\"https:\/\/cafeprensa.com.ar\/wp-content\/uploads\/2026\/04\/img5-1-1024x342.webp\" alt=\"\" width=\"1024\" height=\"342\" srcset=\"https:\/\/cafeprensa.com.ar\/wp-content\/uploads\/2026\/04\/img5-1-1024x342.webp 1024w, https:\/\/cafeprensa.com.ar\/wp-content\/uploads\/2026\/04\/img5-1-300x100.webp 300w, https:\/\/cafeprensa.com.ar\/wp-content\/uploads\/2026\/04\/img5-1-768x256.webp 768w, https:\/\/cafeprensa.com.ar\/wp-content\/uploads\/2026\/04\/img5-1-1536x512.webp 1536w, https:\/\/cafeprensa.com.ar\/wp-content\/uploads\/2026\/04\/img5-1-2048x683.webp 2048w\" sizes=\"auto, (max-width: 1024px) 100vw, 1024px\" \/><\/p>\n<p class=\"text-lg\">La \u00faltima jornada del hist\u00f3rico juicio comenzar\u00e1 a las 8.30 de la ma\u00f1ana cuando los dos imputados sean invitados a decir sus \u00faltimas palabras ante el tribunal. Ambos pueden aceptar o declinar la propuesta, sin que ello genere sospecha en su contra ni genere prueba. Luego, los jueces se retirar\u00e1n a deliberar hasta obtener una sentencia. Se desconoce cu\u00e1nto tiempo durar\u00e1 ese debate interno, pero s\u00ed se sabe que<strong>\u00a0los magistrados no pueden abandonarlo hasta no tener un fallo<\/strong>.<img loading=\"lazy\" decoding=\"async\" class=\"alignnone wp-image-16425 size-full\" src=\"https:\/\/cafeprensa.com.ar\/wp-content\/uploads\/2026\/04\/Loteo-las-pircas-1.jpg\" alt=\"\" width=\"970\" height=\"90\" srcset=\"https:\/\/cafeprensa.com.ar\/wp-content\/uploads\/2026\/04\/Loteo-las-pircas-1.jpg 970w, https:\/\/cafeprensa.com.ar\/wp-content\/uploads\/2026\/04\/Loteo-las-pircas-1-300x28.jpg 300w, https:\/\/cafeprensa.com.ar\/wp-content\/uploads\/2026\/04\/Loteo-las-pircas-1-768x71.jpg 768w\" sizes=\"auto, (max-width: 970px) 100vw, 970px\" \/><\/p>\n<p class=\"text-lg\">Esta ma\u00f1ana, el tribunal escuch\u00f3 los tensos alegatos de las partes. El fiscal Carlos Sale admiti\u00f3 que no logr\u00f3 reunir prueba suficiente en contra de Kale\u00f1uk como presunto encubridor de Soto. Sin embargo, reafirm\u00f3 que\u00a0<strong>Soto mat\u00f3 a Paulina y, junto a una persona no identificada, escondi\u00f3 su cuerpo.<\/strong><\/p>\n<p><img decoding=\"async\" class=\"max-w-full h-auto object-contain\" title=\"houesejmlv12upf4pipi.jpg\" src=\"https:\/\/res.cloudinary.com\/dut4yhfgk\/image\/upload\/v1777312304\/Noticias\/general\/imagen-contenido\/content\/content-image-houesejm-1777312303494.jpg\" alt=\"houesejmlv12upf4pipi.jpg\" \/><\/p>\n<p class=\"text-lg\"><strong>Seg\u00fan la hip\u00f3tesis de la fiscal\u00eda, el 26 de febrero de 2006, pasadas las 6.30, Paulina Alejandra Lebbos ingres\u00f3 al domicilio de V\u00edctor C\u00e9sar Soto, ubicado en calle Estados Unidos 1250. Por motivos desconocidos, Soto inici\u00f3 una discusi\u00f3n con ella. Luego, la tom\u00f3 del cuello con sus manos y, abusando de su preeminencia f\u00edsica, la ahorc\u00f3 con la intenci\u00f3n de quitarle la vida, caus\u00e1ndole la muerte por asfixia.<img loading=\"lazy\" decoding=\"async\" class=\"alignnone wp-image-16114 size-full\" src=\"https:\/\/cafeprensa.com.ar\/wp-content\/uploads\/2026\/04\/8_260108111211.gif\" alt=\"\" width=\"970\" height=\"90\" \/><\/strong><\/p>\n<p class=\"text-lg\"><strong>Siempre de acuerdo al alegato, el acusado pidi\u00f3 ayuda a una persona no identificada para deshacerse del cuerpo. Juntos, trasladaron el cad\u00e1ver hasta la zona de Tapia, espec\u00edficamente al kil\u00f3metro 2.8 de la ruta 341, donde lo depositaron. El cuerpo permaneci\u00f3 all\u00ed hasta su descubrimiento, el 11 de marzo de 2006.<\/strong><\/p>\n<p class=\"text-lg\">Sale analiz\u00f3 que se trat\u00f3 de un femicidio, por lo que la pena deber\u00eda ser de prisi\u00f3n perpetua, aunque el delito no estaba tipificado al momento del homicidio.<\/p>\n<p class=\"text-lg\"><strong>El investigador consider\u00f3 que, sin dudas, se trat\u00f3 de un caso de violencia de g\u00e9nero, por lo que debe ser analizado bajo la ley 24632, que aprueba la Convenci\u00f3n Interamericana para prevenir, sancionar y erradicar la violencia contra la mujer (Bel\u00e9m do Par\u00e1), la cual ya era obligatoria antes de 2006 y no se aplic\u00f3 en su momento.<img loading=\"lazy\" decoding=\"async\" class=\"alignnone wp-image-16447 size-full\" src=\"https:\/\/cafeprensa.com.ar\/wp-content\/uploads\/2026\/04\/Screenshot_20260422_105453_WhatsApp-1-1024x589-1.jpg\" alt=\"\" width=\"1024\" height=\"589\" srcset=\"https:\/\/cafeprensa.com.ar\/wp-content\/uploads\/2026\/04\/Screenshot_20260422_105453_WhatsApp-1-1024x589-1.jpg 1024w, https:\/\/cafeprensa.com.ar\/wp-content\/uploads\/2026\/04\/Screenshot_20260422_105453_WhatsApp-1-1024x589-1-300x173.jpg 300w, https:\/\/cafeprensa.com.ar\/wp-content\/uploads\/2026\/04\/Screenshot_20260422_105453_WhatsApp-1-1024x589-1-768x442.jpg 768w\" sizes=\"auto, (max-width: 1024px) 100vw, 1024px\" \/><\/strong><\/p>\n<div class=\"relative\">\n<div class=\"w-12 h-12 rounded-full bg-gradient-to-r from-[#423b8b] via-[#423b8bd9] to-[#423b8bb3] p-0.5 m-0.5\">\n<div class=\"w-full h-full rounded-full bg-background flex items-center justify-center\"><span style=\"font-size: 8pt;\"><img loading=\"lazy\" decoding=\"async\" class=\"rounded-full object-cover p-[2px]\" src=\"https:\/\/res.cloudinary.com\/dut4yhfgk\/image\/upload\/ar_1:1,c_auto,h_100,q_100,w_100\/v1760448590\/Administradores\/redactor\/vgho0n07d2izshtg2gul.jpg\" alt=\"Avatar de Mariana Romero\" width=\"35\" height=\"35\" data-nimg=\"1\" \/>Mariana Romero<\/span><\/div>\n<\/div>\n<\/div>\n<\/div>\n<\/div>\n<\/div>\n<\/div>\n","protected":false},"excerpt":{"rendered":"<p>Si es hallado culpable, C\u00e9sar Soto deber\u00e1 cumplir una pena de prisi\u00f3n perpetua por el homicidio. Sergio Kale\u00f1uk, en cambio, no ser\u00e1 condenado porque se retir\u00f3 la acusaci\u00f3n en su contra El juicio por el crimen de\u00a0Paulina Lebbos\u00a0entrar\u00e1 en su episodio final el mi\u00e9rcoles 6 de mayo, fecha en la que, se anunci\u00f3, se dictar\u00e1 &hellip;<\/p>\n","protected":false},"author":2,"featured_media":16478,"comment_status":"open","ping_status":"open","sticky":false,"template":"","format":"standard","meta":{"footnotes":""},"categories":[47,34],"tags":[3012],"class_list":["post-16477","post","type-post","status-publish","format-standard","has-post-thumbnail","hentry","category-justicia","category-locales","tag-caso-lebbos"],"_links":{"self":[{"href":"https:\/\/cafeprensa.com.ar\/index.php\/wp-json\/wp\/v2\/posts\/16477","targetHints":{"allow":["GET"]}}],"collection":[{"href":"https:\/\/cafeprensa.com.ar\/index.php\/wp-json\/wp\/v2\/posts"}],"about":[{"href":"https:\/\/cafeprensa.com.ar\/index.php\/wp-json\/wp\/v2\/types\/post"}],"author":[{"embeddable":true,"href":"https:\/\/cafeprensa.com.ar\/index.php\/wp-json\/wp\/v2\/users\/2"}],"replies":[{"embeddable":true,"href":"https:\/\/cafeprensa.com.ar\/index.php\/wp-json\/wp\/v2\/comments?post=16477"}],"version-history":[{"count":1,"href":"https:\/\/cafeprensa.com.ar\/index.php\/wp-json\/wp\/v2\/posts\/16477\/revisions"}],"predecessor-version":[{"id":16479,"href":"https:\/\/cafeprensa.com.ar\/index.php\/wp-json\/wp\/v2\/posts\/16477\/revisions\/16479"}],"wp:featuredmedia":[{"embeddable":true,"href":"https:\/\/cafeprensa.com.ar\/index.php\/wp-json\/wp\/v2\/media\/16478"}],"wp:attachment":[{"href":"https:\/\/cafeprensa.com.ar\/index.php\/wp-json\/wp\/v2\/media?parent=16477"}],"wp:term":[{"taxonomy":"category","embeddable":true,"href":"https:\/\/cafeprensa.com.ar\/index.php\/wp-json\/wp\/v2\/categories?post=16477"},{"taxonomy":"post_tag","embeddable":true,"href":"https:\/\/cafeprensa.com.ar\/index.php\/wp-json\/wp\/v2\/tags?post=16477"}],"curies":[{"name":"wp","href":"https:\/\/api.w.org\/{rel}","templated":true}]}}