{"id":16480,"date":"2026-04-27T20:06:12","date_gmt":"2026-04-27T23:06:12","guid":{"rendered":"https:\/\/cafeprensa.com.ar\/?p=16480"},"modified":"2026-04-27T20:06:12","modified_gmt":"2026-04-27T23:06:12","slug":"polemica-en-salta-el-gobierno-le-otorgo-al-chaqueno-palavecino-un-subsidio-vitalicio","status":"publish","type":"post","link":"https:\/\/cafeprensa.com.ar\/index.php\/2026\/04\/27\/polemica-en-salta-el-gobierno-le-otorgo-al-chaqueno-palavecino-un-subsidio-vitalicio\/","title":{"rendered":"Pol\u00e9mica en Salta: el gobierno le otorg\u00f3 al \u00abChaque\u00f1o\u00bb Palavecino un subsidio vitalicio"},"content":{"rendered":"<div class=\"float-start col-md-12 col-lg-6 col-12 fotos-containers  mb-0 \">\n<div class=\"container-fluid p-0 galeria_fotos_nota\">\n<div class=\" row\"><b>El Gobierno provincial de Salta otorg\u00f3 un beneficio econ\u00f3mico vitalicio por m\u00e9rito art\u00edstico al cantante Oscar Esperanza \u201cChaque\u00f1o\u201d Palavecino, en el marco del r\u00e9gimen de Reconocimiento al M\u00e9rito Art\u00edstico<\/b>. La medida fue oficializada mediante el Decreto N\u00b0 246,<b>\u00a0firmado por el gobernador Gustavo S\u00e1enz\u00a0<\/b>y la ministra de Educaci\u00f3n, Cultura, Ciencia y Tecnolog\u00eda, Cristina Fiore, y publicada en el Bolet\u00edn Oficial.<img loading=\"lazy\" decoding=\"async\" class=\"alignnone wp-image-16464 size-large\" src=\"https:\/\/cafeprensa.com.ar\/wp-content\/uploads\/2026\/04\/img5-1-1024x342.webp\" alt=\"\" width=\"1024\" height=\"342\" srcset=\"https:\/\/cafeprensa.com.ar\/wp-content\/uploads\/2026\/04\/img5-1-1024x342.webp 1024w, https:\/\/cafeprensa.com.ar\/wp-content\/uploads\/2026\/04\/img5-1-300x100.webp 300w, https:\/\/cafeprensa.com.ar\/wp-content\/uploads\/2026\/04\/img5-1-768x256.webp 768w, https:\/\/cafeprensa.com.ar\/wp-content\/uploads\/2026\/04\/img5-1-1536x512.webp 1536w, https:\/\/cafeprensa.com.ar\/wp-content\/uploads\/2026\/04\/img5-1-2048x683.webp 2048w\" sizes=\"auto, (max-width: 1024px) 100vw, 1024px\" \/><\/div>\n<\/div>\n<\/div>\n<div class=\"col-md-12 col-12 col-lg-12 post-content p-lg-2\">\n<div>Seg\u00fan se detalla en el texto oficial,\u00a0<b>el beneficio fue solicitado por el propio artista en su car\u00e1cter de int\u00e9rprete de m\u00fasica, y equivale a una jubilaci\u00f3n m\u00ednima.<\/b><\/div>\n<div><\/div>\n<div>La resoluci\u00f3n se encuadra en la Ley N\u00b0 6475 y sus modificatorias,<b>\u00a0normativa que prev\u00e9 este tipo de distinciones para figuras cuya trayectoria est\u00e9 estrechamente vinculada con la identidad cultural de la provincia.<\/b><\/div>\n<div><\/div>\n<p><img decoding=\"async\" class=\"img-responsive\" src=\"https:\/\/uscdn.eltribuno.com\/042026\/1777298059266.webp?cw=1155&amp;ch=650&amp;extw=jpg\" width=\"700\" \/><\/p>\n<div><span style=\"font-size: 8pt;\"><strong><i>Gustavo S\u00e1enz y el \u201cChaque\u00f1o\u201d Palavecino<\/i><\/strong><\/span><\/div>\n<p>De acuerdo con lo establecido en el decreto,<b>\u00a0Palavecino cumple con los requisitos exigidos por la ley: es mayor de 55 a\u00f1os, naci\u00f3 en Salta y acredita m\u00e1s de 20 a\u00f1os de actividad art\u00edstica p\u00fablica e ininterrumpida.<\/b><\/p>\n<p><strong>El documento tambi\u00e9n se\u00f1ala que, tras la intervenci\u00f3n de la Fiscal\u00eda de Estado y la Secretar\u00eda de Cultura, se verific\u00f3 el encuadre legal del pedido. En consecuencia, el Poder Ejecutivo resolvi\u00f3 otorgar el reconocimiento en la categor\u00eda de int\u00e9rprete de m\u00fasica.<img loading=\"lazy\" decoding=\"async\" class=\"alignnone wp-image-16421 size-large\" src=\"https:\/\/cafeprensa.com.ar\/wp-content\/uploads\/2026\/04\/655454451_1351226433708218_7599175584347977023_n-1-1024x110.jpg\" alt=\"\" width=\"1024\" height=\"110\" srcset=\"https:\/\/cafeprensa.com.ar\/wp-content\/uploads\/2026\/04\/655454451_1351226433708218_7599175584347977023_n-1-1024x110.jpg 1024w, https:\/\/cafeprensa.com.ar\/wp-content\/uploads\/2026\/04\/655454451_1351226433708218_7599175584347977023_n-1-300x32.jpg 300w, https:\/\/cafeprensa.com.ar\/wp-content\/uploads\/2026\/04\/655454451_1351226433708218_7599175584347977023_n-1-768x82.jpg 768w, https:\/\/cafeprensa.com.ar\/wp-content\/uploads\/2026\/04\/655454451_1351226433708218_7599175584347977023_n-1-1536x164.jpg 1536w, https:\/\/cafeprensa.com.ar\/wp-content\/uploads\/2026\/04\/655454451_1351226433708218_7599175584347977023_n-1.jpg 2048w\" sizes=\"auto, (max-width: 1024px) 100vw, 1024px\" \/><\/strong><\/p>\n<p><b>En 2017 se estableci\u00f3 que los beneficiarios percibir\u00edan el equivalente al haber jubilatorio m\u00ednimo establecido por la ANSES.<\/b><\/p>\n<div><\/div>\n<div>El beneficio econ\u00f3mico equivale al Nivel 13 del escalaf\u00f3n administrativo provincial, conforme a lo dispuesto en el art\u00edculo 5, inciso d, de la normativa vigente. El pago estar\u00e1 a cargo de la Secretar\u00eda de Cultura, con imputaci\u00f3n al ejercicio en curso.<\/div>\n<p><img decoding=\"async\" class=\"img-responsive\" src=\"https:\/\/uscdn.eltribuno.com\/042026\/1777297734282\/chaqqq.jpg?cw=950\" width=\"700\" \/><\/p>\n<div><\/div>\n<div><\/div>\n<p><img decoding=\"async\" class=\"img-responsive\" src=\"https:\/\/uscdn.eltribuno.com\/042026\/1777299503178\/on1.jpg?cw=950\" width=\"700\" \/><img loading=\"lazy\" decoding=\"async\" class=\"alignnone wp-image-16447 size-full\" src=\"https:\/\/cafeprensa.com.ar\/wp-content\/uploads\/2026\/04\/Screenshot_20260422_105453_WhatsApp-1-1024x589-1.jpg\" alt=\"\" width=\"1024\" height=\"589\" srcset=\"https:\/\/cafeprensa.com.ar\/wp-content\/uploads\/2026\/04\/Screenshot_20260422_105453_WhatsApp-1-1024x589-1.jpg 1024w, https:\/\/cafeprensa.com.ar\/wp-content\/uploads\/2026\/04\/Screenshot_20260422_105453_WhatsApp-1-1024x589-1-300x173.jpg 300w, https:\/\/cafeprensa.com.ar\/wp-content\/uploads\/2026\/04\/Screenshot_20260422_105453_WhatsApp-1-1024x589-1-768x442.jpg 768w\" sizes=\"auto, (max-width: 1024px) 100vw, 1024px\" \/><\/div>\n<div><span style=\"font-size: 8pt;\"><strong>FUENTE; https:\/\/www.vocescriticas.com\/noticias\/2026\/04\/27\/197409-el-gobierno-le-otorgo-un-beneficio-vitalicio-al-chaqueno-palavecino-por-su-trayectoria-artistica<\/strong><\/span><\/div>\n","protected":false},"excerpt":{"rendered":"<p>El Gobierno provincial de Salta otorg\u00f3 un beneficio econ\u00f3mico vitalicio por m\u00e9rito art\u00edstico al cantante Oscar Esperanza \u201cChaque\u00f1o\u201d Palavecino, en el marco del r\u00e9gimen de Reconocimiento al M\u00e9rito Art\u00edstico. La medida fue oficializada mediante el Decreto N\u00b0 246,\u00a0firmado por el gobernador Gustavo S\u00e1enz\u00a0y la ministra de Educaci\u00f3n, Cultura, Ciencia y Tecnolog\u00eda, Cristina Fiore, y publicada &hellip;<\/p>\n","protected":false},"author":2,"featured_media":16481,"comment_status":"open","ping_status":"open","sticky":false,"template":"","format":"standard","meta":{"footnotes":""},"categories":[30,33],"tags":[1191,900,96],"class_list":["post-16480","post","type-post","status-publish","format-standard","has-post-thumbnail","hentry","category-cultura-y-espectaculos","category-nacionales","tag-chaqueno-palavecino","tag-saez","tag-salta"],"_links":{"self":[{"href":"https:\/\/cafeprensa.com.ar\/index.php\/wp-json\/wp\/v2\/posts\/16480","targetHints":{"allow":["GET"]}}],"collection":[{"href":"https:\/\/cafeprensa.com.ar\/index.php\/wp-json\/wp\/v2\/posts"}],"about":[{"href":"https:\/\/cafeprensa.com.ar\/index.php\/wp-json\/wp\/v2\/types\/post"}],"author":[{"embeddable":true,"href":"https:\/\/cafeprensa.com.ar\/index.php\/wp-json\/wp\/v2\/users\/2"}],"replies":[{"embeddable":true,"href":"https:\/\/cafeprensa.com.ar\/index.php\/wp-json\/wp\/v2\/comments?post=16480"}],"version-history":[{"count":1,"href":"https:\/\/cafeprensa.com.ar\/index.php\/wp-json\/wp\/v2\/posts\/16480\/revisions"}],"predecessor-version":[{"id":16482,"href":"https:\/\/cafeprensa.com.ar\/index.php\/wp-json\/wp\/v2\/posts\/16480\/revisions\/16482"}],"wp:featuredmedia":[{"embeddable":true,"href":"https:\/\/cafeprensa.com.ar\/index.php\/wp-json\/wp\/v2\/media\/16481"}],"wp:attachment":[{"href":"https:\/\/cafeprensa.com.ar\/index.php\/wp-json\/wp\/v2\/media?parent=16480"}],"wp:term":[{"taxonomy":"category","embeddable":true,"href":"https:\/\/cafeprensa.com.ar\/index.php\/wp-json\/wp\/v2\/categories?post=16480"},{"taxonomy":"post_tag","embeddable":true,"href":"https:\/\/cafeprensa.com.ar\/index.php\/wp-json\/wp\/v2\/tags?post=16480"}],"curies":[{"name":"wp","href":"https:\/\/api.w.org\/{rel}","templated":true}]}}