{"id":16483,"date":"2026-04-28T07:37:02","date_gmt":"2026-04-28T10:37:02","guid":{"rendered":"https:\/\/cafeprensa.com.ar\/?p=16483"},"modified":"2026-04-28T07:40:54","modified_gmt":"2026-04-28T10:40:54","slug":"jugatela-con-la-tuya-jaldito","status":"publish","type":"post","link":"https:\/\/cafeprensa.com.ar\/index.php\/2026\/04\/28\/jugatela-con-la-tuya-jaldito\/","title":{"rendered":"\u201cJugatela con la tuya, Jaldito\u201d"},"content":{"rendered":"<p class=\"is-title post-title\"><strong>Fantino carg\u00f3 contra Jaldo por las PASO.<\/strong><\/p>\n<p class=\"is-title post-title\"><strong>El conductor de Neura cuestion\u00f3 con dureza al gobernador de Tucum\u00e1n, quien calific\u00f3 la eliminaci\u00f3n de las primarias como un \u00abtraje a medida\u00bb de Milei.<\/strong> Fantino acus\u00f3 a la clase pol\u00edtica de defender intereses propios y exigi\u00f3 terminar con el gasto que representan las elecciones para los ciudadanos.<img loading=\"lazy\" decoding=\"async\" class=\"alignnone wp-image-16424 size-large\" src=\"https:\/\/cafeprensa.com.ar\/wp-content\/uploads\/2026\/04\/IMG-20260404-WA0022-2-1024x256.jpg\" alt=\"\" width=\"1024\" height=\"256\" srcset=\"https:\/\/cafeprensa.com.ar\/wp-content\/uploads\/2026\/04\/IMG-20260404-WA0022-2-1024x256.jpg 1024w, https:\/\/cafeprensa.com.ar\/wp-content\/uploads\/2026\/04\/IMG-20260404-WA0022-2-300x75.jpg 300w, https:\/\/cafeprensa.com.ar\/wp-content\/uploads\/2026\/04\/IMG-20260404-WA0022-2-768x192.jpg 768w, https:\/\/cafeprensa.com.ar\/wp-content\/uploads\/2026\/04\/IMG-20260404-WA0022-2-1536x384.jpg 1536w, https:\/\/cafeprensa.com.ar\/wp-content\/uploads\/2026\/04\/IMG-20260404-WA0022-2-2048x512.jpg 2048w\" sizes=\"auto, (max-width: 1024px) 100vw, 1024px\" \/><\/p>\n<p>El debate por la reforma electoral enviada por el Gobierno de Javier Milei al Senado desat\u00f3 un fuerte cruce medi\u00e1tico entre el gobernador Osvaldo Jaldo y el periodista Alejandro Fantino.<\/p>\n<p><strong>El mandatario tucumano, que hasta ahora se hab\u00eda mostrado como un aliado institucional clave de la Casa Rosada, sorprendi\u00f3 al rechazar frontalmente la eliminaci\u00f3n de las Primarias Abiertas Simult\u00e1neas y Obligatorias (PASO), argumentando que la medida busca beneficiar exclusivamente a La Libertad Avanza.<img loading=\"lazy\" decoding=\"async\" class=\"alignnone wp-image-16461 size-large\" src=\"https:\/\/cafeprensa.com.ar\/wp-content\/uploads\/2026\/04\/img2-1-1024x288.webp\" alt=\"\" width=\"1024\" height=\"288\" srcset=\"https:\/\/cafeprensa.com.ar\/wp-content\/uploads\/2026\/04\/img2-1-1024x288.webp 1024w, https:\/\/cafeprensa.com.ar\/wp-content\/uploads\/2026\/04\/img2-1-300x84.webp 300w, https:\/\/cafeprensa.com.ar\/wp-content\/uploads\/2026\/04\/img2-1-768x216.webp 768w, https:\/\/cafeprensa.com.ar\/wp-content\/uploads\/2026\/04\/img2-1-1536x432.webp 1536w, https:\/\/cafeprensa.com.ar\/wp-content\/uploads\/2026\/04\/img2-1-2048x576.webp 2048w\" sizes=\"auto, (max-width: 1024px) 100vw, 1024px\" \/><\/strong><\/p>\n<p><strong>\u201cEl Gobierno nacional est\u00e1 intentando hacerse un traje a medida. Vienen por la eliminaci\u00f3n definitiva de las PASO\u201d, dispar\u00f3 Jaldo en una entrevista con Canal 10<\/strong>. El gobernador defendi\u00f3 las primarias como una herramienta de participaci\u00f3n que permite a cualquier ciudadano competir leg\u00edtimamente.<\/p>\n<p><strong>\u00abEntendemos que eliminarlas es en perjuicio de todos los partidos pol\u00edticos, pero fundamentalmente de los ciudadanos, porque votan y quieren participar\u00bb, sostuvo el mandatario, quien adem\u00e1s adelant\u00f3 que pedir\u00e1 al PJ provincial fijar una postura de rechazo.<\/strong><\/p>\n<h5>La dura respuesta de Fantino<\/h5>\n<p>La postura de Jaldo no pas\u00f3 desapercibida para Alejandro Fantino, quien en su programa de Neura le dedic\u00f3 un editorial cargado de iron\u00eda y cr\u00edticas directas.<\/p>\n<p><strong>\u201c\u00bfDe verdad vos crees que la eliminaci\u00f3n de las PASO perjudica a los ciudadanos? \u00bfVos sab\u00e9s lo que es para los ciudadanos de bien perder un fin de semana de laburo?\u201d, interpel\u00f3 el conductor, cuestionando el impacto de los comicios en sectores como la gastronom\u00eda y el turismo.<img loading=\"lazy\" decoding=\"async\" class=\"alignnone wp-image-16423 size-large\" src=\"https:\/\/cafeprensa.com.ar\/wp-content\/uploads\/2026\/04\/IMG-20260331-WA0033-1-1024x256.jpg\" alt=\"\" width=\"1024\" height=\"256\" srcset=\"https:\/\/cafeprensa.com.ar\/wp-content\/uploads\/2026\/04\/IMG-20260331-WA0033-1-1024x256.jpg 1024w, https:\/\/cafeprensa.com.ar\/wp-content\/uploads\/2026\/04\/IMG-20260331-WA0033-1-300x75.jpg 300w, https:\/\/cafeprensa.com.ar\/wp-content\/uploads\/2026\/04\/IMG-20260331-WA0033-1-768x192.jpg 768w, https:\/\/cafeprensa.com.ar\/wp-content\/uploads\/2026\/04\/IMG-20260331-WA0033-1-1536x384.jpg 1536w, https:\/\/cafeprensa.com.ar\/wp-content\/uploads\/2026\/04\/IMG-20260331-WA0033-1.jpg 1584w\" sizes=\"auto, (max-width: 1024px) 100vw, 1024px\" \/><\/strong><\/p>\n<h5>Fantino fue m\u00e1s all\u00e1 y apunt\u00f3 al financiamiento de la pol\u00edtica:<\/h5>\n<p>\u201cPara los medios de comunicaci\u00f3n ten\u00e9s que poner la cara de todos ustedes\u2026 ten\u00e9s que poner los spots. \u00bfSab\u00e9s lo que es eso? Jugatela con la tuya, Jaldito. Jugala con la tuya, pap\u00e1, no pasa nada\u201d, sentenci\u00f3.<\/p>\n<p><strong>El periodista desestim\u00f3 el argumento de Jaldo sobre el perjuicio ciudadano y calific\u00f3 la defensa de las PASO como un inter\u00e9s de la propia clase pol\u00edtica por sostener su visibilidad con fondos p\u00fablicos. <img loading=\"lazy\" decoding=\"async\" class=\"alignnone wp-image-16447 size-full\" src=\"https:\/\/cafeprensa.com.ar\/wp-content\/uploads\/2026\/04\/Screenshot_20260422_105453_WhatsApp-1-1024x589-1.jpg\" alt=\"\" width=\"1024\" height=\"589\" srcset=\"https:\/\/cafeprensa.com.ar\/wp-content\/uploads\/2026\/04\/Screenshot_20260422_105453_WhatsApp-1-1024x589-1.jpg 1024w, https:\/\/cafeprensa.com.ar\/wp-content\/uploads\/2026\/04\/Screenshot_20260422_105453_WhatsApp-1-1024x589-1-300x173.jpg 300w, https:\/\/cafeprensa.com.ar\/wp-content\/uploads\/2026\/04\/Screenshot_20260422_105453_WhatsApp-1-1024x589-1-768x442.jpg 768w\" sizes=\"auto, (max-width: 1024px) 100vw, 1024px\" \/><\/strong><\/p>\n<p><span style=\"font-size: 8pt;\"><strong>Fuente:\u00a0<a href=\"https:\/\/tucumandespierta.com\/fantino-cargo-contra-jaldo-por-las-paso-jugatela-con-la-tuya-jaldito\/\">Tucuman Despierta\u00a0<\/a><\/strong><\/span><\/p>\n","protected":false},"excerpt":{"rendered":"<p>Fantino carg\u00f3 contra Jaldo por las PASO. El conductor de Neura cuestion\u00f3 con dureza al gobernador de Tucum\u00e1n, quien calific\u00f3 la eliminaci\u00f3n de las primarias como un \u00abtraje a medida\u00bb de Milei. Fantino acus\u00f3 a la clase pol\u00edtica de defender intereses propios y exigi\u00f3 terminar con el gasto que representan las elecciones para los ciudadanos. &hellip;<\/p>\n","protected":false},"author":2,"featured_media":16484,"comment_status":"open","ping_status":"open","sticky":false,"template":"","format":"standard","meta":{"footnotes":""},"categories":[34,25],"tags":[],"class_list":["post-16483","post","type-post","status-publish","format-standard","has-post-thumbnail","hentry","category-locales","category-politica"],"_links":{"self":[{"href":"https:\/\/cafeprensa.com.ar\/index.php\/wp-json\/wp\/v2\/posts\/16483","targetHints":{"allow":["GET"]}}],"collection":[{"href":"https:\/\/cafeprensa.com.ar\/index.php\/wp-json\/wp\/v2\/posts"}],"about":[{"href":"https:\/\/cafeprensa.com.ar\/index.php\/wp-json\/wp\/v2\/types\/post"}],"author":[{"embeddable":true,"href":"https:\/\/cafeprensa.com.ar\/index.php\/wp-json\/wp\/v2\/users\/2"}],"replies":[{"embeddable":true,"href":"https:\/\/cafeprensa.com.ar\/index.php\/wp-json\/wp\/v2\/comments?post=16483"}],"version-history":[{"count":1,"href":"https:\/\/cafeprensa.com.ar\/index.php\/wp-json\/wp\/v2\/posts\/16483\/revisions"}],"predecessor-version":[{"id":16485,"href":"https:\/\/cafeprensa.com.ar\/index.php\/wp-json\/wp\/v2\/posts\/16483\/revisions\/16485"}],"wp:featuredmedia":[{"embeddable":true,"href":"https:\/\/cafeprensa.com.ar\/index.php\/wp-json\/wp\/v2\/media\/16484"}],"wp:attachment":[{"href":"https:\/\/cafeprensa.com.ar\/index.php\/wp-json\/wp\/v2\/media?parent=16483"}],"wp:term":[{"taxonomy":"category","embeddable":true,"href":"https:\/\/cafeprensa.com.ar\/index.php\/wp-json\/wp\/v2\/categories?post=16483"},{"taxonomy":"post_tag","embeddable":true,"href":"https:\/\/cafeprensa.com.ar\/index.php\/wp-json\/wp\/v2\/tags?post=16483"}],"curies":[{"name":"wp","href":"https:\/\/api.w.org\/{rel}","templated":true}]}}