{"id":16487,"date":"2026-04-28T08:00:32","date_gmt":"2026-04-28T11:00:32","guid":{"rendered":"https:\/\/cafeprensa.com.ar\/?p=16487"},"modified":"2026-04-28T08:00:32","modified_gmt":"2026-04-28T11:00:32","slug":"advierte-sobre-el-alto-gasto-y-la-superposicion-de-areas-en-la-defensoria-del-pueblo","status":"publish","type":"post","link":"https:\/\/cafeprensa.com.ar\/index.php\/2026\/04\/28\/advierte-sobre-el-alto-gasto-y-la-superposicion-de-areas-en-la-defensoria-del-pueblo\/","title":{"rendered":"Advierte sobre el alto gasto y la superposici\u00f3n de \u00e1reas en la Defensor\u00eda del Pueblo"},"content":{"rendered":"<div class=\"space-y-3\">\n<div class=\"max-w-4xl\">\n<p class=\"__className_c59aa5 text-lg pt-2\">El legislador Jos\u00e9 Seleme present\u00f3 un estudio que revela que el organismo tiene un presupuesto anual que supera los 10.000 millones, con casi 500 empleados de planta y el 97% del gasto destinado a salarios .<img loading=\"lazy\" decoding=\"async\" class=\"alignnone wp-image-16488 size-large\" src=\"https:\/\/cafeprensa.com.ar\/wp-content\/uploads\/2026\/04\/WhatsApp-Image-2025-09-13-at-10.30.17-1024x634.jpeg\" alt=\"\" width=\"1024\" height=\"634\" srcset=\"https:\/\/cafeprensa.com.ar\/wp-content\/uploads\/2026\/04\/WhatsApp-Image-2025-09-13-at-10.30.17-1024x634.jpeg 1024w, https:\/\/cafeprensa.com.ar\/wp-content\/uploads\/2026\/04\/WhatsApp-Image-2025-09-13-at-10.30.17-300x186.jpeg 300w, https:\/\/cafeprensa.com.ar\/wp-content\/uploads\/2026\/04\/WhatsApp-Image-2025-09-13-at-10.30.17-768x475.jpeg 768w, https:\/\/cafeprensa.com.ar\/wp-content\/uploads\/2026\/04\/WhatsApp-Image-2025-09-13-at-10.30.17-1536x950.jpeg 1536w, https:\/\/cafeprensa.com.ar\/wp-content\/uploads\/2026\/04\/WhatsApp-Image-2025-09-13-at-10.30.17.jpeg 1600w\" sizes=\"auto, (max-width: 1024px) 100vw, 1024px\" \/> <strong>\u201cO se reforma o se elimina\u201d, reclam\u00f3 el legislador Jos\u00e9 Saleme.<\/strong><\/p>\n<hr \/>\n<p class=\"__className_c59aa5 text-lg pt-2\"><strong><img loading=\"lazy\" decoding=\"async\" class=\"alignnone wp-image-16425 size-full\" src=\"https:\/\/cafeprensa.com.ar\/wp-content\/uploads\/2026\/04\/Loteo-las-pircas-1.jpg\" alt=\"\" width=\"970\" height=\"90\" srcset=\"https:\/\/cafeprensa.com.ar\/wp-content\/uploads\/2026\/04\/Loteo-las-pircas-1.jpg 970w, https:\/\/cafeprensa.com.ar\/wp-content\/uploads\/2026\/04\/Loteo-las-pircas-1-300x28.jpg 300w, https:\/\/cafeprensa.com.ar\/wp-content\/uploads\/2026\/04\/Loteo-las-pircas-1-768x71.jpg 768w\" sizes=\"auto, (max-width: 970px) 100vw, 970px\" \/><\/strong><\/p>\n<\/div>\n<\/div>\n<div class=\"flex flex-col md:flex-row mt-3 gap-4 relative\">\n<div class=\"grow md:w-[856px] relative\">\n<div class=\"md:flex md:items-start md:justify-between md:gap-8 relative \">\n<div class=\"pb-7 font-thin\">\n<p class=\"text-lg\">La reciente designaci\u00f3n de\u00a0<strong>Agust\u00edn Fern\u00e1ndez\u00a0<\/strong>como nuevo titular de la <strong>Defensor\u00eda del Pueblo de Tucum\u00e1n<\/strong> volvi\u00f3 a abrir el debate sobre el funcionamiento y la dimensi\u00f3n del organismo, en medio de cuestionamientos por su estructura administrativa, su elevado gasto y su grado de independencia institucional.<img loading=\"lazy\" decoding=\"async\" class=\"alignnone  wp-image-16489\" src=\"https:\/\/cafeprensa.com.ar\/wp-content\/uploads\/2026\/04\/678992356_1366723612313016_1801938605139100566_n-300x275.jpg\" alt=\"\" width=\"324\" height=\"297\" srcset=\"https:\/\/cafeprensa.com.ar\/wp-content\/uploads\/2026\/04\/678992356_1366723612313016_1801938605139100566_n-300x275.jpg 300w, https:\/\/cafeprensa.com.ar\/wp-content\/uploads\/2026\/04\/678992356_1366723612313016_1801938605139100566_n.jpg 552w\" sizes=\"auto, (max-width: 324px) 100vw, 324px\" \/><\/p>\n<p class=\"text-lg\"><strong>Agust\u00edn Fern\u00e1ndez <\/strong>titular de la <strong>Defensor\u00eda del Pueblo de Tucum\u00e1n<\/strong><\/p>\n<hr \/>\n<p class=\"text-lg\">En ese contexto, el legislador\u00a0<strong>Jos\u00e9 Seleme<\/strong>, del bloque Avanza Tucum\u00e1n, lanz\u00f3 duras cr\u00edticas y plante\u00f3 la necesidad de una reforma de fondo en la instituci\u00f3n. <strong>\u201cEsto confirma que la Defensor\u00eda del Pueblo en Tucum\u00e1n dej\u00f3 de ser una herramienta para defender a los ciudadanos y se convirti\u00f3 en una estructura pol\u00edtica gigantesca que consume recursos sin dar respuestas\u201d, afirm\u00f3 el parlamentario.<img loading=\"lazy\" decoding=\"async\" class=\"alignnone wp-image-16463 size-large\" src=\"https:\/\/cafeprensa.com.ar\/wp-content\/uploads\/2026\/04\/img4-1-1024x288.webp\" alt=\"\" width=\"1024\" height=\"288\" srcset=\"https:\/\/cafeprensa.com.ar\/wp-content\/uploads\/2026\/04\/img4-1-1024x288.webp 1024w, https:\/\/cafeprensa.com.ar\/wp-content\/uploads\/2026\/04\/img4-1-300x84.webp 300w, https:\/\/cafeprensa.com.ar\/wp-content\/uploads\/2026\/04\/img4-1-768x216.webp 768w, https:\/\/cafeprensa.com.ar\/wp-content\/uploads\/2026\/04\/img4-1-1536x432.webp 1536w, https:\/\/cafeprensa.com.ar\/wp-content\/uploads\/2026\/04\/img4-1-2048x576.webp 2048w\" sizes=\"auto, (max-width: 1024px) 100vw, 1024px\" \/><\/strong><\/p>\n<p class=\"text-lg\">Las declaraciones se produjeron tras conocerse un informe legislativo que detalla el tama\u00f1o del organismo, con cerca de 500 empleados de planta, entre 250 y 300 contratados, m\u00e1s de 60 oficinas jer\u00e1rquicas y m\u00faltiples \u00e1reas con funciones superpuestas. \u201cTen\u00e9s casi 500 empleados de planta, cientos de contratados, m\u00e1s de 60 oficinas, secretar\u00edas por todos lados\u2026 y el 97% del presupuesto se va en sueldos\u201d, remarc\u00f3 Seleme, en referencia a los datos difundidos sobre la ejecuci\u00f3n presupuestaria del organismo.<\/p>\n<p class=\"text-lg\"><strong>El legislador tambi\u00e9n cuestion\u00f3 el volumen de recursos asignados a la Defensor\u00eda en el actual contexto econ\u00f3mico. \u201cEstamos hablando de m\u00e1s de 10.000 millones de pesos. En una provincia con pobreza, con problemas de infraestructura y con servicios que no funcionan, es un desprop\u00f3sito total\u201d, sostuvo.<\/strong><\/p>\n<p class=\"text-lg\">En esa l\u00ednea, vincul\u00f3 la situaci\u00f3n con lo que defini\u00f3 como un modelo pol\u00edtico sostenido durante d\u00e9cadas. \u201cEsto no es casualidad. Es el modelo que han instalado en la provincia: agrandar el Estado para sostener la pol\u00edtica. La Defensor\u00eda hoy funciona m\u00e1s como una agencia de empleo para amigos que como un organismo de control\u201d, afirm\u00f3.<img loading=\"lazy\" decoding=\"async\" class=\"alignnone wp-image-16421 size-large\" src=\"https:\/\/cafeprensa.com.ar\/wp-content\/uploads\/2026\/04\/655454451_1351226433708218_7599175584347977023_n-1-1024x110.jpg\" alt=\"\" width=\"1024\" height=\"110\" srcset=\"https:\/\/cafeprensa.com.ar\/wp-content\/uploads\/2026\/04\/655454451_1351226433708218_7599175584347977023_n-1-1024x110.jpg 1024w, https:\/\/cafeprensa.com.ar\/wp-content\/uploads\/2026\/04\/655454451_1351226433708218_7599175584347977023_n-1-300x32.jpg 300w, https:\/\/cafeprensa.com.ar\/wp-content\/uploads\/2026\/04\/655454451_1351226433708218_7599175584347977023_n-1-768x82.jpg 768w, https:\/\/cafeprensa.com.ar\/wp-content\/uploads\/2026\/04\/655454451_1351226433708218_7599175584347977023_n-1-1536x164.jpg 1536w, https:\/\/cafeprensa.com.ar\/wp-content\/uploads\/2026\/04\/655454451_1351226433708218_7599175584347977023_n-1.jpg 2048w\" sizes=\"auto, (max-width: 1024px) 100vw, 1024px\" \/><\/p>\n<p class=\"text-lg\"><strong>Otro de los ejes de la cr\u00edtica estuvo centrado en la designaci\u00f3n de un dirigente pol\u00edtico del peronismo, como el exdiputado nacional Fern\u00e1ndez, al frente de la instituci\u00f3n. Para Seleme, esa situaci\u00f3n compromete la independencia que deber\u00eda tener el organismo. \u201c\u00bfQui\u00e9n va a controlar al poder si el que tiene que controlar viene del mismo palo? El defensor del pueblo deber\u00eda ser independiente, con autoridad moral, no alguien surgido de la estructura que tiene que auditar\u201d, cuestion\u00f3 Seleme.<\/strong><\/p>\n<p><img decoding=\"async\" class=\"max-w-full h-auto object-contain\" title=\"ffdc7oi3nwvmbtycfi8g.webp\" src=\"https:\/\/res.cloudinary.com\/dut4yhfgk\/image\/upload\/v1777315464\/Noticias\/general\/imagen-contenido\/content\/content-image-ffdc7oi3-1777315463478.jpg\" alt=\"ffdc7oi3nwvmbtycfi8g.webp\" \/><\/p>\n<p class=\"text-lg\"><strong><em><mark>Expansi\u00f3n de la estructura y aumento del gasto<\/mark><\/em><\/strong><\/p>\n<p class=\"text-lg\">La pol\u00e9mica se profundiz\u00f3 luego de que el legislador difundiera un informe que analiza la evoluci\u00f3n de la estructura interna de la Defensor\u00eda en las \u00faltimas gestiones. El estudio, al que Tendencia de Noticias tuvo acceso, compara los organigramas correspondientes a las administraciones de <strong>Fernando Juri Debo\u00a0<\/strong>y\u00a0<strong>Eduardo Cobos<\/strong>, previas a la actual conducci\u00f3n del organismo.<\/p>\n<p class=\"text-lg\"><strong>De acuerdo con ese an\u00e1lisis, si bien la estructura superior del organismo se mantuvo formalmente sin grandes cambios \u2014con el Defensor del Pueblo, los defensores adjuntos y cuatro grandes secretar\u00edas\u2014, en los niveles intermedios y operativos se produjo una expansi\u00f3n significativa de \u00e1reas, oficinas y cargos jer\u00e1rquicos.<\/strong><\/p>\n<p class=\"text-lg\">Durante la gesti\u00f3n de Juri Debo, el esquema institucional presentaba una organizaci\u00f3n relativamente m\u00e1s compacta. Debajo de las secretar\u00edas principales funcionaban un n\u00famero acotado de direcciones y \u00e1reas t\u00e9cnicas, entre ellas la Direcci\u00f3n de Relatores, la Direcci\u00f3n Legal y T\u00e9cnica, la Direcci\u00f3n de Relaciones Institucionales, la Direcci\u00f3n de Desarrollo y Monitoreo Institucional y la Direcci\u00f3n de Despacho.<\/p>\n<p class=\"text-lg\"><strong>Estas dependencias concentraban buena parte de las funciones operativas del organismo, con equipos de trabajo que abordaban distintos temas dentro de estructuras m\u00e1s generales.<img loading=\"lazy\" decoding=\"async\" class=\"alignnone wp-image-16119 size-large\" src=\"https:\/\/cafeprensa.com.ar\/wp-content\/uploads\/2026\/04\/IMG-20260331-WA0033-1024x256.jpg\" alt=\"\" width=\"1024\" height=\"256\" srcset=\"https:\/\/cafeprensa.com.ar\/wp-content\/uploads\/2026\/04\/IMG-20260331-WA0033-1024x256.jpg 1024w, https:\/\/cafeprensa.com.ar\/wp-content\/uploads\/2026\/04\/IMG-20260331-WA0033-300x75.jpg 300w, https:\/\/cafeprensa.com.ar\/wp-content\/uploads\/2026\/04\/IMG-20260331-WA0033-768x192.jpg 768w, https:\/\/cafeprensa.com.ar\/wp-content\/uploads\/2026\/04\/IMG-20260331-WA0033-1536x384.jpg 1536w, https:\/\/cafeprensa.com.ar\/wp-content\/uploads\/2026\/04\/IMG-20260331-WA0033.jpg 1584w\" sizes=\"auto, (max-width: 1024px) 100vw, 1024px\" \/><\/strong><\/p>\n<p class=\"text-lg\">El organigrama correspondiente a la gesti\u00f3n de Cobos, en cambio, muestra una estructura notablemente m\u00e1s segmentada. En ese per\u00edodo se incorporaron nuevas direcciones, secretar\u00edas ejecutivas, coordinaciones y jefaturas, adem\u00e1s de oficinas especializadas en distintas tem\u00e1ticas vinculadas a la defensa de derechos y a la gesti\u00f3n administrativa interna.<\/p>\n<p class=\"text-lg\"><strong>Entre las \u00e1reas que aparecen desarrolladas o ampliadas en la estructura m\u00e1s reciente figuran dependencias vinculadas a Pol\u00edticas Sociales, Defensa del Consumidor, Servicios P\u00fablicos, Medio Ambiente, Comunicaci\u00f3n Institucional, Inform\u00e1tica, Transparencia, Atenci\u00f3n al Usuario y distintas \u00e1reas administrativas y de gesti\u00f3n interna.<\/strong><\/p>\n<p class=\"text-lg\">El informe tambi\u00e9n se\u00f1ala la creaci\u00f3n de nuevas unidades de apoyo y coordinaci\u00f3n, as\u00ed como la multiplicaci\u00f3n de secretar\u00edas ejecutivas y jefaturas intermedias, lo que deriv\u00f3 en una mayor fragmentaci\u00f3n del organigrama y en la coexistencia de \u00e1reas con funciones similares o superpuestas.<\/p>\n<p><img decoding=\"async\" class=\"max-w-full h-auto object-contain\" title=\"uno-que-est-otro-que-quiere-defensor-pueblo-juri-debo-legislador-cobos-880174-114732.jpg\" src=\"https:\/\/res.cloudinary.com\/dut4yhfgk\/image\/upload\/v1777315518\/Noticias\/general\/imagen-contenido\/content\/content-image-uno-que--1777315518092.jpg\" alt=\"uno-que-est-otro-que-quiere-defensor-pueblo-juri-debo-legislador-cobos-880174-114732.jpg\" \/><\/p>\n<p class=\"text-lg\">Seg\u00fan el an\u00e1lisis presentado, esta ampliaci\u00f3n de la estructura administrativa tuvo un impacto directo en el crecimiento del organismo en t\u00e9rminos de personal y presupuesto. De acuerdo con datos oficiales previos a la asunci\u00f3n de Fern\u00e1ndez, la Defensor\u00eda lleg\u00f3 a contar con\u00a0<strong>486 empleados de planta<\/strong>, adem\u00e1s de personal contratado, y un\u00a0<strong>presupuesto cercano a los 10.000 millones de pesos<\/strong>.<\/p>\n<p class=\"text-lg\">La mayor parte de esos recursos se destina al pago de salarios. Los registros presupuestarios indican que\u00a0<strong>alrededor del 97% del gasto total del organismo se encuentra comprometido en sueldos<\/strong>, lo que deja un margen reducido para programas, acciones territoriales o iniciativas vinculadas directamente con la defensa de derechos.<\/p>\n<p class=\"text-lg\"><strong>En ese marco, el informe sostiene que la expansi\u00f3n de la estructura interna y la creaci\u00f3n de nuevas \u00e1reas durante las \u00faltimas gestiones aparece como uno de los factores centrales que explican el aumento del gasto del organismo en los \u00faltimos a\u00f1os.<\/strong><\/p>\n<blockquote><p><strong>\u201cO se reforma o se elimina\u201d<\/strong><\/p>\n<p class=\"text-lg\">\n<\/blockquote>\n<p class=\"text-lg\"><strong>Frente a este escenario, Seleme plante\u00f3 alternativas de fondo para el futuro de la instituci\u00f3n. \u201cO se elimina la Defensor\u00eda o se la reformula. Porque con mucha menos gente y menos gasto, este organismo podr\u00eda funcionar y estar realmente al servicio de los tucumanos\u201d, afirm\u00f3.<\/strong><\/p>\n<p class=\"text-lg\">Finalmente, el legislador dej\u00f3 una advertencia sobre el debate que se abre en torno al organismo.<strong> \u201cLos tucumanos necesitan soluciones, no oficinas. Si no se reforma de ra\u00edz, hay que eliminarlo. Porque esto va a seguir siendo mucho gasto, mucha pol\u00edtica y cero resultados\u201d,<\/strong> concluy\u00f3.<img loading=\"lazy\" decoding=\"async\" class=\"alignnone wp-image-16447 size-full\" src=\"https:\/\/cafeprensa.com.ar\/wp-content\/uploads\/2026\/04\/Screenshot_20260422_105453_WhatsApp-1-1024x589-1.jpg\" alt=\"\" width=\"1024\" height=\"589\" srcset=\"https:\/\/cafeprensa.com.ar\/wp-content\/uploads\/2026\/04\/Screenshot_20260422_105453_WhatsApp-1-1024x589-1.jpg 1024w, https:\/\/cafeprensa.com.ar\/wp-content\/uploads\/2026\/04\/Screenshot_20260422_105453_WhatsApp-1-1024x589-1-300x173.jpg 300w, https:\/\/cafeprensa.com.ar\/wp-content\/uploads\/2026\/04\/Screenshot_20260422_105453_WhatsApp-1-1024x589-1-768x442.jpg 768w\" sizes=\"auto, (max-width: 1024px) 100vw, 1024px\" \/><\/p>\n<\/div>\n<\/div>\n<\/div>\n<\/div>\n","protected":false},"excerpt":{"rendered":"<p>El legislador Jos\u00e9 Seleme present\u00f3 un estudio que revela que el organismo tiene un presupuesto anual que supera los 10.000 millones, con casi 500 empleados de planta y el 97% del gasto destinado a salarios . \u201cO se reforma o se elimina\u201d, reclam\u00f3 el legislador Jos\u00e9 Saleme. La reciente designaci\u00f3n de\u00a0Agust\u00edn Fern\u00e1ndez\u00a0como nuevo titular de &hellip;<\/p>\n","protected":false},"author":2,"featured_media":16490,"comment_status":"open","ping_status":"open","sticky":false,"template":"","format":"standard","meta":{"footnotes":""},"categories":[1611,34],"tags":[3017,3236],"class_list":["post-16487","post","type-post","status-publish","format-standard","has-post-thumbnail","hentry","category-legislatura-de-tucuman","category-locales","tag-defensoria-del-pueblo","tag-saleme-legislador"],"_links":{"self":[{"href":"https:\/\/cafeprensa.com.ar\/index.php\/wp-json\/wp\/v2\/posts\/16487","targetHints":{"allow":["GET"]}}],"collection":[{"href":"https:\/\/cafeprensa.com.ar\/index.php\/wp-json\/wp\/v2\/posts"}],"about":[{"href":"https:\/\/cafeprensa.com.ar\/index.php\/wp-json\/wp\/v2\/types\/post"}],"author":[{"embeddable":true,"href":"https:\/\/cafeprensa.com.ar\/index.php\/wp-json\/wp\/v2\/users\/2"}],"replies":[{"embeddable":true,"href":"https:\/\/cafeprensa.com.ar\/index.php\/wp-json\/wp\/v2\/comments?post=16487"}],"version-history":[{"count":1,"href":"https:\/\/cafeprensa.com.ar\/index.php\/wp-json\/wp\/v2\/posts\/16487\/revisions"}],"predecessor-version":[{"id":16491,"href":"https:\/\/cafeprensa.com.ar\/index.php\/wp-json\/wp\/v2\/posts\/16487\/revisions\/16491"}],"wp:featuredmedia":[{"embeddable":true,"href":"https:\/\/cafeprensa.com.ar\/index.php\/wp-json\/wp\/v2\/media\/16490"}],"wp:attachment":[{"href":"https:\/\/cafeprensa.com.ar\/index.php\/wp-json\/wp\/v2\/media?parent=16487"}],"wp:term":[{"taxonomy":"category","embeddable":true,"href":"https:\/\/cafeprensa.com.ar\/index.php\/wp-json\/wp\/v2\/categories?post=16487"},{"taxonomy":"post_tag","embeddable":true,"href":"https:\/\/cafeprensa.com.ar\/index.php\/wp-json\/wp\/v2\/tags?post=16487"}],"curies":[{"name":"wp","href":"https:\/\/api.w.org\/{rel}","templated":true}]}}