{"id":16492,"date":"2026-04-28T08:13:16","date_gmt":"2026-04-28T11:13:16","guid":{"rendered":"https:\/\/cafeprensa.com.ar\/?p=16492"},"modified":"2026-04-28T08:13:16","modified_gmt":"2026-04-28T11:13:16","slug":"boleto-a-2-400-en-tucuman","status":"publish","type":"post","link":"https:\/\/cafeprensa.com.ar\/index.php\/2026\/04\/28\/boleto-a-2-400-en-tucuman\/","title":{"rendered":"Boleto a $2.400 en Tucum\u00e1n"},"content":{"rendered":"<p class=\"title\">El pedido de AETAT que pone en jaque el bolsillo de los usuarios. Empresarios presentaron un estudio de costos que eleva la tarifa a niveles r\u00e9cord.<\/p>\n<hr \/>\n<p class=\"title\"><img loading=\"lazy\" decoding=\"async\" class=\"alignnone wp-image-16462 size-large\" src=\"https:\/\/cafeprensa.com.ar\/wp-content\/uploads\/2026\/04\/img3-1024x288.webp\" alt=\"\" width=\"1024\" height=\"288\" srcset=\"https:\/\/cafeprensa.com.ar\/wp-content\/uploads\/2026\/04\/img3-1024x288.webp 1024w, https:\/\/cafeprensa.com.ar\/wp-content\/uploads\/2026\/04\/img3-300x84.webp 300w, https:\/\/cafeprensa.com.ar\/wp-content\/uploads\/2026\/04\/img3-768x216.webp 768w, https:\/\/cafeprensa.com.ar\/wp-content\/uploads\/2026\/04\/img3-1536x432.webp 1536w, https:\/\/cafeprensa.com.ar\/wp-content\/uploads\/2026\/04\/img3-2048x576.webp 2048w\" sizes=\"auto, (max-width: 1024px) 100vw, 1024px\" \/><\/p>\n<p class=\"title\"><strong>Desde el Concejo Deliberante advierten que el monto es inalcanzable para el usuario y exigen nuevos pliegos para licitar el servicio. La crisis del transporte p\u00fablico en San Miguel de Tucum\u00e1n ha tomado un giro institucional tras el ingreso de un expediente al Concejo Deliberante impulsado por los empresarios del sector. <\/strong><\/p>\n<p class=\"title\">No se trata de un simple pedido de aumento, sino de un estudio de costos que sit\u00faa el valor del boleto en torno a los <b data-path-to-node=\"9\" data-index-in-node=\"317\">$2.400<\/b>.<\/p>\n<hr \/>\n<p class=\"title\"><img loading=\"lazy\" decoding=\"async\" class=\"alignnone wp-image-16424 size-large\" src=\"https:\/\/cafeprensa.com.ar\/wp-content\/uploads\/2026\/04\/IMG-20260404-WA0022-2-1024x256.jpg\" alt=\"\" width=\"1024\" height=\"256\" srcset=\"https:\/\/cafeprensa.com.ar\/wp-content\/uploads\/2026\/04\/IMG-20260404-WA0022-2-1024x256.jpg 1024w, https:\/\/cafeprensa.com.ar\/wp-content\/uploads\/2026\/04\/IMG-20260404-WA0022-2-300x75.jpg 300w, https:\/\/cafeprensa.com.ar\/wp-content\/uploads\/2026\/04\/IMG-20260404-WA0022-2-768x192.jpg 768w, https:\/\/cafeprensa.com.ar\/wp-content\/uploads\/2026\/04\/IMG-20260404-WA0022-2-1536x384.jpg 1536w, https:\/\/cafeprensa.com.ar\/wp-content\/uploads\/2026\/04\/IMG-20260404-WA0022-2-2048x512.jpg 2048w\" sizes=\"auto, (max-width: 1024px) 100vw, 1024px\" \/><\/p>\n<div class=\"at-vc\">\n<div id=\"vsmcontent\" class=\"content vsmcontent\">\n<p data-path-to-node=\"9\"><strong>La cifra gener\u00f3 una reacci\u00f3n inmediata en el arco pol\u00edtico local, donde el concejal Alfredo Ter\u00e1n, vicepresidente de la Comisi\u00f3n de Transporte, calific\u00f3 el monto como \u00abcompletamente impagable\u00bb, advirtiendo que una suba de tal magnitud en un contexto de ca\u00edda de pasajeros solo profundizar\u00eda la decadencia del servicio actual.<\/strong><\/p>\n<h2 data-path-to-node=\"10\"><b data-path-to-node=\"10\" data-index-in-node=\"0\">Subsidios y un sistema de transporte obsoleto<\/b><\/h2>\n<p data-path-to-node=\"11\">El planteo empresario llega en un momento de extrema fragilidad para el sistema, que se sostiene actualmente con un esquema de subsidios millonarios que el Estado provincial y municipal deben adelantar para evitar paros. Ter\u00e1n reconoci\u00f3 que el municipio realiz\u00f3 recientemente un pago de\u00a0<b data-path-to-node=\"11\" data-index-in-node=\"287\">$900 millones<\/b><span class=\"highlight\">\u00a0para garantizar la operatividad, pero fue categ\u00f3rico al se\u00f1alar que el problema de fondo no es meramente tarifario.<\/span><\/p>\n<hr \/>\n<p data-path-to-node=\"11\"><span class=\"highlight\"><img loading=\"lazy\" decoding=\"async\" class=\"alignnone wp-image-16423 size-large\" src=\"https:\/\/cafeprensa.com.ar\/wp-content\/uploads\/2026\/04\/IMG-20260331-WA0033-1-1024x256.jpg\" alt=\"\" width=\"1024\" height=\"256\" srcset=\"https:\/\/cafeprensa.com.ar\/wp-content\/uploads\/2026\/04\/IMG-20260331-WA0033-1-1024x256.jpg 1024w, https:\/\/cafeprensa.com.ar\/wp-content\/uploads\/2026\/04\/IMG-20260331-WA0033-1-300x75.jpg 300w, https:\/\/cafeprensa.com.ar\/wp-content\/uploads\/2026\/04\/IMG-20260331-WA0033-1-768x192.jpg 768w, https:\/\/cafeprensa.com.ar\/wp-content\/uploads\/2026\/04\/IMG-20260331-WA0033-1-1536x384.jpg 1536w, https:\/\/cafeprensa.com.ar\/wp-content\/uploads\/2026\/04\/IMG-20260331-WA0033-1.jpg 1584w\" sizes=\"auto, (max-width: 1024px) 100vw, 1024px\" \/><\/span><\/p>\n<p data-path-to-node=\"11\"><strong>Para el edil, el sistema actual es \u00abobsoleto, caro y malo\u00bb, con l\u00edneas que se superponen y una ineficiencia estructural que termina siendo pagada por todos los vecinos, independientemente de si utilizan o no el transporte p\u00fablico de forma diaria<\/strong>.<\/p>\n<h2 data-path-to-node=\"12\"><b data-path-to-node=\"12\" data-index-in-node=\"0\">nuevos pliegos y licitaci\u00f3n<\/b><\/h2>\n<p data-path-to-node=\"13\">La discusi\u00f3n en el Concejo Deliberante ahora se centrar\u00e1 en la necesidad urgente de redactar nuevos pliegos para licitar el servicio de forma transparente. La intenci\u00f3n es dar un debate profundo que defina un modelo de transporte moderno y, sobre todo, sustentable para el bolsillo tucumano.<\/p>\n<p data-path-to-node=\"13\"><strong>Se busca abandonar la l\u00f3gica de los parches financieros para avanzar hacia una reingenier\u00eda metropolitana que coordine los recorridos entre la Capital y las ciudades vecinas. Esta visi\u00f3n integral es vista como la \u00fanica salida para que el usuario vuelva a elegir el colectivo, priorizando la calidad y la frecuencia por encima del simple ajuste recurrente de la tarifa.<img loading=\"lazy\" decoding=\"async\" class=\"alignnone wp-image-16421 size-large\" src=\"https:\/\/cafeprensa.com.ar\/wp-content\/uploads\/2026\/04\/655454451_1351226433708218_7599175584347977023_n-1-1024x110.jpg\" alt=\"\" width=\"1024\" height=\"110\" srcset=\"https:\/\/cafeprensa.com.ar\/wp-content\/uploads\/2026\/04\/655454451_1351226433708218_7599175584347977023_n-1-1024x110.jpg 1024w, https:\/\/cafeprensa.com.ar\/wp-content\/uploads\/2026\/04\/655454451_1351226433708218_7599175584347977023_n-1-300x32.jpg 300w, https:\/\/cafeprensa.com.ar\/wp-content\/uploads\/2026\/04\/655454451_1351226433708218_7599175584347977023_n-1-768x82.jpg 768w, https:\/\/cafeprensa.com.ar\/wp-content\/uploads\/2026\/04\/655454451_1351226433708218_7599175584347977023_n-1-1536x164.jpg 1536w, https:\/\/cafeprensa.com.ar\/wp-content\/uploads\/2026\/04\/655454451_1351226433708218_7599175584347977023_n-1.jpg 2048w\" sizes=\"auto, (max-width: 1024px) 100vw, 1024px\" \/><\/strong><\/p>\n<h2 data-path-to-node=\"14\"><b data-path-to-node=\"14\" data-index-in-node=\"0\">El impacto social del aumento en los usuarios<\/b><\/h2>\n<p data-path-to-node=\"15\">Desde la Comisi\u00f3n de Transporte se busc\u00f3 llevar tranquilidad a la poblaci\u00f3n\u00a0<span class=\"highlight\">asegurando que no habr\u00e1 una interrupci\u00f3n del servicio en el corto plazo<\/span>.<\/p>\n<p data-path-to-node=\"15\"><strong>La prioridad legislativa ser\u00e1 analizar los costos reales y la transparencia en el uso de los subsidios antes de tomar cualquier decisi\u00f3n que afecte a los miles de tucumanos que dependen diariamente del transporte p\u00fablico. \u00abSeguir haciendo lo mismo no nos va a llevar a mejores resultados\u00bb, concluy\u00f3 Ter\u00e1n. <img loading=\"lazy\" decoding=\"async\" class=\"alignnone wp-image-16447 size-full\" src=\"https:\/\/cafeprensa.com.ar\/wp-content\/uploads\/2026\/04\/Screenshot_20260422_105453_WhatsApp-1-1024x589-1.jpg\" alt=\"\" width=\"1024\" height=\"589\" srcset=\"https:\/\/cafeprensa.com.ar\/wp-content\/uploads\/2026\/04\/Screenshot_20260422_105453_WhatsApp-1-1024x589-1.jpg 1024w, https:\/\/cafeprensa.com.ar\/wp-content\/uploads\/2026\/04\/Screenshot_20260422_105453_WhatsApp-1-1024x589-1-300x173.jpg 300w, https:\/\/cafeprensa.com.ar\/wp-content\/uploads\/2026\/04\/Screenshot_20260422_105453_WhatsApp-1-1024x589-1-768x442.jpg 768w\" sizes=\"auto, (max-width: 1024px) 100vw, 1024px\" \/><\/strong><\/p>\n<p data-path-to-node=\"15\"><span style=\"font-size: 8pt;\"><strong>FUENTE:\u00a0 <img loading=\"lazy\" decoding=\"async\" class=\"\" src=\"https:\/\/www.enteratenoticias.com.ar\/files\/image\/2\/2848\/6419bb4eb4dea.png\" alt=\"Enterate Noticias\" width=\"62\" height=\"11\" \/> https:\/\/www.enteratenoticias.com.ar\/actualidad\/boleto-colectivo-tucuman-2400-pedido-empresarios-transporte-2026\/<\/strong><\/span><\/p>\n<\/div>\n<\/div>\n","protected":false},"excerpt":{"rendered":"<p>El pedido de AETAT que pone en jaque el bolsillo de los usuarios. Empresarios presentaron un estudio de costos que eleva la tarifa a niveles r\u00e9cord. Desde el Concejo Deliberante advierten que el monto es inalcanzable para el usuario y exigen nuevos pliegos para licitar el servicio. La crisis del transporte p\u00fablico en San Miguel &hellip;<\/p>\n","protected":false},"author":2,"featured_media":16493,"comment_status":"open","ping_status":"open","sticky":false,"template":"","format":"standard","meta":{"footnotes":""},"categories":[1707,34],"tags":[97,3238,1103,99,3237],"class_list":["post-16492","post","type-post","status-publish","format-standard","has-post-thumbnail","hentry","category-concejales-de-tucuman","category-locales","tag-aetat","tag-aumeto-de-tarifas","tag-boletos","tag-colectivos","tag-concejal-teran"],"_links":{"self":[{"href":"https:\/\/cafeprensa.com.ar\/index.php\/wp-json\/wp\/v2\/posts\/16492","targetHints":{"allow":["GET"]}}],"collection":[{"href":"https:\/\/cafeprensa.com.ar\/index.php\/wp-json\/wp\/v2\/posts"}],"about":[{"href":"https:\/\/cafeprensa.com.ar\/index.php\/wp-json\/wp\/v2\/types\/post"}],"author":[{"embeddable":true,"href":"https:\/\/cafeprensa.com.ar\/index.php\/wp-json\/wp\/v2\/users\/2"}],"replies":[{"embeddable":true,"href":"https:\/\/cafeprensa.com.ar\/index.php\/wp-json\/wp\/v2\/comments?post=16492"}],"version-history":[{"count":1,"href":"https:\/\/cafeprensa.com.ar\/index.php\/wp-json\/wp\/v2\/posts\/16492\/revisions"}],"predecessor-version":[{"id":16494,"href":"https:\/\/cafeprensa.com.ar\/index.php\/wp-json\/wp\/v2\/posts\/16492\/revisions\/16494"}],"wp:featuredmedia":[{"embeddable":true,"href":"https:\/\/cafeprensa.com.ar\/index.php\/wp-json\/wp\/v2\/media\/16493"}],"wp:attachment":[{"href":"https:\/\/cafeprensa.com.ar\/index.php\/wp-json\/wp\/v2\/media?parent=16492"}],"wp:term":[{"taxonomy":"category","embeddable":true,"href":"https:\/\/cafeprensa.com.ar\/index.php\/wp-json\/wp\/v2\/categories?post=16492"},{"taxonomy":"post_tag","embeddable":true,"href":"https:\/\/cafeprensa.com.ar\/index.php\/wp-json\/wp\/v2\/tags?post=16492"}],"curies":[{"name":"wp","href":"https:\/\/api.w.org\/{rel}","templated":true}]}}