{"id":16501,"date":"2026-04-28T20:20:48","date_gmt":"2026-04-28T23:20:48","guid":{"rendered":"https:\/\/cafeprensa.com.ar\/?p=16501"},"modified":"2026-04-28T20:20:48","modified_gmt":"2026-04-28T23:20:48","slug":"hicieron-del-estado-un-arbol-genealogico","status":"publish","type":"post","link":"https:\/\/cafeprensa.com.ar\/index.php\/2026\/04\/28\/hicieron-del-estado-un-arbol-genealogico\/","title":{"rendered":"\u201cHicieron del Estado un \u00e1rbol geneal\u00f3gico\u201d"},"content":{"rendered":"<div class=\"the-post-header s-head-modern s-head-modern-a\">\n<div class=\"post-meta post-meta-a post-meta-left post-meta-single has-below\"><\/div>\n<\/div>\n<div class=\"the-post s-post-modern\">\n<article id=\"post-76643\" class=\"post-76643 post type-post status-publish format-standard has-post-thumbnail category-politica\">\n<div class=\"post-content-wrap has-share-float\">\n<div class=\"post-content cf entry-content content-spacious\">\n<h6 data-start=\"0\" data-end=\"407\">El cruce pol\u00edtico en\u00a0<span class=\"hover:entity-accent entity-underline inline cursor-pointer align-baseline\"><span class=\"whitespace-normal\">Tucum\u00e1n<\/span><\/span>\u00a0sum\u00f3 un nuevo cap\u00edtulo luego de que el concejal de Yerba Buena por\u00a0<span class=\"hover:entity-accent entity-underline inline cursor-pointer align-baseline\"><span class=\"whitespace-normal\">La Libertad Avanza<\/span><\/span>,\u00a0<span class=\"hover:entity-accent entity-underline inline cursor-pointer align-baseline\"><span class=\"whitespace-normal\">\u00c1lvaro Apud<\/span><\/span>, respondiera p\u00fablicamente a la legisladora\u00a0<span class=\"hover:entity-accent entity-underline inline cursor-pointer align-baseline\"><span class=\"whitespace-normal\">Carolina Vargas Aignasse<\/span><\/span>\u00a0en el marco de la pol\u00e9mica con el presidente del espacio libertario en la provincia,\u00a0<span class=\"hover:entity-accent entity-underline inline cursor-pointer align-baseline\"><span class=\"whitespace-normal\">Lisandro Catal\u00e1n<\/span><\/span>.<img loading=\"lazy\" decoding=\"async\" class=\"alignnone wp-image-16424 size-large\" src=\"https:\/\/cafeprensa.com.ar\/wp-content\/uploads\/2026\/04\/IMG-20260404-WA0022-2-1024x256.jpg\" alt=\"\" width=\"1024\" height=\"256\" srcset=\"https:\/\/cafeprensa.com.ar\/wp-content\/uploads\/2026\/04\/IMG-20260404-WA0022-2-1024x256.jpg 1024w, https:\/\/cafeprensa.com.ar\/wp-content\/uploads\/2026\/04\/IMG-20260404-WA0022-2-300x75.jpg 300w, https:\/\/cafeprensa.com.ar\/wp-content\/uploads\/2026\/04\/IMG-20260404-WA0022-2-768x192.jpg 768w, https:\/\/cafeprensa.com.ar\/wp-content\/uploads\/2026\/04\/IMG-20260404-WA0022-2-1536x384.jpg 1536w, https:\/\/cafeprensa.com.ar\/wp-content\/uploads\/2026\/04\/IMG-20260404-WA0022-2-2048x512.jpg 2048w\" sizes=\"auto, (max-width: 1024px) 100vw, 1024px\" \/><\/h6>\n<p data-start=\"409\" data-end=\"778\">A trav\u00e9s de redes sociales, Apud cuestion\u00f3 los dichos de Vargas Aignasse, quien hab\u00eda defendido la gesti\u00f3n del gobernador\u00a0<span class=\"hover:entity-accent entity-underline inline cursor-pointer align-baseline\"><span class=\"whitespace-normal\">Osvaldo Jaldo<\/span><\/span>\u00a0y criticado a Catal\u00e1n.<\/p>\n<p data-start=\"409\" data-end=\"778\"><strong>En su mensaje, el concejal puso el foco en el concepto de \u201chacerse cargo\u201d planteado por la legisladora y lo vincul\u00f3 con la permanencia de determinados apellidos en la estructura estatal.<img loading=\"lazy\" decoding=\"async\" class=\"alignnone wp-image-16420 size-large\" src=\"https:\/\/cafeprensa.com.ar\/wp-content\/uploads\/2026\/04\/713bfa9a7c7a883ab9b795e51dc56f23-2-1024x288.webp\" alt=\"\" width=\"1024\" height=\"288\" srcset=\"https:\/\/cafeprensa.com.ar\/wp-content\/uploads\/2026\/04\/713bfa9a7c7a883ab9b795e51dc56f23-2-1024x288.webp 1024w, https:\/\/cafeprensa.com.ar\/wp-content\/uploads\/2026\/04\/713bfa9a7c7a883ab9b795e51dc56f23-2-300x84.webp 300w, https:\/\/cafeprensa.com.ar\/wp-content\/uploads\/2026\/04\/713bfa9a7c7a883ab9b795e51dc56f23-2-768x216.webp 768w, https:\/\/cafeprensa.com.ar\/wp-content\/uploads\/2026\/04\/713bfa9a7c7a883ab9b795e51dc56f23-2-1536x432.webp 1536w, https:\/\/cafeprensa.com.ar\/wp-content\/uploads\/2026\/04\/713bfa9a7c7a883ab9b795e51dc56f23-2-2048x576.webp 2048w\" sizes=\"auto, (max-width: 1024px) 100vw, 1024px\" \/><\/strong><\/p>\n<p data-start=\"780\" data-end=\"1073\">\u201cQu\u00e9 bueno que hablen de \u2018hacerse cargo\u2019 desde una familia que hizo del Estado un \u00e1rbol geneal\u00f3gico\u201d, expres\u00f3 Apud. En la misma l\u00ednea, cuestion\u00f3 lo que defini\u00f3 como una continuidad de esquemas pol\u00edticos en la provincia y plante\u00f3 interrogantes sobre el funcionamiento del sistema institucional.<\/p>\n<p data-start=\"1075\" data-end=\"1385\"><strong>Adem\u00e1s, el edil hizo referencia al plano electoral al retomar uno de los argumentos de Vargas Aignasse. \u201cSi est\u00e1n tan seguros de que gan\u00f3 incluso con boleta \u00fanica, \u00bfpor qu\u00e9 tanto rechazo a discutir cambios en el sistema?\u201d, se\u00f1al\u00f3, al tiempo que plante\u00f3 la necesidad de avanzar hacia reglas \u201cm\u00e1s transparentes\u201d.<\/strong><\/p>\n<p data-start=\"1387\" data-end=\"1529\">El mensaje concluy\u00f3 con una proyecci\u00f3n pol\u00edtica hacia los pr\u00f3ximos a\u00f1os: \u201cNos vemos en 2027, pero esta vez sin privilegios heredados\u201d, afirm\u00f3.<img loading=\"lazy\" decoding=\"async\" class=\"alignnone wp-image-16423 size-large\" src=\"https:\/\/cafeprensa.com.ar\/wp-content\/uploads\/2026\/04\/IMG-20260331-WA0033-1-1024x256.jpg\" alt=\"\" width=\"1024\" height=\"256\" srcset=\"https:\/\/cafeprensa.com.ar\/wp-content\/uploads\/2026\/04\/IMG-20260331-WA0033-1-1024x256.jpg 1024w, https:\/\/cafeprensa.com.ar\/wp-content\/uploads\/2026\/04\/IMG-20260331-WA0033-1-300x75.jpg 300w, https:\/\/cafeprensa.com.ar\/wp-content\/uploads\/2026\/04\/IMG-20260331-WA0033-1-768x192.jpg 768w, https:\/\/cafeprensa.com.ar\/wp-content\/uploads\/2026\/04\/IMG-20260331-WA0033-1-1536x384.jpg 1536w, https:\/\/cafeprensa.com.ar\/wp-content\/uploads\/2026\/04\/IMG-20260331-WA0033-1.jpg 1584w\" sizes=\"auto, (max-width: 1024px) 100vw, 1024px\" \/><\/p>\n<p data-start=\"1531\" data-end=\"1831\"><strong>La intervenci\u00f3n de Apud se inscribe en una escalada de declaraciones entre dirigentes del oficialismo provincial y referentes de La Libertad Avanza, que en las \u00faltimas semanas intensificaron sus cuestionamientos a la gesti\u00f3n local y promovieron el debate sobre reformas institucionales y electorales.<\/strong><\/p>\n<p data-start=\"1833\" data-end=\"2089\" data-is-last-node=\"\" data-is-only-node=\"\">En ese contexto, el espacio libertario en Tucum\u00e1n viene consolidando un discurso centrado en la transparencia, la alternancia y la revisi\u00f3n de estructuras pol\u00edticas de larga data, posicion\u00e1ndose como una de las principales voces opositoras en la provincia.<img loading=\"lazy\" decoding=\"async\" class=\"alignnone wp-image-16447 size-full\" src=\"https:\/\/cafeprensa.com.ar\/wp-content\/uploads\/2026\/04\/Screenshot_20260422_105453_WhatsApp-1-1024x589-1.jpg\" alt=\"\" width=\"1024\" height=\"589\" srcset=\"https:\/\/cafeprensa.com.ar\/wp-content\/uploads\/2026\/04\/Screenshot_20260422_105453_WhatsApp-1-1024x589-1.jpg 1024w, https:\/\/cafeprensa.com.ar\/wp-content\/uploads\/2026\/04\/Screenshot_20260422_105453_WhatsApp-1-1024x589-1-300x173.jpg 300w, https:\/\/cafeprensa.com.ar\/wp-content\/uploads\/2026\/04\/Screenshot_20260422_105453_WhatsApp-1-1024x589-1-768x442.jpg 768w\" sizes=\"auto, (max-width: 1024px) 100vw, 1024px\" \/><\/p>\n<p data-start=\"1833\" data-end=\"2089\" data-is-last-node=\"\" data-is-only-node=\"\"><span style=\"font-size: 8pt;\"><strong>FUENTE: https:\/\/tucumandigital.com.ar\/2026\/04\/28\/apud-fulmino-a-vargas-aignasse-hicieron-del-estado-un-arbol-genealogico\/<\/strong><\/span><\/p>\n<\/div>\n<\/div>\n<\/article>\n<\/div>\n","protected":false},"excerpt":{"rendered":"<p>El cruce pol\u00edtico en\u00a0Tucum\u00e1n\u00a0sum\u00f3 un nuevo cap\u00edtulo luego de que el concejal de Yerba Buena por\u00a0La Libertad Avanza,\u00a0\u00c1lvaro Apud, respondiera p\u00fablicamente a la legisladora\u00a0Carolina Vargas Aignasse\u00a0en el marco de la pol\u00e9mica con el presidente del espacio libertario en la provincia,\u00a0Lisandro Catal\u00e1n. A trav\u00e9s de redes sociales, Apud cuestion\u00f3 los dichos de Vargas Aignasse, quien hab\u00eda &hellip;<\/p>\n","protected":false},"author":2,"featured_media":16502,"comment_status":"open","ping_status":"open","sticky":false,"template":"","format":"standard","meta":{"footnotes":""},"categories":[34,25],"tags":[1710],"class_list":["post-16501","post","type-post","status-publish","format-standard","has-post-thumbnail","hentry","category-locales","category-politica","tag-carolina-vargas-aignasse"],"_links":{"self":[{"href":"https:\/\/cafeprensa.com.ar\/index.php\/wp-json\/wp\/v2\/posts\/16501","targetHints":{"allow":["GET"]}}],"collection":[{"href":"https:\/\/cafeprensa.com.ar\/index.php\/wp-json\/wp\/v2\/posts"}],"about":[{"href":"https:\/\/cafeprensa.com.ar\/index.php\/wp-json\/wp\/v2\/types\/post"}],"author":[{"embeddable":true,"href":"https:\/\/cafeprensa.com.ar\/index.php\/wp-json\/wp\/v2\/users\/2"}],"replies":[{"embeddable":true,"href":"https:\/\/cafeprensa.com.ar\/index.php\/wp-json\/wp\/v2\/comments?post=16501"}],"version-history":[{"count":1,"href":"https:\/\/cafeprensa.com.ar\/index.php\/wp-json\/wp\/v2\/posts\/16501\/revisions"}],"predecessor-version":[{"id":16503,"href":"https:\/\/cafeprensa.com.ar\/index.php\/wp-json\/wp\/v2\/posts\/16501\/revisions\/16503"}],"wp:featuredmedia":[{"embeddable":true,"href":"https:\/\/cafeprensa.com.ar\/index.php\/wp-json\/wp\/v2\/media\/16502"}],"wp:attachment":[{"href":"https:\/\/cafeprensa.com.ar\/index.php\/wp-json\/wp\/v2\/media?parent=16501"}],"wp:term":[{"taxonomy":"category","embeddable":true,"href":"https:\/\/cafeprensa.com.ar\/index.php\/wp-json\/wp\/v2\/categories?post=16501"},{"taxonomy":"post_tag","embeddable":true,"href":"https:\/\/cafeprensa.com.ar\/index.php\/wp-json\/wp\/v2\/tags?post=16501"}],"curies":[{"name":"wp","href":"https:\/\/api.w.org\/{rel}","templated":true}]}}