{"id":16510,"date":"2026-04-29T08:01:56","date_gmt":"2026-04-29T11:01:56","guid":{"rendered":"https:\/\/cafeprensa.com.ar\/?p=16510"},"modified":"2026-04-29T08:01:56","modified_gmt":"2026-04-29T11:01:56","slug":"se-oficializo-otra-asistencia-de-2-000-millones-a-las-empresas-de-colectivos","status":"publish","type":"post","link":"https:\/\/cafeprensa.com.ar\/index.php\/2026\/04\/29\/se-oficializo-otra-asistencia-de-2-000-millones-a-las-empresas-de-colectivos\/","title":{"rendered":"Se oficializ\u00f3 otra asistencia de $2.000 millones a las empresas de colectivos"},"content":{"rendered":"<div class=\"space-y-3\">\n<div class=\"max-w-4xl\">\n<p class=\"__className_c59aa5 text-lg pt-2\">Un decreto que lleva la firma del gobernador Osvaldo Jaldo y fue publicado este martes en el Bolet\u00edn Oficial dispone el anticipo de esos recursos a los efectos de cubrir parte de los costos operativos de mayo. En abril se destinaron otros $ 5.000 millones en subsidios para sostener la actividad.<img loading=\"lazy\" decoding=\"async\" class=\"alignnone wp-image-16424 size-large\" src=\"https:\/\/cafeprensa.com.ar\/wp-content\/uploads\/2026\/04\/IMG-20260404-WA0022-2-1024x256.jpg\" alt=\"\" width=\"1024\" height=\"256\" srcset=\"https:\/\/cafeprensa.com.ar\/wp-content\/uploads\/2026\/04\/IMG-20260404-WA0022-2-1024x256.jpg 1024w, https:\/\/cafeprensa.com.ar\/wp-content\/uploads\/2026\/04\/IMG-20260404-WA0022-2-300x75.jpg 300w, https:\/\/cafeprensa.com.ar\/wp-content\/uploads\/2026\/04\/IMG-20260404-WA0022-2-768x192.jpg 768w, https:\/\/cafeprensa.com.ar\/wp-content\/uploads\/2026\/04\/IMG-20260404-WA0022-2-1536x384.jpg 1536w, https:\/\/cafeprensa.com.ar\/wp-content\/uploads\/2026\/04\/IMG-20260404-WA0022-2-2048x512.jpg 2048w\" sizes=\"auto, (max-width: 1024px) 100vw, 1024px\" \/><\/p>\n<div class=\"pt-3\"><\/div>\n<\/div>\n<\/div>\n<div class=\"flex flex-col md:flex-row mt-3 gap-4 relative\">\n<div class=\"grow md:w-[856px] relative\">\n<div class=\"md:flex md:items-start md:justify-between md:gap-8 relative \">\n<div class=\"sticky left-0 top-44\">\n<div class=\"flex flex-col items-center gap-2 p-2 bg-white\/80 backdrop-blur-sm rounded-full shadow-lg border border-gray-200\"><strong>En medio de la profunda crisis que atraviesa el sistema de transporte p\u00fablico de pasajeros en Tucum\u00e1n, el gobernador Osvaldo Jaldo\u00a0oficializ\u00f3 el otorgamiento de una asistencia extraordinaria de $ 2.000 millones, como anticipo de los subsidios de mayo, destinada a las empresas de colectivos \u201cprestatarias de jurisdicci\u00f3n provincial y municipal\u201d.<\/strong><\/div>\n<\/div>\n<div class=\"pb-7 font-thin\">\n<p class=\"text-lg\">La decisi\u00f3n se termin\u00f3 plasmando mediante el Decreto N\u00b0 733\/8, que fue publicado este 28 de abril en el Bolet\u00edn Oficial. En el instrumento, el <strong>Poder Ejecutivo deleg\u00f3 en la Secretar\u00eda de Estado de Transporte y Seguridad Vial<\/strong> la facultad de otorgar una compensaci\u00f3n econ\u00f3mica a las compa\u00f1\u00edas nucleadas en la Asociaci\u00f3n de Empresarios del <strong>Transporte Automotor de Tucum\u00e1n (AETAT).<img loading=\"lazy\" decoding=\"async\" class=\"alignnone wp-image-16462 size-large\" src=\"https:\/\/cafeprensa.com.ar\/wp-content\/uploads\/2026\/04\/img3-1024x288.webp\" alt=\"\" width=\"1024\" height=\"288\" srcset=\"https:\/\/cafeprensa.com.ar\/wp-content\/uploads\/2026\/04\/img3-1024x288.webp 1024w, https:\/\/cafeprensa.com.ar\/wp-content\/uploads\/2026\/04\/img3-300x84.webp 300w, https:\/\/cafeprensa.com.ar\/wp-content\/uploads\/2026\/04\/img3-768x216.webp 768w, https:\/\/cafeprensa.com.ar\/wp-content\/uploads\/2026\/04\/img3-1536x432.webp 1536w, https:\/\/cafeprensa.com.ar\/wp-content\/uploads\/2026\/04\/img3-2048x576.webp 2048w\" sizes=\"auto, (max-width: 1024px) 100vw, 1024px\" \/><\/strong><\/p>\n<p class=\"text-lg\"><strong>Seg\u00fan el decreto, el aporte ser\u00e1 otorgado como \u201cpago a cuenta del mes de mayo de 2026\u201d y busca sostener la prestaci\u00f3n del servicio en un contexto que el propio decreto describe como cr\u00edtico para el sector.<\/strong><\/p>\n<p class=\"text-lg\">La decisi\u00f3n se enmarca en la emergencia del transporte p\u00fablico que rige en Tucum\u00e1n y que Jaldo decidi\u00f3 extender hasta 2028 \u201cya que persisten e incluso se agravaron los problemas que motivaron originalmente las medidas de excepci\u00f3n\u201d, conforme establece el DNU que el Poder Ejecutivo gir\u00f3 la semana pasada a la Legislatura para su pronto tratamiento.<img loading=\"lazy\" decoding=\"async\" class=\"alignnone wp-image-16423 size-large\" src=\"https:\/\/cafeprensa.com.ar\/wp-content\/uploads\/2026\/04\/IMG-20260331-WA0033-1-1024x256.jpg\" alt=\"\" width=\"1024\" height=\"256\" srcset=\"https:\/\/cafeprensa.com.ar\/wp-content\/uploads\/2026\/04\/IMG-20260331-WA0033-1-1024x256.jpg 1024w, https:\/\/cafeprensa.com.ar\/wp-content\/uploads\/2026\/04\/IMG-20260331-WA0033-1-300x75.jpg 300w, https:\/\/cafeprensa.com.ar\/wp-content\/uploads\/2026\/04\/IMG-20260331-WA0033-1-768x192.jpg 768w, https:\/\/cafeprensa.com.ar\/wp-content\/uploads\/2026\/04\/IMG-20260331-WA0033-1-1536x384.jpg 1536w, https:\/\/cafeprensa.com.ar\/wp-content\/uploads\/2026\/04\/IMG-20260331-WA0033-1.jpg 1584w\" sizes=\"auto, (max-width: 1024px) 100vw, 1024px\" \/><\/p>\n<p class=\"text-lg\"><strong>En los fundamentos del decreto, el Gobierno reconoce que el sistema de transporte en colectivos enfrenta serias dificultades econ\u00f3micas, producto del incremento sostenido de los costos operativos. Entre los factores mencionados se encuentran la suba en los precios de insumos, repuestos, reparaciones, servicios de terceros y el costo laboral.<\/strong><\/p>\n<p class=\"text-lg\">Seg\u00fan el Ejecutivo, el objetivo del aporte es \u201cgarantizar el acceso de la poblaci\u00f3n al servicio\u201d, considerado una prestaci\u00f3n obligatoria para la satisfacci\u00f3n de necesidades colectivas esenciales. De acuerdo con el instrumento difundido este martes, la asistencia econ\u00f3mica ser\u00e1 distribuida entre las distintas empresas prestatarias de acuerdo con los criterios establecidos por la ley de emergencia, que fija los par\u00e1metros para el reparto de compensaciones dentro del sistema.<\/p>\n<p><img decoding=\"async\" class=\"max-w-full h-auto object-contain\" title=\"gt5sks1zeacdyrcmvez9.jpg\" src=\"https:\/\/res.cloudinary.com\/dut4yhfgk\/image\/upload\/v1777402796\/Noticias\/general\/imagen-contenido\/content\/content-image-gt5sks1z-1777402795754.jpg\" alt=\"gt5sks1zeacdyrcmvez9.jpg\" \/><\/p>\n<p class=\"text-lg\"><strong>El adelanto de fondos vuelve a poner en evidencia la delicada situaci\u00f3n del transporte de \u00f3mnibus en Tucum\u00e1n, un sistema que en los \u00faltimos a\u00f1os qued\u00f3 fuertemente condicionado por la ca\u00edda de los subsidios nacionales, una fuerte merma en la venta de pasajes y el aumento de los costos de funcionamiento.<\/strong><\/p>\n<p class=\"text-lg\">En ese escenario, la Provincia viene sosteniendo el servicio mediante inyecciones peri\u00f3dicas de fondos p\u00fablicos, con el argumento de evitar un deterioro mayor del sistema y garantizar la continuidad de los recorridos que utilizan miles de usuarios a diario en la capital y el interior.<\/p>\n<blockquote><p><span style=\"font-size: 14pt;\"><strong>Otros $ 5.000 millones en abril<\/strong><\/span><\/p><\/blockquote>\n<p class=\"text-lg\"><strong>La asistencia por $ 2.000 millones oficializada este martes se suma a un aporte por $ 4.900 millones que el Gobierno provincial otorg\u00f3, por decreto, para aliviar la situaci\u00f3n de las empresas de colectivos en abril. En esa oportunidad, la medida qued\u00f3 formalizada mediante el Decreto N\u00b0 667\/8 del Ministerio de Obras, Infraestructura y Transporte P\u00fablico, que fue publicado el 20 del mes en curso en el Bolet\u00edn Oficial.<img loading=\"lazy\" decoding=\"async\" class=\"alignnone wp-image-16447 size-full\" src=\"https:\/\/cafeprensa.com.ar\/wp-content\/uploads\/2026\/04\/Screenshot_20260422_105453_WhatsApp-1-1024x589-1.jpg\" alt=\"\" width=\"1024\" height=\"589\" srcset=\"https:\/\/cafeprensa.com.ar\/wp-content\/uploads\/2026\/04\/Screenshot_20260422_105453_WhatsApp-1-1024x589-1.jpg 1024w, https:\/\/cafeprensa.com.ar\/wp-content\/uploads\/2026\/04\/Screenshot_20260422_105453_WhatsApp-1-1024x589-1-300x173.jpg 300w, https:\/\/cafeprensa.com.ar\/wp-content\/uploads\/2026\/04\/Screenshot_20260422_105453_WhatsApp-1-1024x589-1-768x442.jpg 768w\" sizes=\"auto, (max-width: 1024px) 100vw, 1024px\" \/><\/strong><\/p>\n<\/div>\n<\/div>\n<\/div>\n<\/div>\n","protected":false},"excerpt":{"rendered":"<p>Un decreto que lleva la firma del gobernador Osvaldo Jaldo y fue publicado este martes en el Bolet\u00edn Oficial dispone el anticipo de esos recursos a los efectos de cubrir parte de los costos operativos de mayo. En abril se destinaron otros $ 5.000 millones en subsidios para sostener la actividad. En medio de la &hellip;<\/p>\n","protected":false},"author":2,"featured_media":16511,"comment_status":"open","ping_status":"open","sticky":false,"template":"","format":"standard","meta":{"footnotes":""},"categories":[28,34],"tags":[97,98,94],"class_list":["post-16510","post","type-post","status-publish","format-standard","has-post-thumbnail","hentry","category-economia","category-locales","tag-aetat","tag-berreta","tag-jaldo"],"_links":{"self":[{"href":"https:\/\/cafeprensa.com.ar\/index.php\/wp-json\/wp\/v2\/posts\/16510","targetHints":{"allow":["GET"]}}],"collection":[{"href":"https:\/\/cafeprensa.com.ar\/index.php\/wp-json\/wp\/v2\/posts"}],"about":[{"href":"https:\/\/cafeprensa.com.ar\/index.php\/wp-json\/wp\/v2\/types\/post"}],"author":[{"embeddable":true,"href":"https:\/\/cafeprensa.com.ar\/index.php\/wp-json\/wp\/v2\/users\/2"}],"replies":[{"embeddable":true,"href":"https:\/\/cafeprensa.com.ar\/index.php\/wp-json\/wp\/v2\/comments?post=16510"}],"version-history":[{"count":1,"href":"https:\/\/cafeprensa.com.ar\/index.php\/wp-json\/wp\/v2\/posts\/16510\/revisions"}],"predecessor-version":[{"id":16512,"href":"https:\/\/cafeprensa.com.ar\/index.php\/wp-json\/wp\/v2\/posts\/16510\/revisions\/16512"}],"wp:featuredmedia":[{"embeddable":true,"href":"https:\/\/cafeprensa.com.ar\/index.php\/wp-json\/wp\/v2\/media\/16511"}],"wp:attachment":[{"href":"https:\/\/cafeprensa.com.ar\/index.php\/wp-json\/wp\/v2\/media?parent=16510"}],"wp:term":[{"taxonomy":"category","embeddable":true,"href":"https:\/\/cafeprensa.com.ar\/index.php\/wp-json\/wp\/v2\/categories?post=16510"},{"taxonomy":"post_tag","embeddable":true,"href":"https:\/\/cafeprensa.com.ar\/index.php\/wp-json\/wp\/v2\/tags?post=16510"}],"curies":[{"name":"wp","href":"https:\/\/api.w.org\/{rel}","templated":true}]}}