{"id":16513,"date":"2026-04-29T08:12:59","date_gmt":"2026-04-29T11:12:59","guid":{"rendered":"https:\/\/cafeprensa.com.ar\/?p=16513"},"modified":"2026-04-29T08:12:59","modified_gmt":"2026-04-29T11:12:59","slug":"graneros-vecinos-buscaron-dialogar-con-la-intendenta-a-la-salida-de-una-misa","status":"publish","type":"post","link":"https:\/\/cafeprensa.com.ar\/index.php\/2026\/04\/29\/graneros-vecinos-buscaron-dialogar-con-la-intendenta-a-la-salida-de-una-misa\/","title":{"rendered":"Graneros: vecinos buscaron dialogar con la intendenta a la salida de una misa"},"content":{"rendered":"<div class=\"space-y-3\">\n<div class=\"max-w-4xl\">\n<p class=\"__className_c59aa5 text-lg pt-2\"><strong>La imposibilidad de acercarse a la jefa municipal deriv\u00f3 en tensi\u00f3n en el lugar y en una r\u00e1pida respuesta de dirigentes del peronismo tucumano. <\/strong>Un episodio de alta tensi\u00f3n pol\u00edtica se registr\u00f3 en la ciudad de Graneros, donde un grupo de vecinos intent\u00f3 acercarse a la intendenta\u00a0<strong>Raquel Graneros<\/strong> a la salida de una misa, en medio de reclamos por las consecuencias de recientes inundaciones.<\/p>\n<hr \/>\n<p class=\"__className_c59aa5 text-lg pt-2\"><img loading=\"lazy\" decoding=\"async\" class=\"alignnone wp-image-16424 size-large\" src=\"https:\/\/cafeprensa.com.ar\/wp-content\/uploads\/2026\/04\/IMG-20260404-WA0022-2-1024x256.jpg\" alt=\"\" width=\"1024\" height=\"256\" srcset=\"https:\/\/cafeprensa.com.ar\/wp-content\/uploads\/2026\/04\/IMG-20260404-WA0022-2-1024x256.jpg 1024w, https:\/\/cafeprensa.com.ar\/wp-content\/uploads\/2026\/04\/IMG-20260404-WA0022-2-300x75.jpg 300w, https:\/\/cafeprensa.com.ar\/wp-content\/uploads\/2026\/04\/IMG-20260404-WA0022-2-768x192.jpg 768w, https:\/\/cafeprensa.com.ar\/wp-content\/uploads\/2026\/04\/IMG-20260404-WA0022-2-1536x384.jpg 1536w, https:\/\/cafeprensa.com.ar\/wp-content\/uploads\/2026\/04\/IMG-20260404-WA0022-2-2048x512.jpg 2048w\" sizes=\"auto, (max-width: 1024px) 100vw, 1024px\" \/><\/p>\n<\/div>\n<\/div>\n<div class=\"flex flex-col md:flex-row mt-3 gap-4 relative\">\n<div class=\"grow md:w-[856px] relative\">\n<div class=\"md:flex md:items-start md:justify-between md:gap-8 relative \">\n<div class=\"pb-7 font-thin\">\n<p class=\"text-lg\"><strong>Seg\u00fan relataron testigos, los vecinos buscaban entregarle una nota para exigir respuestas tras haber perdido pertenencias, pero efectivos policiales impidieron el acercamiento, lo que deriv\u00f3 en momentos de tensi\u00f3n y denuncias por malos tratos.<\/strong><\/p>\n<p class=\"text-lg\">El hecho, que r\u00e1pidamente se viraliz\u00f3 en redes sociales, cont\u00f3 con la presencia de militantes vinculados a La Libertad Avanza, entre ellos el influencer\u00a0<strong>Aron Flores<\/strong>, quien protagoniz\u00f3 cruces con la Polic\u00eda al intentar interceder para que los vecinos pudieran dialogar con la jefa municipal.<\/p>\n<hr \/>\n<p class=\"text-lg\"><img loading=\"lazy\" decoding=\"async\" class=\"alignnone wp-image-16420 size-large\" src=\"https:\/\/cafeprensa.com.ar\/wp-content\/uploads\/2026\/04\/713bfa9a7c7a883ab9b795e51dc56f23-2-1024x288.webp\" alt=\"\" width=\"1024\" height=\"288\" srcset=\"https:\/\/cafeprensa.com.ar\/wp-content\/uploads\/2026\/04\/713bfa9a7c7a883ab9b795e51dc56f23-2-1024x288.webp 1024w, https:\/\/cafeprensa.com.ar\/wp-content\/uploads\/2026\/04\/713bfa9a7c7a883ab9b795e51dc56f23-2-300x84.webp 300w, https:\/\/cafeprensa.com.ar\/wp-content\/uploads\/2026\/04\/713bfa9a7c7a883ab9b795e51dc56f23-2-768x216.webp 768w, https:\/\/cafeprensa.com.ar\/wp-content\/uploads\/2026\/04\/713bfa9a7c7a883ab9b795e51dc56f23-2-1536x432.webp 1536w, https:\/\/cafeprensa.com.ar\/wp-content\/uploads\/2026\/04\/713bfa9a7c7a883ab9b795e51dc56f23-2-2048x576.webp 2048w\" sizes=\"auto, (max-width: 1024px) 100vw, 1024px\" \/><\/p>\n<p class=\"text-lg\"><strong>\u201cEra la \u00fanica posibilidad de hablar con la intendenta, no la encontramos en le municipio nunca, est\u00e1 en la ciudad donde vive o Taf\u00ed del Valle\u201d, expres\u00f3 una de las vecinas presentes, al se\u00f1alar dificultades previas para acceder a la funcionaria.<\/strong><\/p>\n<div class=\"social-media-preview-wrapper instagram-preview\">\n<div><img loading=\"lazy\" decoding=\"async\" class=\"object-cover social-preview-image\" src=\"https:\/\/res.cloudinary.com\/dut4yhfgk\/image\/upload\/v1777459184\/social-preview-custom\/preview-1777459183760.jpg\" alt=\"A post shared by TDN (@tendenciadenoticias)\" width=\"400\" height=\"300\" \/><\/p>\n<p class=\"text-lg social-preview-description\"><strong>Vecinos intentaron entregarle una nota a la intendenta y la Polic\u00eda les impidi\u00f3 acercarse Un grupo de vecinos de Graneros se acerc\u00f3 hasta la puerta de una iglesia donde se encontraba la intendenta Raquel Graneros, con la intenci\u00f3n de entregarle una nota y pedirle respuestas tras haber perdido gran parte de sus pertenencias por las inundaciones<\/strong>.<\/p>\n<p class=\"text-lg social-preview-description\">Al enterarse de su presencia, vecinos damnificados se concentraron en el lugar junto a militantes de La Libertad Avanza. Sin embargo, efectivos policiales impidieron que pudieran acercarse para dialogar con la mandataria. Seg\u00fan relataron los presentes, hubo malos tratos por parte de la Polic\u00eda y se vivieron momentos de tensi\u00f3n en el lugar. #TendenciaDeNoticias #Tucuman #Graneros #RaquelGraneros<\/p>\n<\/div>\n<div>www.instagram.com<a class=\"content-link social-preview-link\" href=\"https:\/\/www.instagram.com\/reel\/DXsvJdmDtpa\/?igsh=MTdybDEzM3dxczU3bg==\" target=\"_blank\" rel=\"noopener noreferrer\">Visitar enlace<\/a><\/div>\n<\/div>\n<p class=\"text-lg\"><strong>Desde el oficialismo local, la reacci\u00f3n fue inmediata. El Honorable Concejo Deliberante de Graneros emiti\u00f3 un comunicado en el que repudi\u00f3 el episodio y cuestion\u00f3 que un momento de car\u00e1cter \u00edntimo haya sido utilizado para manifestaciones pol\u00edticas. <\/strong>\u201cLas diferencias deben canalizarse por v\u00edas institucionales y no mediante actitudes de hostigamiento, menos a\u00fan en circunstancias de dolor\u201d, se\u00f1alaron desde el cuerpo legislativo municipal.<\/p>\n<hr \/>\n<p class=\"text-lg\"><img loading=\"lazy\" decoding=\"async\" class=\"alignnone wp-image-16119 size-large\" src=\"https:\/\/cafeprensa.com.ar\/wp-content\/uploads\/2026\/04\/IMG-20260331-WA0033-1024x256.jpg\" alt=\"\" width=\"1024\" height=\"256\" srcset=\"https:\/\/cafeprensa.com.ar\/wp-content\/uploads\/2026\/04\/IMG-20260331-WA0033-1024x256.jpg 1024w, https:\/\/cafeprensa.com.ar\/wp-content\/uploads\/2026\/04\/IMG-20260331-WA0033-300x75.jpg 300w, https:\/\/cafeprensa.com.ar\/wp-content\/uploads\/2026\/04\/IMG-20260331-WA0033-768x192.jpg 768w, https:\/\/cafeprensa.com.ar\/wp-content\/uploads\/2026\/04\/IMG-20260331-WA0033-1536x384.jpg 1536w, https:\/\/cafeprensa.com.ar\/wp-content\/uploads\/2026\/04\/IMG-20260331-WA0033.jpg 1584w\" sizes=\"auto, (max-width: 1024px) 100vw, 1024px\" \/><\/p>\n<div class=\"social-media-preview-wrapper twitter-preview\">\n<div>\n<h3 class=\"social-preview-title\">Dario Monteros on X<\/h3>\n<\/div>\n<div><img loading=\"lazy\" decoding=\"async\" class=\"object-cover social-preview-image\" src=\"https:\/\/res.cloudinary.com\/dut4yhfgk\/image\/upload\/v1777459212\/social-preview-custom\/preview-1777459211691.png\" alt=\"Dario Monteros on X\" width=\"400\" height=\"300\" \/><\/p>\n<p class=\"text-lg social-preview-description\"><strong>En pol\u00edtica hay diferencias, hay debates y hay momentos de confrontaci\u00f3n. Eso es parte de la vida democr\u00e1tica. Pero hay l\u00edmites. Lo ocurrido en la ciudad Graneros, a la salida de una misa en memoria del primer mes del fallecimiento de un ser querido de la intendenta Raquel<\/strong><\/p>\n<\/div>\n<div>x.com<a class=\"content-link social-preview-link\" href=\"https:\/\/x.com\/DarioMonterosOK\/status\/2049310494297559515\" target=\"_blank\" rel=\"noopener noreferrer\">Visitar enlace<\/a><\/div>\n<\/div>\n<p class=\"text-lg\">En la misma l\u00ednea, el ministro del Interior, <strong>Dar\u00edo Monteros<\/strong>, public\u00f3 un mensaje en redes sociales en el que marc\u00f3 un l\u00edmite a la confrontaci\u00f3n pol\u00edtica. \u201cNo todo vale. Hay momentos que deben ser respetados\u201d, sostuvo, al solidarizarse con la intendenta y su familia.<\/p>\n<p class=\"text-lg\"><strong>El respaldo tambi\u00e9n lleg\u00f3 desde el bloque de intendentes justicialistas de Tucum\u00e1n, que difundieron un documento conjunto en defensa de Graneros. En el texto, advirtieron que \u201cel duelo y los espacios \u00edntimos deben ser respetados sin excepciones\u201d y alertaron sobre los riesgos de trasladar la disputa pol\u00edtica a \u00e1mbitos personales.<\/strong><\/p>\n<p><img decoding=\"async\" class=\"max-w-full h-auto object-contain\" title=\"WhatsApp Image 2026-04-29 at 7.05.53 AM.jpeg\" src=\"https:\/\/res.cloudinary.com\/dut4yhfgk\/image\/upload\/v1777459238\/Noticias\/general\/imagen-contenido\/content\/content-image-WhatsApp-1777459237822.jpg\" alt=\"WhatsApp Image 2026-04-29 at 7.05.53 AM.jpeg\" \/><\/p>\n<p class=\"text-lg\">Se intent\u00f3 contactar a la intendenta de Graneros para conocer su versi\u00f3n sobre lo ocurrido, pero no respondi\u00f3 a los llamados. No obstante, en sus redes sociales comparti\u00f3 los comunicados y mensajes de solidaridad recibidos tras el episodio.<img loading=\"lazy\" decoding=\"async\" class=\"alignnone wp-image-16447 size-full\" src=\"https:\/\/cafeprensa.com.ar\/wp-content\/uploads\/2026\/04\/Screenshot_20260422_105453_WhatsApp-1-1024x589-1.jpg\" alt=\"\" width=\"1024\" height=\"589\" srcset=\"https:\/\/cafeprensa.com.ar\/wp-content\/uploads\/2026\/04\/Screenshot_20260422_105453_WhatsApp-1-1024x589-1.jpg 1024w, https:\/\/cafeprensa.com.ar\/wp-content\/uploads\/2026\/04\/Screenshot_20260422_105453_WhatsApp-1-1024x589-1-300x173.jpg 300w, https:\/\/cafeprensa.com.ar\/wp-content\/uploads\/2026\/04\/Screenshot_20260422_105453_WhatsApp-1-1024x589-1-768x442.jpg 768w\" sizes=\"auto, (max-width: 1024px) 100vw, 1024px\" \/><\/p>\n<\/div>\n<\/div>\n<\/div>\n<\/div>\n","protected":false},"excerpt":{"rendered":"<p>La imposibilidad de acercarse a la jefa municipal deriv\u00f3 en tensi\u00f3n en el lugar y en una r\u00e1pida respuesta de dirigentes del peronismo tucumano. Un episodio de alta tensi\u00f3n pol\u00edtica se registr\u00f3 en la ciudad de Graneros, donde un grupo de vecinos intent\u00f3 acercarse a la intendenta\u00a0Raquel Graneros a la salida de una misa, en &hellip;<\/p>\n","protected":false},"author":2,"featured_media":16514,"comment_status":"open","ping_status":"open","sticky":false,"template":"","format":"standard","meta":{"footnotes":""},"categories":[34,25],"tags":[1452,644],"class_list":["post-16513","post","type-post","status-publish","format-standard","has-post-thumbnail","hentry","category-locales","category-politica","tag-graneros","tag-intendenta"],"_links":{"self":[{"href":"https:\/\/cafeprensa.com.ar\/index.php\/wp-json\/wp\/v2\/posts\/16513","targetHints":{"allow":["GET"]}}],"collection":[{"href":"https:\/\/cafeprensa.com.ar\/index.php\/wp-json\/wp\/v2\/posts"}],"about":[{"href":"https:\/\/cafeprensa.com.ar\/index.php\/wp-json\/wp\/v2\/types\/post"}],"author":[{"embeddable":true,"href":"https:\/\/cafeprensa.com.ar\/index.php\/wp-json\/wp\/v2\/users\/2"}],"replies":[{"embeddable":true,"href":"https:\/\/cafeprensa.com.ar\/index.php\/wp-json\/wp\/v2\/comments?post=16513"}],"version-history":[{"count":1,"href":"https:\/\/cafeprensa.com.ar\/index.php\/wp-json\/wp\/v2\/posts\/16513\/revisions"}],"predecessor-version":[{"id":16515,"href":"https:\/\/cafeprensa.com.ar\/index.php\/wp-json\/wp\/v2\/posts\/16513\/revisions\/16515"}],"wp:featuredmedia":[{"embeddable":true,"href":"https:\/\/cafeprensa.com.ar\/index.php\/wp-json\/wp\/v2\/media\/16514"}],"wp:attachment":[{"href":"https:\/\/cafeprensa.com.ar\/index.php\/wp-json\/wp\/v2\/media?parent=16513"}],"wp:term":[{"taxonomy":"category","embeddable":true,"href":"https:\/\/cafeprensa.com.ar\/index.php\/wp-json\/wp\/v2\/categories?post=16513"},{"taxonomy":"post_tag","embeddable":true,"href":"https:\/\/cafeprensa.com.ar\/index.php\/wp-json\/wp\/v2\/tags?post=16513"}],"curies":[{"name":"wp","href":"https:\/\/api.w.org\/{rel}","templated":true}]}}