{"id":16516,"date":"2026-04-29T08:29:21","date_gmt":"2026-04-29T11:29:21","guid":{"rendered":"https:\/\/cafeprensa.com.ar\/?p=16516"},"modified":"2026-04-29T08:29:21","modified_gmt":"2026-04-29T11:29:21","slug":"la-oposicion-volvio-a-presionar-por-las-concesiones-del-transporte-y-rechazo-discutir-otra-suba-del-boleto","status":"publish","type":"post","link":"https:\/\/cafeprensa.com.ar\/index.php\/2026\/04\/29\/la-oposicion-volvio-a-presionar-por-las-concesiones-del-transporte-y-rechazo-discutir-otra-suba-del-boleto\/","title":{"rendered":"La oposici\u00f3n volvi\u00f3 a presionar por las concesiones del transporte y rechaz\u00f3 discutir otra suba del boleto"},"content":{"rendered":"<div class=\"space-y-3\">\n<div class=\"max-w-4xl\">\n<p class=\"__className_c59aa5 text-lg pt-2\">Canelada y Cobos reclamaron en el Concejo Deliberante que el municipio remita los pliegos para licitar las 14 l\u00edneas urbanas.<\/p>\n<p class=\"__className_c59aa5 text-lg pt-2\"><strong>La crisis del transporte urbano volvi\u00f3 a colarse en el recinto del Concejo Deliberante. Durante la sesi\u00f3n extraordinaria de este martes, los concejales opositores Jos\u00e9 Mar\u00eda Canelada\u00a0y\u00a0Gustavo Cobos exhibieron carteles con la consigna \u201cEnv\u00eden los pliegos\u201d<\/strong> para reclamar que el Departamento Ejecutivo municipal remita de una vez los documentos necesarios para debatir las nuevas concesiones de las 14 l\u00edneas de colectivos de la capital.<\/p>\n<hr \/>\n<p class=\"__className_c59aa5 text-lg pt-2\"><strong><img loading=\"lazy\" decoding=\"async\" class=\"alignnone wp-image-16463 size-large\" src=\"https:\/\/cafeprensa.com.ar\/wp-content\/uploads\/2026\/04\/img4-1-1024x288.webp\" alt=\"\" width=\"1024\" height=\"288\" srcset=\"https:\/\/cafeprensa.com.ar\/wp-content\/uploads\/2026\/04\/img4-1-1024x288.webp 1024w, https:\/\/cafeprensa.com.ar\/wp-content\/uploads\/2026\/04\/img4-1-300x84.webp 300w, https:\/\/cafeprensa.com.ar\/wp-content\/uploads\/2026\/04\/img4-1-768x216.webp 768w, https:\/\/cafeprensa.com.ar\/wp-content\/uploads\/2026\/04\/img4-1-1536x432.webp 1536w, https:\/\/cafeprensa.com.ar\/wp-content\/uploads\/2026\/04\/img4-1-2048x576.webp 2048w\" sizes=\"auto, (max-width: 1024px) 100vw, 1024px\" \/><\/strong><\/p>\n<\/div>\n<\/div>\n<div class=\"flex flex-col md:flex-row mt-3 gap-4 relative\">\n<div class=\"grow md:w-[856px] relative\">\n<div class=\"md:flex md:items-start md:justify-between md:gap-8 relative \">\n<div class=\"pb-7 font-thin\">\n<p class=\"text-lg\">El planteo no fue casual. Llega en medio de un nuevo cap\u00edtulo de tensi\u00f3n por la situaci\u00f3n econ\u00f3mica del sistema y ante versiones de futuros pedidos de actualizaci\u00f3n tarifaria. Frente a ese escenario, ambos ediles marcaron una posici\u00f3n tajante: antes de discutir un nuevo incremento del boleto, exigen revisar de fondo el esquema de prestaci\u00f3n.<\/p>\n<p><img loading=\"lazy\" decoding=\"async\" class=\"alignnone size-medium wp-image-16517\" src=\"https:\/\/cafeprensa.com.ar\/wp-content\/uploads\/2026\/04\/IMG_0467-scaled-1-300x200.webp\" alt=\"\" width=\"300\" height=\"200\" srcset=\"https:\/\/cafeprensa.com.ar\/wp-content\/uploads\/2026\/04\/IMG_0467-scaled-1-300x200.webp 300w, https:\/\/cafeprensa.com.ar\/wp-content\/uploads\/2026\/04\/IMG_0467-scaled-1.webp 580w\" sizes=\"auto, (max-width: 300px) 100vw, 300px\" \/><\/p>\n<p class=\"text-lg\"><strong>\u201cQueremos que puedan presentarse empresarios que tengan vocaci\u00f3n, que quieran prestar un servicio de calidad. Necesitamos que este sea el centro del debate. No queremos m\u00e1s colectivos sucios, rotos, que no cumplen las frecuencias\u201d, se\u00f1alaron.<\/strong><\/p>\n<hr \/>\n<p class=\"text-lg\"><strong><img loading=\"lazy\" decoding=\"async\" class=\"alignnone wp-image-16424 size-large\" src=\"https:\/\/cafeprensa.com.ar\/wp-content\/uploads\/2026\/04\/IMG-20260404-WA0022-2-1024x256.jpg\" alt=\"\" width=\"1024\" height=\"256\" srcset=\"https:\/\/cafeprensa.com.ar\/wp-content\/uploads\/2026\/04\/IMG-20260404-WA0022-2-1024x256.jpg 1024w, https:\/\/cafeprensa.com.ar\/wp-content\/uploads\/2026\/04\/IMG-20260404-WA0022-2-300x75.jpg 300w, https:\/\/cafeprensa.com.ar\/wp-content\/uploads\/2026\/04\/IMG-20260404-WA0022-2-768x192.jpg 768w, https:\/\/cafeprensa.com.ar\/wp-content\/uploads\/2026\/04\/IMG-20260404-WA0022-2-1536x384.jpg 1536w, https:\/\/cafeprensa.com.ar\/wp-content\/uploads\/2026\/04\/IMG-20260404-WA0022-2-2048x512.jpg 2048w\" sizes=\"auto, (max-width: 1024px) 100vw, 1024px\" \/><\/strong><\/p>\n<p class=\"text-lg\">Desde la oposici\u00f3n recuerdan que el reclamo no es nuevo. Seg\u00fan remarcaron, vienen insistiendo desde 2024 con la necesidad de abrir la discusi\u00f3n por los pliegos licitatorios, un paso que consideran indispensable para ordenar un sistema que acumula quejas de usuarios por demoras, unidades deterioradas y recorridos insuficientes.<\/p>\n<p class=\"text-lg\"><strong>Canelada fue especialmente duro con la din\u00e1mica que suele repetirse cada vez que se agrava la ecuaci\u00f3n econ\u00f3mica del sector. \u201cEl debate debe dejar de darse de manera c\u00edclica, como una puesta en escena donde los empresarios vienen, nos dicen que est\u00e1n al punto de la quiebra, empiezan las amenazas de cortes de servicio y nos quieren llevar a discutir una suba\u201d, sostuvo.<\/strong><\/p>\n<p class=\"text-lg\">Y agreg\u00f3 una definici\u00f3n con fuerte tono pol\u00edtico: \u201cNo vamos a tolerar extorsiones para discutir un aumento del boleto, donde se le mete la mano en el bolsillo al usuario pero esto nunca se traduce en una mejora de servicio. Hay que debatir el servicio de transporte, no ponerle parches\u201d.<\/p>\n<hr \/>\n<p class=\"text-lg\"><img loading=\"lazy\" decoding=\"async\" class=\"alignnone wp-image-16423 size-large\" src=\"https:\/\/cafeprensa.com.ar\/wp-content\/uploads\/2026\/04\/IMG-20260331-WA0033-1-1024x256.jpg\" alt=\"\" width=\"1024\" height=\"256\" srcset=\"https:\/\/cafeprensa.com.ar\/wp-content\/uploads\/2026\/04\/IMG-20260331-WA0033-1-1024x256.jpg 1024w, https:\/\/cafeprensa.com.ar\/wp-content\/uploads\/2026\/04\/IMG-20260331-WA0033-1-300x75.jpg 300w, https:\/\/cafeprensa.com.ar\/wp-content\/uploads\/2026\/04\/IMG-20260331-WA0033-1-768x192.jpg 768w, https:\/\/cafeprensa.com.ar\/wp-content\/uploads\/2026\/04\/IMG-20260331-WA0033-1-1536x384.jpg 1536w, https:\/\/cafeprensa.com.ar\/wp-content\/uploads\/2026\/04\/IMG-20260331-WA0033-1.jpg 1584w\" sizes=\"auto, (max-width: 1024px) 100vw, 1024px\" \/><\/p>\n<p class=\"text-lg\"><strong>Cobos, en tanto, busc\u00f3 correr la discusi\u00f3n de lo meramente administrativo y explicar qu\u00e9 implica, en t\u00e9rminos concretos, avanzar con los pliegos. \u201cDiscutir los pliegos es decir qu\u00e9 tipo de colectivos queremos para cada una de las l\u00edneas, qu\u00e9 frecuencias tienen que cumplir, hasta qu\u00e9 hora tienen que circular, qu\u00e9 tipo de coches son los que necesitamos, qu\u00e9 barrios est\u00e1n conectados y cu\u00e1les no. Es discutir todo el servicio\u201d, afirm\u00f3.<\/strong><\/p>\n<p class=\"text-lg\">Para el edil, insistir solamente con aumentos tarifarios profundiza el deterioro del sistema. \u201cSeguir discutiendo aumento del boleto es seguir abonando a la muerte del transporte colectivo tucumano. Esto no se soluciona meti\u00e9ndole la mano en el bolsillo a este usuario, que se est\u00e1 bajando cada vez m\u00e1s del colectivo\u201d, advirti\u00f3.<\/p>\n<p class=\"text-lg\"><strong>La demora oficial en remitir los pliegos tambi\u00e9n fue cuestionada. Consultados sobre los motivos, los concejales evitaron especular, pero dejaron una cr\u00edtica directa al Ejecutivo municipal. \u201cEso debe responderlo el municipio. Lo que escuchamos p\u00fablicamente desde hace tres a\u00f1os es que los est\u00e1n estudiando\u201d, afirmaron.<\/strong><\/p>\n<p class=\"text-lg\">En el cierre, ambos ediles buscaron llevar el debate al terreno cotidiano de los pasajeros. \u201cEsta demora es un problema para cada uno de los vecinos que est\u00e1n cansados de viajar en colectivos en mal estado, donde se mueren de fr\u00edo en invierno, donde se mueren de calor en verano, que no cumplen las frecuencias, que te dejan a pie apenas oscurece\u201d, remarcaron.<img loading=\"lazy\" decoding=\"async\" class=\"alignnone wp-image-16447 size-full\" src=\"https:\/\/cafeprensa.com.ar\/wp-content\/uploads\/2026\/04\/Screenshot_20260422_105453_WhatsApp-1-1024x589-1.jpg\" alt=\"\" width=\"1024\" height=\"589\" srcset=\"https:\/\/cafeprensa.com.ar\/wp-content\/uploads\/2026\/04\/Screenshot_20260422_105453_WhatsApp-1-1024x589-1.jpg 1024w, https:\/\/cafeprensa.com.ar\/wp-content\/uploads\/2026\/04\/Screenshot_20260422_105453_WhatsApp-1-1024x589-1-300x173.jpg 300w, https:\/\/cafeprensa.com.ar\/wp-content\/uploads\/2026\/04\/Screenshot_20260422_105453_WhatsApp-1-1024x589-1-768x442.jpg 768w\" sizes=\"auto, (max-width: 1024px) 100vw, 1024px\" \/><\/p>\n<\/div>\n<\/div>\n<\/div>\n<\/div>\n","protected":false},"excerpt":{"rendered":"<p>Canelada y Cobos reclamaron en el Concejo Deliberante que el municipio remita los pliegos para licitar las 14 l\u00edneas urbanas. La crisis del transporte urbano volvi\u00f3 a colarse en el recinto del Concejo Deliberante. Durante la sesi\u00f3n extraordinaria de este martes, los concejales opositores Jos\u00e9 Mar\u00eda Canelada\u00a0y\u00a0Gustavo Cobos exhibieron carteles con la consigna \u201cEnv\u00eden los &hellip;<\/p>\n","protected":false},"author":2,"featured_media":16518,"comment_status":"open","ping_status":"open","sticky":false,"template":"","format":"standard","meta":{"footnotes":""},"categories":[1707,34],"tags":[3240,99,246],"class_list":["post-16516","post","type-post","status-publish","format-standard","has-post-thumbnail","hentry","category-concejales-de-tucuman","category-locales","tag-cobos-canelada","tag-colectivos","tag-municipalidad"],"_links":{"self":[{"href":"https:\/\/cafeprensa.com.ar\/index.php\/wp-json\/wp\/v2\/posts\/16516","targetHints":{"allow":["GET"]}}],"collection":[{"href":"https:\/\/cafeprensa.com.ar\/index.php\/wp-json\/wp\/v2\/posts"}],"about":[{"href":"https:\/\/cafeprensa.com.ar\/index.php\/wp-json\/wp\/v2\/types\/post"}],"author":[{"embeddable":true,"href":"https:\/\/cafeprensa.com.ar\/index.php\/wp-json\/wp\/v2\/users\/2"}],"replies":[{"embeddable":true,"href":"https:\/\/cafeprensa.com.ar\/index.php\/wp-json\/wp\/v2\/comments?post=16516"}],"version-history":[{"count":1,"href":"https:\/\/cafeprensa.com.ar\/index.php\/wp-json\/wp\/v2\/posts\/16516\/revisions"}],"predecessor-version":[{"id":16519,"href":"https:\/\/cafeprensa.com.ar\/index.php\/wp-json\/wp\/v2\/posts\/16516\/revisions\/16519"}],"wp:featuredmedia":[{"embeddable":true,"href":"https:\/\/cafeprensa.com.ar\/index.php\/wp-json\/wp\/v2\/media\/16518"}],"wp:attachment":[{"href":"https:\/\/cafeprensa.com.ar\/index.php\/wp-json\/wp\/v2\/media?parent=16516"}],"wp:term":[{"taxonomy":"category","embeddable":true,"href":"https:\/\/cafeprensa.com.ar\/index.php\/wp-json\/wp\/v2\/categories?post=16516"},{"taxonomy":"post_tag","embeddable":true,"href":"https:\/\/cafeprensa.com.ar\/index.php\/wp-json\/wp\/v2\/tags?post=16516"}],"curies":[{"name":"wp","href":"https:\/\/api.w.org\/{rel}","templated":true}]}}