{"id":16520,"date":"2026-04-29T08:47:05","date_gmt":"2026-04-29T11:47:05","guid":{"rendered":"https:\/\/cafeprensa.com.ar\/?p=16520"},"modified":"2026-04-29T08:47:05","modified_gmt":"2026-04-29T11:47:05","slug":"promueven-el-uso-de-energias-renovables-en-todos-los-edificios-publicos-de-santa-fe","status":"publish","type":"post","link":"https:\/\/cafeprensa.com.ar\/index.php\/2026\/04\/29\/promueven-el-uso-de-energias-renovables-en-todos-los-edificios-publicos-de-santa-fe\/","title":{"rendered":"Promueven el uso de energ\u00edas renovables en todos los edificios p\u00fablicos de Santa Fe"},"content":{"rendered":"<p class=\"fs-46 mb-4\"><span style=\"font-size: 16px; font-weight: 400;\">Es una iniciativa del <strong>legislador del FAS, Fabi\u00e1n Palo Oliver<\/strong>, que busca hacer masivo el uso de estas tecnolog\u00edas en la provincia. <\/span>La iniciativa del legislador del FAS promueve la obligatoriedad de energ\u00edas renovables en todos los edificios p\u00fablicos.<\/p>\n<hr \/>\n<p class=\"fs-46 mb-4\"><img loading=\"lazy\" decoding=\"async\" class=\"alignnone wp-image-16463 size-large\" src=\"https:\/\/cafeprensa.com.ar\/wp-content\/uploads\/2026\/04\/img4-1-1024x288.webp\" alt=\"\" width=\"1024\" height=\"288\" srcset=\"https:\/\/cafeprensa.com.ar\/wp-content\/uploads\/2026\/04\/img4-1-1024x288.webp 1024w, https:\/\/cafeprensa.com.ar\/wp-content\/uploads\/2026\/04\/img4-1-300x84.webp 300w, https:\/\/cafeprensa.com.ar\/wp-content\/uploads\/2026\/04\/img4-1-768x216.webp 768w, https:\/\/cafeprensa.com.ar\/wp-content\/uploads\/2026\/04\/img4-1-1536x432.webp 1536w, https:\/\/cafeprensa.com.ar\/wp-content\/uploads\/2026\/04\/img4-1-2048x576.webp 2048w\" sizes=\"auto, (max-width: 1024px) 100vw, 1024px\" \/><\/p>\n<div class=\"post-desarrollo fs-18 clearfix my-7\">\n<div>\n<p>En la provincia de Santa Fe presentaron un proyecto para establecer la<strong>\u00a0obligatoriedad de incorporar sistemas de generaci\u00f3n de energ\u00edas renovables en todas las nuevas edificaciones financiadas por el Estado provincial.<\/strong><\/p>\n<p>La iniciativa, impulsada en la Legislatura santafesina por el diputado del\u00a0<strong>Frente Amplio por la Soberan\u00eda (<a href=\"https:\/\/www.linkedin.com\/company\/frente-amplio-por-la-soberan%C3%ADa\/\">FAS<\/a>), Fabi\u00e1n Palo Oliver<\/strong>, da un paso m\u00e1s en las pol\u00edticas que busca instrumentar el gobierno santafesino, que se alista para lanzar una licitaci\u00f3n para proveer de soluciones de eficiencia energ\u00e9tica y fuentes de energ\u00eda renovables a edificios estrat\u00e9gicos como los aeropuertos de Sauce Viejo y Rosario, y los hospitales Cullen y Centenario.<\/p>\n<hr \/>\n<p><img loading=\"lazy\" decoding=\"async\" class=\"alignnone wp-image-16424 size-large\" src=\"https:\/\/cafeprensa.com.ar\/wp-content\/uploads\/2026\/04\/IMG-20260404-WA0022-2-1024x256.jpg\" alt=\"\" width=\"1024\" height=\"256\" srcset=\"https:\/\/cafeprensa.com.ar\/wp-content\/uploads\/2026\/04\/IMG-20260404-WA0022-2-1024x256.jpg 1024w, https:\/\/cafeprensa.com.ar\/wp-content\/uploads\/2026\/04\/IMG-20260404-WA0022-2-300x75.jpg 300w, https:\/\/cafeprensa.com.ar\/wp-content\/uploads\/2026\/04\/IMG-20260404-WA0022-2-768x192.jpg 768w, https:\/\/cafeprensa.com.ar\/wp-content\/uploads\/2026\/04\/IMG-20260404-WA0022-2-1536x384.jpg 1536w, https:\/\/cafeprensa.com.ar\/wp-content\/uploads\/2026\/04\/IMG-20260404-WA0022-2-2048x512.jpg 2048w\" sizes=\"auto, (max-width: 1024px) 100vw, 1024px\" \/><\/p>\n<p>El proyecto de ley es m\u00e1s amplio e\u00a0<strong>incluye espacios administrativos, escuelas, hospitales y centros de salud y viviendas sociales, as\u00ed como infraestructura p\u00fablica en general.<\/strong><\/p>\n<p><strong>\u201cLa incorporaci\u00f3n de energ\u00eda solar en edificios p\u00fablicos no s\u00f3lo disminuye el impacto ambiental, sino que tambi\u00e9n tiene un impacto fiscal, generando un ahorro a largo plazo\u201d<\/strong>, afirm\u00f3 Palo Oliver.<\/p>\n<hr \/>\n<p><img loading=\"lazy\" decoding=\"async\" class=\"alignnone wp-image-16426 size-full\" src=\"https:\/\/cafeprensa.com.ar\/wp-content\/uploads\/2026\/04\/publicidades.imagen.afdf453de9248d2c.aW1hZ2VuLmdpZg.gif\" alt=\"\" width=\"728\" height=\"90\" \/><\/p>\n<p><strong>La letra del proyecto de ley prioriza la incorporaci\u00f3n en las obras de energ\u00eda solar fotovoltaica y t\u00e9rmica, as\u00ed como otras tecnolog\u00edas con viabilidad t\u00e9cnica, al tiempo que especifica que \u201clos edificios alcanzados deber\u00e1n generar al menos un 30% de su consumo energ\u00e9tico estimado a partir de energ\u00edas renovables\u201d. <img loading=\"lazy\" decoding=\"async\" class=\"alignnone wp-image-16521 size-large\" src=\"https:\/\/cafeprensa.com.ar\/wp-content\/uploads\/2026\/04\/1579-1024x576.jpg\" alt=\"\" width=\"1024\" height=\"576\" srcset=\"https:\/\/cafeprensa.com.ar\/wp-content\/uploads\/2026\/04\/1579-1024x576.jpg 1024w, https:\/\/cafeprensa.com.ar\/wp-content\/uploads\/2026\/04\/1579-300x169.jpg 300w, https:\/\/cafeprensa.com.ar\/wp-content\/uploads\/2026\/04\/1579-768x432.jpg 768w, https:\/\/cafeprensa.com.ar\/wp-content\/uploads\/2026\/04\/1579-390x220.jpg 390w, https:\/\/cafeprensa.com.ar\/wp-content\/uploads\/2026\/04\/1579.jpg 1140w\" sizes=\"auto, (max-width: 1024px) 100vw, 1024px\" \/><\/strong><\/p>\n<p><strong>No s\u00f3lo cuidar el ambiente\u00a0<\/strong><\/p>\n<p>Los est\u00e1ndares t\u00e9cnicos, en tanto, correr\u00e1n por cuenta de la autoridad de aplicaci\u00f3n que ser\u00e1 designada por el Ejecutivo, adem\u00e1s de implementar mecanismos de sensibilizaci\u00f3n y capacitaci\u00f3n en energ\u00edas renovables de modo de promover adem\u00e1s a la industria local en el sector.<\/p>\n<p><strong>La iniciativa, se\u00f1ala Oliver, profundiza las pol\u00edticas ambientales que la gesti\u00f3n santafesina viene llevando mediante addendas y agrega que adem\u00e1s apunta a cuidar el gasto p\u00fablico, fomentar la innovaci\u00f3n tecnol\u00f3gica y el empleo verde.\u00a0<\/strong><\/p>\n<figure class=\"image\"><img loading=\"lazy\" decoding=\"async\" src=\"https:\/\/ecobiz.com.ar\/data\/img_cont\/ckeditor\/images\/palo.jpg\" alt=\"\" width=\"1280\" height=\"720\" \/><figcaption><span style=\"font-size: 8pt;\"><strong>\u00abLas energ\u00edas renovables son una herramienta para el desarrollo estrat\u00e9gico\u201d, plante\u00f3 Palo Oliver.<\/strong><\/span><\/figcaption><\/figure>\n<p><strong>En ese punto, el legislador del FAS hizo referencia al convenio que Santa Fe firm\u00f3 recientemente con la Agencia Francesa de Desarrollo (AFD) y la Green Climate Fund (GCF), un desembolso de 50 millones de euros que a partir de proyectos t\u00e9cnicos de la Subsecretar\u00eda \u00a0de Energ\u00edas Renovables y Eficiencia Energ\u00e9tica permitir\u00e1 adecuar edificios estrat\u00e9gicos y establecer metas de reducci\u00f3n de consumo de hasta el 40%.<\/strong><\/p>\n<p><strong>\u201cCon los diversos financiamientos obtenidos recientemente por el gobierno provincial, destinados a la ejecuci\u00f3n de proyectos estrat\u00e9gicos que se vinculan con la eficiencia energ\u00e9tica de edificios p\u00fablicos con la resiliencia clim\u00e1tica, est\u00e1 claro que el camino emprendido es el adecuado\u201d<\/strong>, dijo. Sin embargo, remarc\u00f3 tambi\u00e9n la necesidad de establecer pol\u00edticas que trasciendan las decisiones coyunturales.<\/p>\n<p><strong>\u201cEso se consigue mediante una ley que torne obligatoria la incorporaci\u00f3n de sistemas de generaci\u00f3n de energ\u00eda renovable\u201d, afirm\u00f3 Oliver y se refiri\u00f3 a un \u201ccambio de paradigma: pasar de edificios que consumen a edificios que tambi\u00e9n generan\u201d.\u00a0<\/strong><\/p>\n<p>Con una implementaci\u00f3n progresiva, la apuesta &#8211; como lo se\u00f1ala el diputado \u00a0en los fundamentos del proyecto &#8211; es hacer de las energ\u00edas renovables<strong>\u00a0\u201cuna herramienta para el desarrollo estrat\u00e9gico\u201d<\/strong>, as\u00ed como lograr que Santa Fe lidere a nivel nacional \u201cla transici\u00f3n hacia un modelo de desarrollo sostenible, \u00a0eficiente y ambientalmente responsable\u201d. <img loading=\"lazy\" decoding=\"async\" class=\"alignnone wp-image-16447 size-full\" src=\"https:\/\/cafeprensa.com.ar\/wp-content\/uploads\/2026\/04\/Screenshot_20260422_105453_WhatsApp-1-1024x589-1.jpg\" alt=\"\" width=\"1024\" height=\"589\" srcset=\"https:\/\/cafeprensa.com.ar\/wp-content\/uploads\/2026\/04\/Screenshot_20260422_105453_WhatsApp-1-1024x589-1.jpg 1024w, https:\/\/cafeprensa.com.ar\/wp-content\/uploads\/2026\/04\/Screenshot_20260422_105453_WhatsApp-1-1024x589-1-300x173.jpg 300w, https:\/\/cafeprensa.com.ar\/wp-content\/uploads\/2026\/04\/Screenshot_20260422_105453_WhatsApp-1-1024x589-1-768x442.jpg 768w\" sizes=\"auto, (max-width: 1024px) 100vw, 1024px\" \/><\/p>\n<p><span style=\"font-size: 8pt;\"><strong>FUENTE: <small>Por:<\/small>\u00a0Eugenia Langone\u00a0<a class=\"hover-light\" title=\"redaccion@ecobiz.com.ar\" href=\"mailto: redaccion@ecobiz.com.ar\"><span class=\"material-symbols-outlined  fs-18 align-middle\">mail<\/span><\/a><\/strong><\/span><\/p>\n<\/div>\n<\/div>\n","protected":false},"excerpt":{"rendered":"<p>Es una iniciativa del legislador del FAS, Fabi\u00e1n Palo Oliver, que busca hacer masivo el uso de estas tecnolog\u00edas en la provincia. La iniciativa del legislador del FAS promueve la obligatoriedad de energ\u00edas renovables en todos los edificios p\u00fablicos. En la provincia de Santa Fe presentaron un proyecto para establecer la\u00a0obligatoriedad de incorporar sistemas de &hellip;<\/p>\n","protected":false},"author":2,"featured_media":16522,"comment_status":"open","ping_status":"open","sticky":false,"template":"","format":"standard","meta":{"footnotes":""},"categories":[33,25],"tags":[3214,2303],"class_list":["post-16520","post","type-post","status-publish","format-standard","has-post-thumbnail","hentry","category-nacionales","category-politica","tag-energias-renovables","tag-santa-fe"],"_links":{"self":[{"href":"https:\/\/cafeprensa.com.ar\/index.php\/wp-json\/wp\/v2\/posts\/16520","targetHints":{"allow":["GET"]}}],"collection":[{"href":"https:\/\/cafeprensa.com.ar\/index.php\/wp-json\/wp\/v2\/posts"}],"about":[{"href":"https:\/\/cafeprensa.com.ar\/index.php\/wp-json\/wp\/v2\/types\/post"}],"author":[{"embeddable":true,"href":"https:\/\/cafeprensa.com.ar\/index.php\/wp-json\/wp\/v2\/users\/2"}],"replies":[{"embeddable":true,"href":"https:\/\/cafeprensa.com.ar\/index.php\/wp-json\/wp\/v2\/comments?post=16520"}],"version-history":[{"count":1,"href":"https:\/\/cafeprensa.com.ar\/index.php\/wp-json\/wp\/v2\/posts\/16520\/revisions"}],"predecessor-version":[{"id":16523,"href":"https:\/\/cafeprensa.com.ar\/index.php\/wp-json\/wp\/v2\/posts\/16520\/revisions\/16523"}],"wp:featuredmedia":[{"embeddable":true,"href":"https:\/\/cafeprensa.com.ar\/index.php\/wp-json\/wp\/v2\/media\/16522"}],"wp:attachment":[{"href":"https:\/\/cafeprensa.com.ar\/index.php\/wp-json\/wp\/v2\/media?parent=16520"}],"wp:term":[{"taxonomy":"category","embeddable":true,"href":"https:\/\/cafeprensa.com.ar\/index.php\/wp-json\/wp\/v2\/categories?post=16520"},{"taxonomy":"post_tag","embeddable":true,"href":"https:\/\/cafeprensa.com.ar\/index.php\/wp-json\/wp\/v2\/tags?post=16520"}],"curies":[{"name":"wp","href":"https:\/\/api.w.org\/{rel}","templated":true}]}}