{"id":16525,"date":"2026-04-29T11:07:54","date_gmt":"2026-04-29T14:07:54","guid":{"rendered":"https:\/\/cafeprensa.com.ar\/?p=16525"},"modified":"2026-04-29T11:07:54","modified_gmt":"2026-04-29T14:07:54","slug":"una-encuesta-midio-la-reaparicion-de-mauricio-macri-en-los-medios","status":"publish","type":"post","link":"https:\/\/cafeprensa.com.ar\/index.php\/2026\/04\/29\/una-encuesta-midio-la-reaparicion-de-mauricio-macri-en-los-medios\/","title":{"rendered":"Una encuesta midi\u00f3 la reaparici\u00f3n de Mauricio Macri en los medios"},"content":{"rendered":"<div class=\"sc-808a5b4d-0 fiDTki normal-header false normal-header false\">\n<div class=\"sc-808a5b4d-0 fiDTki shared-header shared-header\">\n<div class=\"mt \">\n<p class=\"storySummary\">El ex presidente se mont\u00f3 sobre el \u00faltimo banderazo y dio varias entrevistas. Adem\u00e1s, sus n\u00fameros de imagen y la credibilidad del resto.<\/p>\n<p class=\"storySummary\">No hab\u00eda arrancado a\u00fan el <a href=\"https:\/\/www.clarin.com\/politica\/carteles-resumen-reclamos-banderazo-12o_0_6gAKvKvV5.html\" target=\"_blank\" rel=\"noopener\" data-mrf-link=\"https:\/\/www.clarin.com\/politica\/carteles-resumen-reclamos-banderazo-12o_0_6gAKvKvV5.html\">banderazo del 12O<\/a>, \u00faltima y masiva protesta opositora contra el Gobierno nacional, cuando en la ma\u00f1ana de ese mismo d\u00eda\u00a0<a href=\"https:\/\/www.clarin.com\/tema\/mauricio-macri.html\" target=\"_blank\" rel=\"noopener\" data-mrf-link=\"https:\/\/www.clarin.com\/tema\/mauricio-macri.html\">Mauricio Macri<\/a>\u00a0ya hab\u00eda dejado trascender que a la noche dar\u00eda una entrevista en TV. Una suerte de\u00a0<strong>reaparici\u00f3n<\/strong>, tras largas semanas de silencio.<img loading=\"lazy\" decoding=\"async\" class=\"alignnone wp-image-16424 size-large\" src=\"https:\/\/cafeprensa.com.ar\/wp-content\/uploads\/2026\/04\/IMG-20260404-WA0022-2-1024x256.jpg\" alt=\"\" width=\"1024\" height=\"256\" srcset=\"https:\/\/cafeprensa.com.ar\/wp-content\/uploads\/2026\/04\/IMG-20260404-WA0022-2-1024x256.jpg 1024w, https:\/\/cafeprensa.com.ar\/wp-content\/uploads\/2026\/04\/IMG-20260404-WA0022-2-300x75.jpg 300w, https:\/\/cafeprensa.com.ar\/wp-content\/uploads\/2026\/04\/IMG-20260404-WA0022-2-768x192.jpg 768w, https:\/\/cafeprensa.com.ar\/wp-content\/uploads\/2026\/04\/IMG-20260404-WA0022-2-1536x384.jpg 1536w, https:\/\/cafeprensa.com.ar\/wp-content\/uploads\/2026\/04\/IMG-20260404-WA0022-2-2048x512.jpg 2048w\" sizes=\"auto, (max-width: 1024px) 100vw, 1024px\" \/><\/p>\n<\/div>\n<\/div>\n<\/div>\n<section class=\"sc-a24062eb-1 eFkiCz\">\n<article id=\"storyBody\" class=\"sc-a24062eb-2 eWDJua\">\n<div class=\"StoryTextContainer vsmcontent\" data-mrf-recirculation=\"Article Body\">\n<div id=\"cuerpo\">\n<div id=\"element-body-0\" class=\"sc-45461e9c-0 eqiBeF container-text text-embed \">\n<p>Lo que vino en el reportaje en TN fue lo esperable: un ex presidente\u00a0<a href=\"https:\/\/www.clarin.com\/politica\/mauricio-macri-respaldo-banderazo-acuso-gobierno-atropellar-instituciones-_0_fAc5nZCp-.html\" target=\"_blank\" rel=\"noopener\" data-mrf-link=\"https:\/\/www.clarin.com\/politica\/mauricio-macri-respaldo-banderazo-acuso-gobierno-atropellar-instituciones-_0_fAc5nZCp-.html\">extremadamente cr\u00edtico de la gesti\u00f3n actual<\/a>, montado sobre el calor de la movilizaci\u00f3n. Pero luego dio<a href=\"https:\/\/www.clarin.com\/politica\/mauricio-macri-ultimo-gobierno-populista-historia-_0_TFvROa4vK.html\" target=\"_blank\" rel=\"noopener\" data-mrf-link=\"https:\/\/www.clarin.com\/politica\/mauricio-macri-ultimo-gobierno-populista-historia-_0_TFvROa4vK.html\">\u00a0otra entrevista, en una radio chaque\u00f1a<\/a>, a los pocos d\u00edas. Y despu\u00e9s otras m\u00e1s,\u00a0<a href=\"https:\/\/www.clarin.com\/politica\/mauricio-macri-reitero-juntos-cambio-ganara-2023-argentina-hoy-rumbo-_0_hzx4pvC1s.html\" target=\"_blank\" rel=\"noopener\" data-mrf-link=\"https:\/\/www.clarin.com\/politica\/mauricio-macri-reitero-juntos-cambio-ganara-2023-argentina-hoy-rumbo-_0_hzx4pvC1s.html\">en dos portales de noticias<\/a>\u00a0y\u00a0<a href=\"https:\/\/www.clarin.com\/politica\/mauricio-macri-voy-candidato-2021-lugar-necesito-fueros-_0_W1CR-NaQZ.html\" target=\"_blank\" rel=\"noopener\" data-mrf-link=\"https:\/\/www.clarin.com\/politica\/mauricio-macri-voy-candidato-2021-lugar-necesito-fueros-_0_W1CR-NaQZ.html\">en un canal de cable<\/a>.<\/p>\n<p>El raid gener\u00f3 el previsible\u00a0<a href=\"https:\/\/www.clarin.com\/politica\/santiago-cafiero-mauricio-macri-ex-presidente-promovio-descuidos-_0_zi6bSZDjy.html\" target=\"_blank\" rel=\"noopener\" data-mrf-link=\"https:\/\/www.clarin.com\/politica\/santiago-cafiero-mauricio-macri-ex-presidente-promovio-descuidos-_0_zi6bSZDjy.html\">contra ataque kirchnerista<\/a>\u00a0y la<a href=\"https:\/\/www.clarin.com\/politica\/ernesto-sanz-reaparicion-mauricio-macri-juntos-cambio-liderazgos-_0_ntveV3lnC.html\" target=\"_blank\" rel=\"noopener\" data-mrf-link=\"https:\/\/www.clarin.com\/politica\/ernesto-sanz-reaparicion-mauricio-macri-juntos-cambio-liderazgos-_0_ntveV3lnC.html\">\u00a0incomodidad dentro del sector m\u00e1s moderado<\/a>\u00a0de su propio espacio. Ahora una consultora midi\u00f3 quiz\u00e1 la repercusi\u00f3n m\u00e1s sensible: \u00bfc\u00f3mo le cay\u00f3 a la gente en general? A su modo lo reprob\u00f3, ya que el\u00a0<strong>64%\u00a0<\/strong>respondi\u00f3 que<strong>\u00a0\u00abno le cree\u00bb\u00a0<\/strong>cuando habla.<img loading=\"lazy\" decoding=\"async\" class=\"alignnone wp-image-16422 size-large\" src=\"https:\/\/cafeprensa.com.ar\/wp-content\/uploads\/2026\/04\/IMG-20260331-WA0032-1-1024x256.jpg\" alt=\"\" width=\"1024\" height=\"256\" srcset=\"https:\/\/cafeprensa.com.ar\/wp-content\/uploads\/2026\/04\/IMG-20260331-WA0032-1-1024x256.jpg 1024w, https:\/\/cafeprensa.com.ar\/wp-content\/uploads\/2026\/04\/IMG-20260331-WA0032-1-300x75.jpg 300w, https:\/\/cafeprensa.com.ar\/wp-content\/uploads\/2026\/04\/IMG-20260331-WA0032-1-768x192.jpg 768w, https:\/\/cafeprensa.com.ar\/wp-content\/uploads\/2026\/04\/IMG-20260331-WA0032-1-1536x384.jpg 1536w, https:\/\/cafeprensa.com.ar\/wp-content\/uploads\/2026\/04\/IMG-20260331-WA0032-1.jpg 1584w\" sizes=\"auto, (max-width: 1024px) 100vw, 1024px\" \/><\/p>\n<\/div>\n<div id=\"element-body-1\" class=\"sc-45461e9c-0 eqiBeF container-text text-embed \">\n<p>El estudio al que accedi\u00f3\u00a0<strong>Clar\u00edn<\/strong>\u00a0es de\u00a0<em><strong>MOVE<\/strong><\/em>, una firma con 15 a\u00f1os en el mercado\u00a0y que trabaj\u00f3 incluso para la gesti\u00f3n de Cambiemos. Hoy tiene clientes a los dos lados de la grieta. Se trat\u00f3 de un relevamiento de\u00a0<strong>1.000 casos<\/strong>\u00a0a nivel nacional, con un +\/- 3,5% de margen de error.<\/p>\n<\/div>\n<div id=\"element-body-2\" class=\"sc-45461e9c-0 eqiBeF container-text text-embed \">\n<p>El informe arranca con los<strong>\u00a0datos de imagen y credibilidad<\/strong> del ex presidente, que son a groso modo coincidentes.<\/p>\n<\/div>\n<div id=\"element-body-3\" class=\"sc-98b114a2-0 bkqiHH image-embed  image-embed \"><picture class=\"sc-98b114a2-1 jRUlDm\"><source srcset=\"https:\/\/www.clarin.com\/img\/2020\/10\/25\/cQ2b9cM-Z_720x0__1.jpg\" media=\"(min-width: 975px)\" \/><img loading=\"lazy\" decoding=\"async\" src=\"https:\/\/www.clarin.com\/img\/2020\/10\/25\/cQ2b9cM-Z_720x0__1.jpg\" alt=\"Encuesta nacional de la consutlora MOVE. Preguntaron por al reaparici\u00f3n de Macri tras el banderazo 12O.\" width=\"720\" height=\"480\" data-nimg=\"1\" \/><\/picture><span class=\"epigraphe\" aria-hidden=\"true\">Encuesta nacional de la consutlora MOVE. Preguntaron por al reaparici\u00f3n de Macri tras el banderazo 12O.<\/span><\/div>\n<div id=\"element-body-4\" class=\"sc-45461e9c-0 eqiBeF container-text text-embed \">\n<p>Por un lado, Macri combina\u00a0<strong>31% de imagen positiva<\/strong>\u00a0(8% muy buena y 23% buena) y\u00a0<strong>67% de negativa\u00a0<\/strong>(38% mala y 29% muy mala). Por el otro, un\u00a0<strong>26%\u00a0<\/strong>de los encuestados responde que\u00a0<strong>\u00able cree\u00bb<\/strong>\u00a0cuando dice algo, pero un\u00a0<strong>64% \u00abno le cree\u00bb<\/strong>.<img loading=\"lazy\" decoding=\"async\" class=\"alignnone wp-image-16470 size-large\" src=\"https:\/\/cafeprensa.com.ar\/wp-content\/uploads\/2026\/04\/logo-1024x129.png\" alt=\"\" width=\"1024\" height=\"129\" srcset=\"https:\/\/cafeprensa.com.ar\/wp-content\/uploads\/2026\/04\/logo-1024x129.png 1024w, https:\/\/cafeprensa.com.ar\/wp-content\/uploads\/2026\/04\/logo-300x38.png 300w, https:\/\/cafeprensa.com.ar\/wp-content\/uploads\/2026\/04\/logo-768x97.png 768w, https:\/\/cafeprensa.com.ar\/wp-content\/uploads\/2026\/04\/logo.png 1042w\" sizes=\"auto, (max-width: 1024px) 100vw, 1024px\" \/><\/p>\n<\/div>\n<div id=\"element-body-5\" class=\"sc-45461e9c-0 eqiBeF container-text text-embed \">\n<p>Respecto a la imagen, a nivel cuantitativo, la consultora remarca que \u00ab<strong>desde abril ven\u00eda relativamente estable<\/strong>, pero\u00a0<strong>se deterior\u00f3<\/strong>\u00a0significativamente en el \u00faltimo mes\u00bb.<\/p>\n<\/div>\n<div id=\"element-body-6\" class=\"sc-45461e9c-0 eqiBeF container-text text-embed \">\n<p>Uno de los cuadros muestra la evoluci\u00f3n del diferencial en la valoraci\u00f3n de Macri. Esto es el balance entre imagen positiva y negativa, que al l\u00edder de Juntos por el Cambio le da claramente en rojo. Ese diferencial, que\u00a0<strong>en alg\u00fan momento del a\u00f1o se redujo a un d\u00edgito<\/strong>, ahora est\u00e1 en &#8211; 36 puntos: 31 a favor y 67 en contra. Es la ca\u00edda abrupta que advierten en\u00a0<em><strong>MOVE<\/strong><\/em>.<\/p>\n<\/div>\n<div id=\"element-body-7\" class=\"sc-98b114a2-0 bkqiHH image-embed  image-embed \"><picture class=\"sc-98b114a2-1 jRUlDm\"><source srcset=\"https:\/\/www.clarin.com\/img\/2020\/10\/25\/HF__F3YRA_720x0__1.jpg\" media=\"(min-width: 975px)\" \/><img loading=\"lazy\" decoding=\"async\" src=\"https:\/\/www.clarin.com\/img\/2020\/10\/25\/HF__F3YRA_720x0__1.jpg\" alt=\"Encuesta nacional de MOVE. Compararon el diferencial de imagen de Alberto Fern\u00e1ndez con el de Mauricio Macri.\" width=\"720\" height=\"480\" data-nimg=\"1\" \/><\/picture><span class=\"epigraphe\" aria-hidden=\"true\">Encuesta nacional de MOVE. Compararon el diferencial de imagen de Alberto Fern\u00e1ndez con el de Mauricio Macri.<\/span><\/div>\n<div id=\"element-body-8\" class=\"sc-45461e9c-0 eqiBeF container-text text-embed \">\n<p>La firma tambi\u00e9n compara la tendencia en el diferencial de Macri con el de\u00a0<a href=\"https:\/\/www.clarin.com\/tema\/alberto-fernandez.html\" target=\"_blank\" rel=\"noopener\" data-cke-saved-href=\"https:\/\/www.clarin.com\/tema\/alberto-fernandez.html\" data-mrf-link=\"https:\/\/www.clarin.com\/tema\/alberto-fernandez.html\">Alberto Fern\u00e1ndez<\/a>. Y aunque est\u00e1 claramente mejor, el Presidente tambi\u00e9n tiene de qu\u00e9 preocuparse. Como\u00a0<a href=\"https:\/\/www.clarin.com\/politica\/imagen-alberto-fernandez-sigue-caida-octubre-provincia-provincia_0_KB5ps9b0t.html\" target=\"_blank\" rel=\"noopener\" data-cke-saved-href=\"https:\/\/www.clarin.com\/politica\/imagen-alberto-fernandez-sigue-caida-octubre-provincia-provincia_0_KB5ps9b0t.html\" data-mrf-link=\"https:\/\/www.clarin.com\/politica\/imagen-alberto-fernandez-sigue-caida-octubre-provincia-provincia_0_KB5ps9b0t.html\">viene contando Clar\u00edn<\/a>, el derrumbe en sus n\u00fameros es notable. Seg\u00fan los datos de esta consultora,<strong> lleg\u00f3 a tener un balance favorable de unos 60 puntos y hoy merodea el\u00a00.<\/strong><\/p>\n<\/div>\n<div id=\"element-body-10\" class=\"sc-45461e9c-0 eqiBeF container-text text-embed \">\n<h2>Credibilidad: mal de muchos<\/h2>\n<\/div>\n<div id=\"element-body-11\" class=\"sc-45461e9c-0 eqiBeF container-text text-embed \">\n<p>Los n\u00fameros de baja credibilidad de Macri no s\u00f3lo no llaman la atenci\u00f3n por coincidir con su imagen -el que no lo quiere no le cree, y viceversa-, sino porque se enmarcan en un momento donde\u00a0<strong>la palabra de los pol\u00edticos parece devaluada a nivel general<\/strong>.<\/p>\n<\/div>\n<div id=\"element-body-12\" class=\"sc-45461e9c-0 eqiBeF container-text text-embed \">\n<p><em><strong>Reale Dallatorre Consultores<\/strong><\/em>\u00a0<em><strong>(RDT)\u00a0<\/strong><\/em>es una de las encuestadoras que viene abordando el tema. Y los resultados son malos para\u00a0todos.<img loading=\"lazy\" decoding=\"async\" class=\"alignnone wp-image-16463 size-large\" src=\"https:\/\/cafeprensa.com.ar\/wp-content\/uploads\/2026\/04\/img4-1-1024x288.webp\" alt=\"\" width=\"1024\" height=\"288\" srcset=\"https:\/\/cafeprensa.com.ar\/wp-content\/uploads\/2026\/04\/img4-1-1024x288.webp 1024w, https:\/\/cafeprensa.com.ar\/wp-content\/uploads\/2026\/04\/img4-1-300x84.webp 300w, https:\/\/cafeprensa.com.ar\/wp-content\/uploads\/2026\/04\/img4-1-768x216.webp 768w, https:\/\/cafeprensa.com.ar\/wp-content\/uploads\/2026\/04\/img4-1-1536x432.webp 1536w, https:\/\/cafeprensa.com.ar\/wp-content\/uploads\/2026\/04\/img4-1-2048x576.webp 2048w\" sizes=\"auto, (max-width: 1024px) 100vw, 1024px\" \/><\/p>\n<\/div>\n<div id=\"element-body-13\" class=\"sc-45461e9c-0 eqiBeF container-text text-embed \">\n<p>En su \u00faltimo estudio nacional, de\u00a0<strong>2.450 casos<\/strong>\u00a0relevados entre el 10 y el 12 de octubre, pas\u00f3 por el filtro de la credibilidad a ocho dirigentes: cuatro del\u00a0<a href=\"https:\/\/www.clarin.com\/tema\/frente-de-todos.html\" target=\"_blank\" rel=\"noopener\" data-cke-saved-href=\"https:\/\/www.clarin.com\/tema\/frente-de-todos.html\" data-mrf-link=\"https:\/\/www.clarin.com\/tema\/frente-de-todos.html\">Frente de Todos<\/a>, cuatro de\u00a0<a href=\"https:\/\/www.clarin.com\/tema\/juntos-por-el-cambio.html\" target=\"_blank\" rel=\"noopener\" data-cke-saved-href=\"https:\/\/www.clarin.com\/tema\/juntos-por-el-cambio.html\" data-mrf-link=\"https:\/\/www.clarin.com\/tema\/juntos-por-el-cambio.html\">Juntos por el Cambio<\/a>. Todos terminaron con balance en contra. Y Macri zaf\u00f3 del \u00faltimo puesto por poco.<\/p>\n<\/div>\n<div id=\"element-body-14\" class=\"sc-45461e9c-0 eqiBeF container-text text-embed \">\n<p><em><strong>RDT<\/strong><\/em>\u00a0los orden\u00f3 seg\u00fan el nivel de credibilidad a favor:<\/p>\n<\/div>\n<div id=\"element-body-15\" class=\"sc-45461e9c-0 eqiBeF container-text text-embed \">\n<p>1)<strong>\u00a0Alberto Fern\u00e1ndez<\/strong>: 42,4% \u00able cree\u00bb, 50,2% \u00abno le cree\u00bb.<\/p>\n<\/div>\n<div id=\"element-body-16\" class=\"sc-45461e9c-0 eqiBeF container-text text-embed \">\n<p>2)\u00a0<strong>Horacio Rodr\u00edguez Larreta<\/strong>: 38,7% \u00able cree\u00bb, 42,5% \u00abno le cree\u00bb.<\/p>\n<\/div>\n<div id=\"element-body-17\" class=\"sc-45461e9c-0 eqiBeF container-text text-embed \">\n<p>3)\u00a0<strong>Mar\u00eda Eugenia Vidal<\/strong>: 35,6% \u00able cree\u00bb, 50,2% \u00abno le cree\u00bb.<\/p>\n<\/div>\n<div id=\"element-body-18\" class=\"sc-45461e9c-0 eqiBeF container-text text-embed \">\n<p>4)\u00a0<strong>Patricia Bullrich<\/strong>: 28,3% \u00able cree\u00bb, 56% \u00abno le cree\u00bb.<\/p>\n<\/div>\n<div id=\"element-body-19\" class=\"sc-45461e9c-0 eqiBeF container-text text-embed \">\n<p>5)<strong>\u00a0Axel Kicillof<\/strong>: 28,2% \u00able cree\u00bb, 57,7% \u00abno le cree\u00bb.<\/p>\n<\/div>\n<div id=\"element-body-20\" class=\"sc-45461e9c-0 eqiBeF container-text text-embed \">\n<p>6)\u00a0<strong>Cristina Kirchner<\/strong>: 28% \u00able cree\u00bb, 66,4% \u00abno le cree\u00bb.<\/p>\n<\/div>\n<div id=\"element-body-21\" class=\"sc-45461e9c-0 eqiBeF container-text text-embed \">\n<p>7)\u00a0<strong>Mauricio Macri<\/strong>: 19% \u00able cree\u00bb, 68,1% \u00abno le cree\u00bb.<\/p>\n<\/div>\n<div id=\"element-body-22\" class=\"sc-45461e9c-0 eqiBeF container-text text-embed \">\n<p>8)<strong>\u00a0Sergio Massa<\/strong>: 16,2% \u00able cree\u00bb, 66% \u00abno le cree\u00bb.<\/p>\n<\/div>\n<div id=\"element-body-23\" class=\"sc-45461e9c-0 eqiBeF container-text text-embed \">\n<p>En todos los casos complet\u00f3 \u00abno sabe\/no contesta\u00bb.<\/p>\n<p><span style=\"font-size: 8pt;\"><strong>FUENTE; CLARIN<\/strong><\/span><\/p>\n<\/div>\n<\/div>\n<\/div>\n<\/article>\n<\/section>\n","protected":false},"excerpt":{"rendered":"<p>El ex presidente se mont\u00f3 sobre el \u00faltimo banderazo y dio varias entrevistas. Adem\u00e1s, sus n\u00fameros de imagen y la credibilidad del resto. No hab\u00eda arrancado a\u00fan el banderazo del 12O, \u00faltima y masiva protesta opositora contra el Gobierno nacional, cuando en la ma\u00f1ana de ese mismo d\u00eda\u00a0Mauricio Macri\u00a0ya hab\u00eda dejado trascender que a la &hellip;<\/p>\n","protected":false},"author":2,"featured_media":16526,"comment_status":"open","ping_status":"open","sticky":false,"template":"","format":"standard","meta":{"footnotes":""},"categories":[33,25],"tags":[2723,960],"class_list":["post-16525","post","type-post","status-publish","format-standard","has-post-thumbnail","hentry","category-nacionales","category-politica","tag-elecciones-2027","tag-mauricio-macri"],"_links":{"self":[{"href":"https:\/\/cafeprensa.com.ar\/index.php\/wp-json\/wp\/v2\/posts\/16525","targetHints":{"allow":["GET"]}}],"collection":[{"href":"https:\/\/cafeprensa.com.ar\/index.php\/wp-json\/wp\/v2\/posts"}],"about":[{"href":"https:\/\/cafeprensa.com.ar\/index.php\/wp-json\/wp\/v2\/types\/post"}],"author":[{"embeddable":true,"href":"https:\/\/cafeprensa.com.ar\/index.php\/wp-json\/wp\/v2\/users\/2"}],"replies":[{"embeddable":true,"href":"https:\/\/cafeprensa.com.ar\/index.php\/wp-json\/wp\/v2\/comments?post=16525"}],"version-history":[{"count":1,"href":"https:\/\/cafeprensa.com.ar\/index.php\/wp-json\/wp\/v2\/posts\/16525\/revisions"}],"predecessor-version":[{"id":16527,"href":"https:\/\/cafeprensa.com.ar\/index.php\/wp-json\/wp\/v2\/posts\/16525\/revisions\/16527"}],"wp:featuredmedia":[{"embeddable":true,"href":"https:\/\/cafeprensa.com.ar\/index.php\/wp-json\/wp\/v2\/media\/16526"}],"wp:attachment":[{"href":"https:\/\/cafeprensa.com.ar\/index.php\/wp-json\/wp\/v2\/media?parent=16525"}],"wp:term":[{"taxonomy":"category","embeddable":true,"href":"https:\/\/cafeprensa.com.ar\/index.php\/wp-json\/wp\/v2\/categories?post=16525"},{"taxonomy":"post_tag","embeddable":true,"href":"https:\/\/cafeprensa.com.ar\/index.php\/wp-json\/wp\/v2\/tags?post=16525"}],"curies":[{"name":"wp","href":"https:\/\/api.w.org\/{rel}","templated":true}]}}