{"id":16528,"date":"2026-04-29T12:14:31","date_gmt":"2026-04-29T15:14:31","guid":{"rendered":"https:\/\/cafeprensa.com.ar\/?p=16528"},"modified":"2026-04-29T12:15:31","modified_gmt":"2026-04-29T15:15:31","slug":"el-boleto-a-2-400-es-impagable","status":"publish","type":"post","link":"https:\/\/cafeprensa.com.ar\/index.php\/2026\/04\/29\/el-boleto-a-2-400-es-impagable\/","title":{"rendered":"\u00abEl boleto a $2.400 es impagable\u00bb"},"content":{"rendered":"<p class=\"description separatorlines\"><strong>El secretario de Movilidad Urbana, Carlos Arnedo, cuestion\u00f3 el pedido empresario. Advirti\u00f3 que un boleto caro con mal servicio ahuyentar\u00e1 a los pasajeros.<\/strong><\/p>\n<p class=\"description separatorlines\">El secretario de <strong>Movilidad Urbana de San Miguel de Tucum\u00e1n, Carlos Arnedo<\/strong>, se pronunci\u00f3 de forma contundente respecto al reciente estudio de costos presentado por los empresarios del transporte.<\/p>\n<hr \/>\n<p class=\"description separatorlines\"><img loading=\"lazy\" decoding=\"async\" class=\"alignnone wp-image-16470 size-large\" src=\"https:\/\/cafeprensa.com.ar\/wp-content\/uploads\/2026\/04\/logo-1024x129.png\" alt=\"\" width=\"1024\" height=\"129\" srcset=\"https:\/\/cafeprensa.com.ar\/wp-content\/uploads\/2026\/04\/logo-1024x129.png 1024w, https:\/\/cafeprensa.com.ar\/wp-content\/uploads\/2026\/04\/logo-300x38.png 300w, https:\/\/cafeprensa.com.ar\/wp-content\/uploads\/2026\/04\/logo-768x97.png 768w, https:\/\/cafeprensa.com.ar\/wp-content\/uploads\/2026\/04\/logo.png 1042w\" sizes=\"auto, (max-width: 1024px) 100vw, 1024px\" \/><\/p>\n<p class=\"description separatorlines\">El funcionario municipal calific\u00f3 la pretensi\u00f3n de llevar el boleto urbano a $2.400\u00a0como \u00ababsolutamente impagable\u00bb y lanz\u00f3 una dura advertencia sobre las consecuencias de un incremento de tal magnitud.<\/p>\n<p class=\"description separatorlines\"><strong>Seg\u00fan Arnedo, sostener una tarifa elevada en combinaci\u00f3n con la deficiente calidad del servicio actual provocar\u00e1 inevitablemente que los usuarios dejen de utilizar el colectivo como medio de transporte.<\/strong><\/p>\n<div class=\"at-vc\">\n<div id=\"vsmcontent\" class=\"content vsmcontent\">\n<h2 data-path-to-node=\"5\"><b data-path-to-node=\"5\" data-index-in-node=\"0\">Auditor\u00edas y racionalizaci\u00f3n de recorridos<\/b><\/h2>\n<p data-path-to-node=\"6\">Ante el planteo elevado por los empresarios al Concejo Deliberante, el secretario inform\u00f3 que este mi\u00e9rcoles se llevar\u00e1 a cabo una reuni\u00f3n clave para analizar los informes presentados.<\/p>\n<p data-path-to-node=\"6\"><strong>Durante el encuentro, se evaluar\u00e1n auditor\u00edas destinadas a eficientizar los costos y se discutir\u00e1 una posible racionalizaci\u00f3n de los recorridos. Arnedo aclar\u00f3 que,\u00a0<span class=\"highlight\">en caso de aplicarse modificaciones en los trayectos de las l\u00edneas, estas no afectar\u00edan las franjas horarias de mayor demanda o \u00abhoras pico\u00bb<\/span>, buscando proteger el desplazamiento de los trabajadores y estudiantes.<\/strong><\/p>\n<hr \/>\n<p data-path-to-node=\"6\"><img loading=\"lazy\" decoding=\"async\" class=\"alignnone wp-image-16464 size-large\" src=\"https:\/\/cafeprensa.com.ar\/wp-content\/uploads\/2026\/04\/img5-1-1024x342.webp\" alt=\"\" width=\"1024\" height=\"342\" srcset=\"https:\/\/cafeprensa.com.ar\/wp-content\/uploads\/2026\/04\/img5-1-1024x342.webp 1024w, https:\/\/cafeprensa.com.ar\/wp-content\/uploads\/2026\/04\/img5-1-300x100.webp 300w, https:\/\/cafeprensa.com.ar\/wp-content\/uploads\/2026\/04\/img5-1-768x256.webp 768w, https:\/\/cafeprensa.com.ar\/wp-content\/uploads\/2026\/04\/img5-1-1536x512.webp 1536w, https:\/\/cafeprensa.com.ar\/wp-content\/uploads\/2026\/04\/img5-1-2048x683.webp 2048w\" sizes=\"auto, (max-width: 1024px) 100vw, 1024px\" \/><\/p>\n<h2 data-path-to-node=\"7\"><b data-path-to-node=\"7\" data-index-in-node=\"0\">Judicializaci\u00f3n de los subsidios a AETAT<\/b><\/h2>\n<p data-path-to-node=\"8\">Respecto al manejo de los recursos p\u00fablicos y los aportes que recibe la <strong>Asociaci\u00f3n de Empresarios del Transporte Automotor de Tucum\u00e1n (AETAT)<\/strong>, el funcionario se\u00f1al\u00f3 que el tema se encuentra bajo \u00f3rbita legal.<\/p>\n<p data-path-to-node=\"8\"><strong>Arnedo explic\u00f3 que\u00a0<span class=\"highlight\">existe una demanda radicada en la justicia sobre la asignaci\u00f3n de estos fondos y que, dada la complejidad de la materia, el municipio se encuentra a la espera de una resoluci\u00f3n judicial definitiva<\/span>. Esta situaci\u00f3n a\u00f1ade un componente de incertidumbre al conflicto tarifario, mientras se cuestiona la transparencia en la distribuci\u00f3n de las compensaciones estatales.<\/strong><\/p>\n<h2 data-path-to-node=\"9\"><b data-path-to-node=\"9\" data-index-in-node=\"0\">Licitaciones para renovar el \u00absistema obsoleto\u00bb<\/b><\/h2>\n<p data-path-to-node=\"10\">El secretario de Movilidad Urbana no ahorr\u00f3 cr\u00edticas hacia el esquema de transporte vigente, al cual defini\u00f3 como un \u00absistema anacr\u00f3nico y obsoleto\u00bb. En este sentido, adelant\u00f3 que la gesti\u00f3n de la intendenta\u00a0<b>Rossana Chahla<\/b>\u00a0<span class=\"highlight\">busca introducir cambios profundos que incluyen la apertura de licitaciones p\u00fablicas para sumar nuevos referentes al sector empresarial<\/span>.<\/p>\n<p data-path-to-node=\"10\"><strong>Arnedo advirti\u00f3 que las mejoras estructurales llevar\u00e1n tiempo, pero insisti\u00f3 en que el objetivo es romper con el paisaje empresarial actual para ofrecer un servicio que realmente responda a las necesidades de la comunidad.<img loading=\"lazy\" decoding=\"async\" class=\"alignnone wp-image-16119 size-large\" src=\"https:\/\/cafeprensa.com.ar\/wp-content\/uploads\/2026\/04\/IMG-20260331-WA0033-1024x256.jpg\" alt=\"\" width=\"1024\" height=\"256\" srcset=\"https:\/\/cafeprensa.com.ar\/wp-content\/uploads\/2026\/04\/IMG-20260331-WA0033-1024x256.jpg 1024w, https:\/\/cafeprensa.com.ar\/wp-content\/uploads\/2026\/04\/IMG-20260331-WA0033-300x75.jpg 300w, https:\/\/cafeprensa.com.ar\/wp-content\/uploads\/2026\/04\/IMG-20260331-WA0033-768x192.jpg 768w, https:\/\/cafeprensa.com.ar\/wp-content\/uploads\/2026\/04\/IMG-20260331-WA0033-1536x384.jpg 1536w, https:\/\/cafeprensa.com.ar\/wp-content\/uploads\/2026\/04\/IMG-20260331-WA0033.jpg 1584w\" sizes=\"auto, (max-width: 1024px) 100vw, 1024px\" \/><\/strong><\/p>\n<p data-path-to-node=\"12\">Consultado sobre un posible malestar de los empresarios del sector ante su designaci\u00f3n y perfil cr\u00edtico, Arnedo fue tajante al responder que su funci\u00f3n responde a una decisi\u00f3n pol\u00edtica de la intendenta Chahla.\u00a0<b>\u00abSi est\u00e1n molestos, deber\u00edan dejar de molestarse\u00bb,<\/b>\u00a0sentenci\u00f3 el funcionario, reafirmando que su prioridad es mejorar el sistema de transporte para los vecinos.<\/p>\n<p data-path-to-node=\"12\"><strong>El secretario dej\u00f3 en claro que la postura oficial no ceder\u00e1 ante presiones del sector privado que no contemplen la realidad econ\u00f3mica de los pasajeros ni el compromiso de optimizar la calidad de los traslados en la capital.<img loading=\"lazy\" decoding=\"async\" class=\"alignnone wp-image-16340 size-large\" src=\"https:\/\/cafeprensa.com.ar\/wp-content\/uploads\/2026\/04\/Screenshot_20260422_105453_WhatsApp-1-1024x589.jpg\" alt=\"\" width=\"1024\" height=\"589\" srcset=\"https:\/\/cafeprensa.com.ar\/wp-content\/uploads\/2026\/04\/Screenshot_20260422_105453_WhatsApp-1-1024x589.jpg 1024w, https:\/\/cafeprensa.com.ar\/wp-content\/uploads\/2026\/04\/Screenshot_20260422_105453_WhatsApp-1-300x173.jpg 300w, https:\/\/cafeprensa.com.ar\/wp-content\/uploads\/2026\/04\/Screenshot_20260422_105453_WhatsApp-1-768x442.jpg 768w, https:\/\/cafeprensa.com.ar\/wp-content\/uploads\/2026\/04\/Screenshot_20260422_105453_WhatsApp-1-1536x883.jpg 1536w, https:\/\/cafeprensa.com.ar\/wp-content\/uploads\/2026\/04\/Screenshot_20260422_105453_WhatsApp-1-2048x1178.jpg 2048w\" sizes=\"auto, (max-width: 1024px) 100vw, 1024px\" \/><\/strong><\/p>\n<\/div>\n<\/div>\n","protected":false},"excerpt":{"rendered":"<p>El secretario de Movilidad Urbana, Carlos Arnedo, cuestion\u00f3 el pedido empresario. Advirti\u00f3 que un boleto caro con mal servicio ahuyentar\u00e1 a los pasajeros. El secretario de Movilidad Urbana de San Miguel de Tucum\u00e1n, Carlos Arnedo, se pronunci\u00f3 de forma contundente respecto al reciente estudio de costos presentado por los empresarios del transporte. El funcionario municipal &hellip;<\/p>\n","protected":false},"author":2,"featured_media":16529,"comment_status":"open","ping_status":"open","sticky":false,"template":"","format":"standard","meta":{"footnotes":""},"categories":[34,25],"tags":[477],"class_list":["post-16528","post","type-post","status-publish","format-standard","has-post-thumbnail","hentry","category-locales","category-politica","tag-arnedo"],"_links":{"self":[{"href":"https:\/\/cafeprensa.com.ar\/index.php\/wp-json\/wp\/v2\/posts\/16528","targetHints":{"allow":["GET"]}}],"collection":[{"href":"https:\/\/cafeprensa.com.ar\/index.php\/wp-json\/wp\/v2\/posts"}],"about":[{"href":"https:\/\/cafeprensa.com.ar\/index.php\/wp-json\/wp\/v2\/types\/post"}],"author":[{"embeddable":true,"href":"https:\/\/cafeprensa.com.ar\/index.php\/wp-json\/wp\/v2\/users\/2"}],"replies":[{"embeddable":true,"href":"https:\/\/cafeprensa.com.ar\/index.php\/wp-json\/wp\/v2\/comments?post=16528"}],"version-history":[{"count":2,"href":"https:\/\/cafeprensa.com.ar\/index.php\/wp-json\/wp\/v2\/posts\/16528\/revisions"}],"predecessor-version":[{"id":16531,"href":"https:\/\/cafeprensa.com.ar\/index.php\/wp-json\/wp\/v2\/posts\/16528\/revisions\/16531"}],"wp:featuredmedia":[{"embeddable":true,"href":"https:\/\/cafeprensa.com.ar\/index.php\/wp-json\/wp\/v2\/media\/16529"}],"wp:attachment":[{"href":"https:\/\/cafeprensa.com.ar\/index.php\/wp-json\/wp\/v2\/media?parent=16528"}],"wp:term":[{"taxonomy":"category","embeddable":true,"href":"https:\/\/cafeprensa.com.ar\/index.php\/wp-json\/wp\/v2\/categories?post=16528"},{"taxonomy":"post_tag","embeddable":true,"href":"https:\/\/cafeprensa.com.ar\/index.php\/wp-json\/wp\/v2\/tags?post=16528"}],"curies":[{"name":"wp","href":"https:\/\/api.w.org\/{rel}","templated":true}]}}