{"id":16532,"date":"2026-04-30T07:53:02","date_gmt":"2026-04-30T10:53:02","guid":{"rendered":"https:\/\/cafeprensa.com.ar\/?p=16532"},"modified":"2026-04-30T07:53:02","modified_gmt":"2026-04-30T10:53:02","slug":"entrega-de-maquinas-y-trabajo-territorial-la-san-pablo-t-y-la-legislatura-fortalecen-un-taller-en-los-vazquez","status":"publish","type":"post","link":"https:\/\/cafeprensa.com.ar\/index.php\/2026\/04\/30\/entrega-de-maquinas-y-trabajo-territorial-la-san-pablo-t-y-la-legislatura-fortalecen-un-taller-en-los-vazquez\/","title":{"rendered":"Entrega de m\u00e1quinas y trabajo territorial: la San Pablo-T y la Legislatura fortalecen un taller en Los V\u00e1zquez"},"content":{"rendered":"<div class=\"the-post-header s-head-modern s-head-modern-a\">\n<div class=\"post-meta post-meta-a post-meta-left post-meta-single has-below\"><\/div>\n<\/div>\n<div class=\"the-post s-post-modern\">\n<article id=\"post-76688\" class=\"post-76688 post type-post status-publish format-standard has-post-thumbnail category-sociedad tag-catalina-lonac tag-universidad-san-pablo-t\">\n<div class=\"post-content-wrap has-share-float\">\n<div class=\"post-share-float share-float-b spc-social-colors spc-social-colored\">\n<div class=\"inner\">La iniciativa apunta a impulsar microemprendimientos y contener a j\u00f3venes en situaci\u00f3n de vulnerabilidad en la capital tucumana.<\/div>\n<div class=\"inner\"><span style=\"font-weight: bold;\"><span style=\"font-weight: bold;\">El Consejo Econ\u00f3mico y Social de la Universidad de San Pablo-T concret\u00f3 este martes la entrega de dos m\u00e1quinas de coser industriales destinadas a fortalecer un taller comunitario en el barrio Los V\u00e1zquez, ubicado en San Miguel de Tucum\u00e1n.<\/span><\/span><\/p>\n<hr \/>\n<p><span style=\"font-weight: bold;\"><img loading=\"lazy\" decoding=\"async\" class=\"alignnone wp-image-16463 size-large\" src=\"https:\/\/cafeprensa.com.ar\/wp-content\/uploads\/2026\/04\/img4-1-1024x288.webp\" alt=\"\" width=\"1024\" height=\"288\" srcset=\"https:\/\/cafeprensa.com.ar\/wp-content\/uploads\/2026\/04\/img4-1-1024x288.webp 1024w, https:\/\/cafeprensa.com.ar\/wp-content\/uploads\/2026\/04\/img4-1-300x84.webp 300w, https:\/\/cafeprensa.com.ar\/wp-content\/uploads\/2026\/04\/img4-1-768x216.webp 768w, https:\/\/cafeprensa.com.ar\/wp-content\/uploads\/2026\/04\/img4-1-1536x432.webp 1536w, https:\/\/cafeprensa.com.ar\/wp-content\/uploads\/2026\/04\/img4-1-2048x576.webp 2048w\" sizes=\"auto, (max-width: 1024px) 100vw, 1024px\" \/><\/span><\/div>\n<div><\/div>\n<\/div>\n<div class=\"post-content cf entry-content content-spacious\">\n<p>La iniciativa se llev\u00f3 adelante con el acompa\u00f1amiento de la Honorable Legislatura de Tucum\u00e1n, presidida por Miguel Acevedo, y se suma a una serie de acciones que buscan potenciar un espacio comunitario que funciona como dispositivo de contenci\u00f3n social para personas en situaci\u00f3n de vulnerabilidad y, en algunos casos, atravesadas por consumos problem\u00e1ticos.<img loading=\"lazy\" decoding=\"async\" class=\"alignnone wp-image-16533 size-large\" src=\"https:\/\/cafeprensa.com.ar\/wp-content\/uploads\/2026\/04\/IMG-20260429-WA0071-1024x683.jpg\" alt=\"\" width=\"1024\" height=\"683\" srcset=\"https:\/\/cafeprensa.com.ar\/wp-content\/uploads\/2026\/04\/IMG-20260429-WA0071-1024x683.jpg 1024w, https:\/\/cafeprensa.com.ar\/wp-content\/uploads\/2026\/04\/IMG-20260429-WA0071-300x200.jpg 300w, https:\/\/cafeprensa.com.ar\/wp-content\/uploads\/2026\/04\/IMG-20260429-WA0071-768x512.jpg 768w, https:\/\/cafeprensa.com.ar\/wp-content\/uploads\/2026\/04\/IMG-20260429-WA0071.jpg 1280w\" sizes=\"auto, (max-width: 1024px) 100vw, 1024px\" \/><\/p>\n<p><strong>La entrega fue encabezada por Catalina Lonac, fundadora de la universidad y presidenta del Consejo Econ\u00f3mico y Social, quien estuvo acompa\u00f1ada por miembros del organismo como Jos\u00e9 Mar\u00eda Guzm\u00e1n y Carolina L\u00f3pez Flores, adem\u00e1s de referentes del barrio como V\u00edctor Guerra, presidente del club local, y el coordinador del equipo interdisciplinario, Emilio Mustaf\u00e1.<img loading=\"lazy\" decoding=\"async\" class=\"alignnone wp-image-16424 size-large\" src=\"https:\/\/cafeprensa.com.ar\/wp-content\/uploads\/2026\/04\/IMG-20260404-WA0022-2-1024x256.jpg\" alt=\"\" width=\"1024\" height=\"256\" srcset=\"https:\/\/cafeprensa.com.ar\/wp-content\/uploads\/2026\/04\/IMG-20260404-WA0022-2-1024x256.jpg 1024w, https:\/\/cafeprensa.com.ar\/wp-content\/uploads\/2026\/04\/IMG-20260404-WA0022-2-300x75.jpg 300w, https:\/\/cafeprensa.com.ar\/wp-content\/uploads\/2026\/04\/IMG-20260404-WA0022-2-768x192.jpg 768w, https:\/\/cafeprensa.com.ar\/wp-content\/uploads\/2026\/04\/IMG-20260404-WA0022-2-1536x384.jpg 1536w, https:\/\/cafeprensa.com.ar\/wp-content\/uploads\/2026\/04\/IMG-20260404-WA0022-2-2048x512.jpg 2048w\" sizes=\"auto, (max-width: 1024px) 100vw, 1024px\" \/><\/strong><\/p>\n<p>El taller de costura, que ya hab\u00eda recibido equipamiento en etapas anteriores, forma parte de un entramado comunitario m\u00e1s amplio que incluye un merendero que funciona los lunes, mi\u00e9rcoles y viernes, un grupo terap\u00e9utico para personas con adicciones los jueves, y actividades deportivas con m\u00e1s de 60 ni\u00f1os a cargo del profesor Mart\u00edn.<\/p>\n<p><strong>En ese marco, Lonac destac\u00f3 el trabajo sostenido de la universidad en el territorio. \u201cLa Universidad San Pablo-T tiene formado su consejo social desde hace siete a\u00f1os y hemos tomado como objetivo acompa\u00f1ar a sectores vulnerables. No se puede ayudar a todos, pero elegimos este barrio como eje de trabajo\u201d, se\u00f1al\u00f3.<\/strong><\/p>\n<hr \/>\n<p><strong><img loading=\"lazy\" decoding=\"async\" class=\"alignnone wp-image-16423 size-large\" src=\"https:\/\/cafeprensa.com.ar\/wp-content\/uploads\/2026\/04\/IMG-20260331-WA0033-1-1024x256.jpg\" alt=\"\" width=\"1024\" height=\"256\" srcset=\"https:\/\/cafeprensa.com.ar\/wp-content\/uploads\/2026\/04\/IMG-20260331-WA0033-1-1024x256.jpg 1024w, https:\/\/cafeprensa.com.ar\/wp-content\/uploads\/2026\/04\/IMG-20260331-WA0033-1-300x75.jpg 300w, https:\/\/cafeprensa.com.ar\/wp-content\/uploads\/2026\/04\/IMG-20260331-WA0033-1-768x192.jpg 768w, https:\/\/cafeprensa.com.ar\/wp-content\/uploads\/2026\/04\/IMG-20260331-WA0033-1-1536x384.jpg 1536w, https:\/\/cafeprensa.com.ar\/wp-content\/uploads\/2026\/04\/IMG-20260331-WA0033-1.jpg 1584w\" sizes=\"auto, (max-width: 1024px) 100vw, 1024px\" \/><\/strong><\/p>\n<p>Adem\u00e1s, remarc\u00f3 la importancia del nuevo equipamiento: \u201cGracias al contador Miguel Acevedo y a la Legislatura pudimos traer estas m\u00e1quinas industriales. Ahora vamos a capacitar a las mujeres para que puedan desarrollar un microemprendimiento y generar ingresos\u201d.<img loading=\"lazy\" decoding=\"async\" class=\"alignnone wp-image-16534 size-full\" src=\"https:\/\/cafeprensa.com.ar\/wp-content\/uploads\/2026\/04\/IMG-20260429-WA0072-768x512-1.jpg\" alt=\"\" width=\"768\" height=\"512\" srcset=\"https:\/\/cafeprensa.com.ar\/wp-content\/uploads\/2026\/04\/IMG-20260429-WA0072-768x512-1.jpg 768w, https:\/\/cafeprensa.com.ar\/wp-content\/uploads\/2026\/04\/IMG-20260429-WA0072-768x512-1-300x200.jpg 300w\" sizes=\"auto, (max-width: 768px) 100vw, 768px\" \/><\/p>\n<p><strong>La referente tambi\u00e9n adelant\u00f3 que el proyecto contempla nuevas obras para el barrio. \u201cEstamos trabajando en la construcci\u00f3n de una cancha de f\u00fatbol y una plaza, porque estos espacios son fundamentales para contener a los chicos y alejarlos de las adicciones\u201d, sostuvo.<\/strong><\/p>\n<p>Por su parte, V\u00edctor Guerra valor\u00f3 el impacto del taller en la comunidad. \u201cEsto es muy importante para nosotros. Ya tuvimos experiencias trabajando con la universidad, hicimos barbijos, bolsas ecol\u00f3gicas y otros productos. Ahora, con estas m\u00e1quinas, vamos a mejorar la calidad y ampliar el trabajo\u201d, expres\u00f3.<\/p>\n<p><strong>En la misma l\u00ednea, Mustaf\u00e1 subray\u00f3 el valor social del proyecto. \u201cEstas herramientas fortalecen el trabajo con los chicos, tanto desde lo terap\u00e9utico como desde lo productivo. El club funciona como un espacio de aprendizaje y tambi\u00e9n como un lugar para generar microemprendimientos\u201d, explic\u00f3.<\/strong><\/p>\n<hr \/>\n<p><strong><img loading=\"lazy\" decoding=\"async\" class=\"alignnone wp-image-16426 size-full\" src=\"https:\/\/cafeprensa.com.ar\/wp-content\/uploads\/2026\/04\/publicidades.imagen.afdf453de9248d2c.aW1hZ2VuLmdpZg.gif\" alt=\"\" width=\"728\" height=\"90\" \/><\/strong><\/p>\n<p>El referente tambi\u00e9n destac\u00f3 el rol de la articulaci\u00f3n institucional. \u201cCuando el Estado, la universidad y la comunidad trabajan juntos, se pueden generar mejores condiciones de vida. Este proyecto es un ejemplo de eso\u201d, afirm\u00f3.<\/p>\n<p><strong>La iniciativa se enmarca en un proceso de m\u00e1s de diez a\u00f1os de trabajo en el barrio, donde ya se avanz\u00f3 en la construcci\u00f3n de un sal\u00f3n de usos m\u00faltiples (SUM) y se proyectan nuevas obras para consolidar el espacio comunitario.<\/strong><\/p>\n<p>Con la incorporaci\u00f3n de estas nuevas herramientas, el objetivo es seguir fortaleciendo las oportunidades de formaci\u00f3n, trabajo y contenci\u00f3n en uno de los sectores m\u00e1s vulnerables de la capital tucumana. <img loading=\"lazy\" decoding=\"async\" class=\"alignnone wp-image-16447 size-full\" src=\"https:\/\/cafeprensa.com.ar\/wp-content\/uploads\/2026\/04\/Screenshot_20260422_105453_WhatsApp-1-1024x589-1.jpg\" alt=\"\" width=\"1024\" height=\"589\" srcset=\"https:\/\/cafeprensa.com.ar\/wp-content\/uploads\/2026\/04\/Screenshot_20260422_105453_WhatsApp-1-1024x589-1.jpg 1024w, https:\/\/cafeprensa.com.ar\/wp-content\/uploads\/2026\/04\/Screenshot_20260422_105453_WhatsApp-1-1024x589-1-300x173.jpg 300w, https:\/\/cafeprensa.com.ar\/wp-content\/uploads\/2026\/04\/Screenshot_20260422_105453_WhatsApp-1-1024x589-1-768x442.jpg 768w\" sizes=\"auto, (max-width: 1024px) 100vw, 1024px\" \/><\/p>\n<p><span style=\"font-size: 8pt;\"><strong>FUENTE: https:\/\/tucumandigital.com.ar\/2026\/04\/30\/entrega-de-maquinas-y-trabajo-territorial-la-san-pablo-t-y-la-legislatura-fortalecen-un-taller-en-los-vazquez\/<\/strong><\/span><\/p>\n<\/div>\n<\/div>\n<\/article>\n<\/div>\n","protected":false},"excerpt":{"rendered":"<p>La iniciativa apunta a impulsar microemprendimientos y contener a j\u00f3venes en situaci\u00f3n de vulnerabilidad en la capital tucumana. El Consejo Econ\u00f3mico y Social de la Universidad de San Pablo-T concret\u00f3 este martes la entrega de dos m\u00e1quinas de coser industriales destinadas a fortalecer un taller comunitario en el barrio Los V\u00e1zquez, ubicado en San Miguel &hellip;<\/p>\n","protected":false},"author":2,"featured_media":16535,"comment_status":"open","ping_status":"open","sticky":false,"template":"","format":"standard","meta":{"footnotes":""},"categories":[54,34],"tags":[2276,3241],"class_list":["post-16532","post","type-post","status-publish","format-standard","has-post-thumbnail","hentry","category-interes-ganeral","category-locales","tag-caty-lonac","tag-san-pablo-t"],"_links":{"self":[{"href":"https:\/\/cafeprensa.com.ar\/index.php\/wp-json\/wp\/v2\/posts\/16532","targetHints":{"allow":["GET"]}}],"collection":[{"href":"https:\/\/cafeprensa.com.ar\/index.php\/wp-json\/wp\/v2\/posts"}],"about":[{"href":"https:\/\/cafeprensa.com.ar\/index.php\/wp-json\/wp\/v2\/types\/post"}],"author":[{"embeddable":true,"href":"https:\/\/cafeprensa.com.ar\/index.php\/wp-json\/wp\/v2\/users\/2"}],"replies":[{"embeddable":true,"href":"https:\/\/cafeprensa.com.ar\/index.php\/wp-json\/wp\/v2\/comments?post=16532"}],"version-history":[{"count":1,"href":"https:\/\/cafeprensa.com.ar\/index.php\/wp-json\/wp\/v2\/posts\/16532\/revisions"}],"predecessor-version":[{"id":16536,"href":"https:\/\/cafeprensa.com.ar\/index.php\/wp-json\/wp\/v2\/posts\/16532\/revisions\/16536"}],"wp:featuredmedia":[{"embeddable":true,"href":"https:\/\/cafeprensa.com.ar\/index.php\/wp-json\/wp\/v2\/media\/16535"}],"wp:attachment":[{"href":"https:\/\/cafeprensa.com.ar\/index.php\/wp-json\/wp\/v2\/media?parent=16532"}],"wp:term":[{"taxonomy":"category","embeddable":true,"href":"https:\/\/cafeprensa.com.ar\/index.php\/wp-json\/wp\/v2\/categories?post=16532"},{"taxonomy":"post_tag","embeddable":true,"href":"https:\/\/cafeprensa.com.ar\/index.php\/wp-json\/wp\/v2\/tags?post=16532"}],"curies":[{"name":"wp","href":"https:\/\/api.w.org\/{rel}","templated":true}]}}