{"id":16537,"date":"2026-04-30T09:04:19","date_gmt":"2026-04-30T12:04:19","guid":{"rendered":"https:\/\/cafeprensa.com.ar\/?p=16537"},"modified":"2026-04-30T09:04:19","modified_gmt":"2026-04-30T12:04:19","slug":"cruce-entre-gonzalo-monteros-y-gerardo-huesen-por-los-reclamos-tras-las-inundaciones","status":"publish","type":"post","link":"https:\/\/cafeprensa.com.ar\/index.php\/2026\/04\/30\/cruce-entre-gonzalo-monteros-y-gerardo-huesen-por-los-reclamos-tras-las-inundaciones\/","title":{"rendered":"Cruce entre Gonzalo Monteros y Gerardo Huesen por los reclamos tras las inundaciones"},"content":{"rendered":"<p><strong>El diputado nacional cuestion\u00f3 al intendente de Banda del R\u00edo Sal\u00ed luego de los incidentes con vecinas afectadas por el temporal. \u201cPedir obras no es delito, intimidar a los vecinos s\u00ed\u201d, sostuvo.<\/strong><\/p>\n<hr \/>\n<p><strong><img loading=\"lazy\" decoding=\"async\" class=\"alignnone wp-image-16424 size-large\" src=\"https:\/\/cafeprensa.com.ar\/wp-content\/uploads\/2026\/04\/IMG-20260404-WA0022-2-1024x256.jpg\" alt=\"\" width=\"1024\" height=\"256\" srcset=\"https:\/\/cafeprensa.com.ar\/wp-content\/uploads\/2026\/04\/IMG-20260404-WA0022-2-1024x256.jpg 1024w, https:\/\/cafeprensa.com.ar\/wp-content\/uploads\/2026\/04\/IMG-20260404-WA0022-2-300x75.jpg 300w, https:\/\/cafeprensa.com.ar\/wp-content\/uploads\/2026\/04\/IMG-20260404-WA0022-2-768x192.jpg 768w, https:\/\/cafeprensa.com.ar\/wp-content\/uploads\/2026\/04\/IMG-20260404-WA0022-2-1536x384.jpg 1536w, https:\/\/cafeprensa.com.ar\/wp-content\/uploads\/2026\/04\/IMG-20260404-WA0022-2-2048x512.jpg 2048w\" sizes=\"auto, (max-width: 1024px) 100vw, 1024px\" \/><\/strong><\/p>\n<p>Los incidentes ocurridos en Graneros tras las inundaciones abrieron un nuevo cap\u00edtulo pol\u00edtico en Tucum\u00e1n. Lo que comenz\u00f3 como un reclamo vecinal por asistencia termin\u00f3 escalando en un cruce directo entre el intendente de Banda del R\u00edo Sal\u00ed,\u00a0<strong>Gonzalo Monteros<\/strong>, y el diputado nacional\u00a0<strong>Gerardo Huesen<\/strong>.<\/p>\n<p>Seg\u00fan denunciaron vecinas afectadas por el temporal, un grupo de mujeres intent\u00f3 entregar una nota a la intendenta\u00a0<strong>Raquel Graneros<\/strong>\u00a0para pedir respuestas luego de sufrir importantes p\u00e9rdidas materiales. Sin embargo, aseguraron que no fueron recibidas y que la situaci\u00f3n deriv\u00f3 en momentos de tensi\u00f3n con intervenci\u00f3n policial.<img loading=\"lazy\" decoding=\"async\" class=\"alignnone wp-image-16115 size-large\" src=\"https:\/\/cafeprensa.com.ar\/wp-content\/uploads\/2026\/04\/713bfa9a7c7a883ab9b795e51dc56f23-1-1024x288.webp\" alt=\"\" width=\"1024\" height=\"288\" srcset=\"https:\/\/cafeprensa.com.ar\/wp-content\/uploads\/2026\/04\/713bfa9a7c7a883ab9b795e51dc56f23-1-1024x288.webp 1024w, https:\/\/cafeprensa.com.ar\/wp-content\/uploads\/2026\/04\/713bfa9a7c7a883ab9b795e51dc56f23-1-300x84.webp 300w, https:\/\/cafeprensa.com.ar\/wp-content\/uploads\/2026\/04\/713bfa9a7c7a883ab9b795e51dc56f23-1-768x216.webp 768w, https:\/\/cafeprensa.com.ar\/wp-content\/uploads\/2026\/04\/713bfa9a7c7a883ab9b795e51dc56f23-1-1536x432.webp 1536w, https:\/\/cafeprensa.com.ar\/wp-content\/uploads\/2026\/04\/713bfa9a7c7a883ab9b795e51dc56f23-1-2048x576.webp 2048w\" sizes=\"auto, (max-width: 1024px) 100vw, 1024px\" \/><\/p>\n<h2>Huesen apunt\u00f3 contra Monteros<\/h2>\n<p>En ese contexto, Huesen sali\u00f3 al cruce de Monteros y rechaz\u00f3 la idea de que el reclamo haya sido una maniobra pol\u00edtica. Para el diputado, se trat\u00f3 de una reacci\u00f3n desesperada de familias que atraviesan una situaci\u00f3n l\u00edmite.<\/p>\n<blockquote><p>\u201cSr. Intendente, no se confunda\u2026 NO SON OPORTUNISTAS, son MUJERES QUE LO PERDIERON TODO, que hoy viven en la desesperaci\u00f3n de no poder brindarles nada a sus hijos\u201d, expres\u00f3.<\/p><\/blockquote>\n<p>El legislador nacional sostuvo que las vecinas solo buscaban hacer llegar un pedido de manera pac\u00edfica y cuestion\u00f3 la falta de canales institucionales para atender la demanda.<\/p>\n<blockquote><p>\u201cLo que hicieron fue tratar de encontrar a la intendenta, ya que ella no las recib\u00eda en su lugar de trabajo, porque no est\u00e1 o no las quiere recibir, solo para entregarle pac\u00edficamente un pedido\u201d, se\u00f1al\u00f3.<\/p><\/blockquote>\n<h2>Dos lecturas sobre el conflicto<\/h2>\n<p>El episodio expuso dos formas distintas de interpretar la crisis. Desde el oficialismo territorial, el reclamo fue le\u00eddo bajo la l\u00f3gica del oportunismo pol\u00edtico. Desde la oposici\u00f3n, en cambio, Huesen busc\u00f3 instalar que el conflicto responde a la falta de respuestas concretas frente a la emergencia social.<img loading=\"lazy\" decoding=\"async\" class=\"alignnone wp-image-16116 size-large\" src=\"https:\/\/cafeprensa.com.ar\/wp-content\/uploads\/2026\/04\/655454451_1351226433708218_7599175584347977023_n-1024x110.jpg\" alt=\"\" width=\"1024\" height=\"110\" srcset=\"https:\/\/cafeprensa.com.ar\/wp-content\/uploads\/2026\/04\/655454451_1351226433708218_7599175584347977023_n-1024x110.jpg 1024w, https:\/\/cafeprensa.com.ar\/wp-content\/uploads\/2026\/04\/655454451_1351226433708218_7599175584347977023_n-300x32.jpg 300w, https:\/\/cafeprensa.com.ar\/wp-content\/uploads\/2026\/04\/655454451_1351226433708218_7599175584347977023_n-768x82.jpg 768w, https:\/\/cafeprensa.com.ar\/wp-content\/uploads\/2026\/04\/655454451_1351226433708218_7599175584347977023_n-1536x164.jpg 1536w, https:\/\/cafeprensa.com.ar\/wp-content\/uploads\/2026\/04\/655454451_1351226433708218_7599175584347977023_n.jpg 2048w\" sizes=\"auto, (max-width: 1024px) 100vw, 1024px\" \/><\/p>\n<p>La frase que sintetiz\u00f3 su postura fue directa:<\/p>\n<blockquote><p>\u201cPedir obras no es delito, intimidar a los vecinos s\u00ed\u201d.<\/p><\/blockquote>\n<p>Con esa definici\u00f3n, el diputado nacional intent\u00f3 correr el eje del debate: no poner el foco en la protesta, sino en las razones que llevaron a las vecinas a salir a reclamar.<\/p>\n<h2>Graneros como escenario de una disputa mayor<\/h2>\n<p>El conflicto en Graneros dej\u00f3 de ser solo un hecho local. La intervenci\u00f3n de Huesen y la menci\u00f3n directa a Monteros transformaron el episodio en una disputa pol\u00edtica m\u00e1s amplia sobre la respuesta del Estado ante las inundaciones y la asistencia a los sectores m\u00e1s afectados.<\/p>\n<p>En el fondo, lo que se discute es qui\u00e9n logra imponer el sentido de lo ocurrido: si se trat\u00f3 de una protesta utilizada pol\u00edticamente o de un reclamo leg\u00edtimo de familias que perdieron bienes, seguridad y tranquilidad.<\/p>\n<div class=\"twitter-tweet twitter-tweet-rendered\"><iframe id=\"twitter-widget-0\" class=\"\" title=\"X Post\" src=\"https:\/\/platform.twitter.com\/embed\/Tweet.html?dnt=false&amp;embedId=twitter-widget-0&amp;features=eyJ0ZndfdGltZWxpbmVfbGlzdCI6eyJidWNrZXQiOltdLCJ2ZXJzaW9uIjpudWxsfSwidGZ3X2ZvbGxvd2VyX2NvdW50X3N1bnNldCI6eyJidWNrZXQiOnRydWUsInZlcnNpb24iOm51bGx9LCJ0ZndfdHdlZXRfZWRpdF9iYWNrZW5kIjp7ImJ1Y2tldCI6Im9uIiwidmVyc2lvbiI6bnVsbH0sInRmd19yZWZzcmNfc2Vzc2lvbiI6eyJidWNrZXQiOiJvbiIsInZlcnNpb24iOm51bGx9LCJ0ZndfZm9zbnJfc29mdF9pbnRlcnZlbnRpb25zX2VuYWJsZWQiOnsiYnVja2V0Ijoib24iLCJ2ZXJzaW9uIjpudWxsfSwidGZ3X21peGVkX21lZGlhXzE1ODk3Ijp7ImJ1Y2tldCI6InRyZWF0bWVudCIsInZlcnNpb24iOm51bGx9LCJ0ZndfZXhwZXJpbWVudHNfY29va2llX2V4cGlyYXRpb24iOnsiYnVja2V0IjoxMjA5NjAwLCJ2ZXJzaW9uIjpudWxsfSwidGZ3X3Nob3dfYmlyZHdhdGNoX3Bpdm90c19lbmFibGVkIjp7ImJ1Y2tldCI6Im9uIiwidmVyc2lvbiI6bnVsbH0sInRmd19kdXBsaWNhdGVfc2NyaWJlc190b19zZXR0aW5ncyI6eyJidWNrZXQiOiJvbiIsInZlcnNpb24iOm51bGx9LCJ0ZndfdXNlX3Byb2ZpbGVfaW1hZ2Vfc2hhcGVfZW5hYmxlZCI6eyJidWNrZXQiOiJvbiIsInZlcnNpb24iOm51bGx9LCJ0ZndfdmlkZW9faGxzX2R5bmFtaWNfbWFuaWZlc3RzXzE1MDgyIjp7ImJ1Y2tldCI6InRydWVfYml0cmF0ZSIsInZlcnNpb24iOm51bGx9LCJ0ZndfbGVnYWN5X3RpbWVsaW5lX3N1bnNldCI6eyJidWNrZXQiOnRydWUsInZlcnNpb24iOm51bGx9LCJ0ZndfdHdlZXRfZWRpdF9mcm9udGVuZCI6eyJidWNrZXQiOiJvbiIsInZlcnNpb24iOm51bGx9fQ%3D%3D&amp;frame=false&amp;hideCard=false&amp;hideThread=false&amp;id=2049488823210455459&amp;lang=es&amp;origin=https%3A%2F%2Fquediario.com.ar%2F2026%2F04%2F29%2Fcruce-entre-gonzalo-monteros-y-gerardo-huesen-por-los-reclamos-tras-las-inundaciones%2F&amp;sessionId=ffc3fd2d35af42a525ea9143488abea1498370af&amp;theme=light&amp;widgetsVersion=2615f7e52b7e0%3A1702314776716&amp;width=550px\" frameborder=\"0\" scrolling=\"no\" allowfullscreen=\"allowfullscreen\" data-tweet-id=\"2049488823210455459\" data-mce-fragment=\"1\"><\/iframe><\/div>\n<p><strong>Mientras tanto, los vecinos de Graneros contin\u00faan reclamando soluciones concretas, obras y mayor presencia estatal. La crisis h\u00eddrica volvi\u00f3 a dejar al descubierto una tensi\u00f3n que excede al barro: cuando la asistencia no llega a tiempo, la pol\u00edtica suele llegar tarde y en forma de conflicto.<img loading=\"lazy\" decoding=\"async\" class=\"alignnone wp-image-16447 size-full\" src=\"https:\/\/cafeprensa.com.ar\/wp-content\/uploads\/2026\/04\/Screenshot_20260422_105453_WhatsApp-1-1024x589-1.jpg\" alt=\"\" width=\"1024\" height=\"589\" srcset=\"https:\/\/cafeprensa.com.ar\/wp-content\/uploads\/2026\/04\/Screenshot_20260422_105453_WhatsApp-1-1024x589-1.jpg 1024w, https:\/\/cafeprensa.com.ar\/wp-content\/uploads\/2026\/04\/Screenshot_20260422_105453_WhatsApp-1-1024x589-1-300x173.jpg 300w, https:\/\/cafeprensa.com.ar\/wp-content\/uploads\/2026\/04\/Screenshot_20260422_105453_WhatsApp-1-1024x589-1-768x442.jpg 768w\" sizes=\"auto, (max-width: 1024px) 100vw, 1024px\" \/><\/strong><\/p>\n<p><span style=\"font-size: 8pt;\"><strong>FUENTE: <img loading=\"lazy\" decoding=\"async\" class=\"alignnone  wp-image-16332\" src=\"https:\/\/cafeprensa.com.ar\/wp-content\/uploads\/2026\/04\/descarga-removebg-preview-111.png\" alt=\"\" width=\"30\" height=\"28\" \/>https:\/\/quediario.com.ar\/2026\/04\/29\/cruce-entre-gonzalo-monteros-y-gerardo-huesen-por-los-reclamos-tras-las-inundaciones\/<\/strong><\/span><\/p>\n","protected":false},"excerpt":{"rendered":"<p>El diputado nacional cuestion\u00f3 al intendente de Banda del R\u00edo Sal\u00ed luego de los incidentes con vecinas afectadas por el temporal. \u201cPedir obras no es delito, intimidar a los vecinos s\u00ed\u201d, sostuvo. Los incidentes ocurridos en Graneros tras las inundaciones abrieron un nuevo cap\u00edtulo pol\u00edtico en Tucum\u00e1n. Lo que comenz\u00f3 como un reclamo vecinal por &hellip;<\/p>\n","protected":false},"author":2,"featured_media":16538,"comment_status":"open","ping_status":"open","sticky":false,"template":"","format":"standard","meta":{"footnotes":""},"categories":[34,25],"tags":[],"class_list":["post-16537","post","type-post","status-publish","format-standard","has-post-thumbnail","hentry","category-locales","category-politica"],"_links":{"self":[{"href":"https:\/\/cafeprensa.com.ar\/index.php\/wp-json\/wp\/v2\/posts\/16537","targetHints":{"allow":["GET"]}}],"collection":[{"href":"https:\/\/cafeprensa.com.ar\/index.php\/wp-json\/wp\/v2\/posts"}],"about":[{"href":"https:\/\/cafeprensa.com.ar\/index.php\/wp-json\/wp\/v2\/types\/post"}],"author":[{"embeddable":true,"href":"https:\/\/cafeprensa.com.ar\/index.php\/wp-json\/wp\/v2\/users\/2"}],"replies":[{"embeddable":true,"href":"https:\/\/cafeprensa.com.ar\/index.php\/wp-json\/wp\/v2\/comments?post=16537"}],"version-history":[{"count":1,"href":"https:\/\/cafeprensa.com.ar\/index.php\/wp-json\/wp\/v2\/posts\/16537\/revisions"}],"predecessor-version":[{"id":16539,"href":"https:\/\/cafeprensa.com.ar\/index.php\/wp-json\/wp\/v2\/posts\/16537\/revisions\/16539"}],"wp:featuredmedia":[{"embeddable":true,"href":"https:\/\/cafeprensa.com.ar\/index.php\/wp-json\/wp\/v2\/media\/16538"}],"wp:attachment":[{"href":"https:\/\/cafeprensa.com.ar\/index.php\/wp-json\/wp\/v2\/media?parent=16537"}],"wp:term":[{"taxonomy":"category","embeddable":true,"href":"https:\/\/cafeprensa.com.ar\/index.php\/wp-json\/wp\/v2\/categories?post=16537"},{"taxonomy":"post_tag","embeddable":true,"href":"https:\/\/cafeprensa.com.ar\/index.php\/wp-json\/wp\/v2\/tags?post=16537"}],"curies":[{"name":"wp","href":"https:\/\/api.w.org\/{rel}","templated":true}]}}