{"id":16545,"date":"2026-04-30T10:19:13","date_gmt":"2026-04-30T13:19:13","guid":{"rendered":"https:\/\/cafeprensa.com.ar\/?p=16545"},"modified":"2026-04-30T10:19:13","modified_gmt":"2026-04-30T13:19:13","slug":"salta-teje-reglas-para-un-negocio-sustentable-con-la-fibra-de-vicuna","status":"publish","type":"post","link":"https:\/\/cafeprensa.com.ar\/index.php\/2026\/04\/30\/salta-teje-reglas-para-un-negocio-sustentable-con-la-fibra-de-vicuna\/","title":{"rendered":"Salta teje reglas para un negocio sustentable con la fibra de vicu\u00f1a"},"content":{"rendered":"<p class=\"fs-46 mb-4\"><span style=\"font-size: 16px; font-weight: 400;\">Avanza una ley para ordenar la producci\u00f3n e industrializaci\u00f3n de este recurso con alto valor agregado, con un concepto amigable con el ambiente y el entorno.<img loading=\"lazy\" decoding=\"async\" class=\"alignnone wp-image-16425 size-full\" src=\"https:\/\/cafeprensa.com.ar\/wp-content\/uploads\/2026\/04\/Loteo-las-pircas-1.jpg\" alt=\"\" width=\"970\" height=\"90\" srcset=\"https:\/\/cafeprensa.com.ar\/wp-content\/uploads\/2026\/04\/Loteo-las-pircas-1.jpg 970w, https:\/\/cafeprensa.com.ar\/wp-content\/uploads\/2026\/04\/Loteo-las-pircas-1-300x28.jpg 300w, https:\/\/cafeprensa.com.ar\/wp-content\/uploads\/2026\/04\/Loteo-las-pircas-1-768x71.jpg 768w\" sizes=\"auto, (max-width: 970px) 100vw, 970px\" \/> <\/span><\/p>\n<p class=\"fs-46 mb-4\">El gobierno de <strong>Salta\u00a0<\/strong>avanza en un marco legal para el\u00a0<strong>manejo y aprovechamiento sustentable de la fibra de vicu\u00f1a<\/strong>, un recurso de alto valor agregado en la provincia y promover una industrializaci\u00f3n y comercializaci\u00f3n de manera regulada, bajo un concepto claro: conservar para producir y producir para conservar.<\/p>\n<div class=\"post-desarrollo fs-18 clearfix my-7\">\n<p><strong>La Puna juje\u00f1a alberga uno de los recursos naturales m\u00e1s singulares del planeta: la vicu\u00f1a, cuya fibra es considerada la m\u00e1s fina del mundo. Con una poblaci\u00f3n en crecimiento sostenido.\u00a0El proyecto de ley de conservaci\u00f3n de la vicu\u00f1a y aprovechamiento de su fibra, impulsado por el Poder Ejecutivo provincial, obtuvo media sanci\u00f3n en la C\u00e1mara de Diputados y contin\u00faa su tratamiento en el Senado. <img loading=\"lazy\" decoding=\"async\" class=\"alignnone wp-image-16464 size-large\" src=\"https:\/\/cafeprensa.com.ar\/wp-content\/uploads\/2026\/04\/img5-1-1024x342.webp\" alt=\"\" width=\"1024\" height=\"342\" srcset=\"https:\/\/cafeprensa.com.ar\/wp-content\/uploads\/2026\/04\/img5-1-1024x342.webp 1024w, https:\/\/cafeprensa.com.ar\/wp-content\/uploads\/2026\/04\/img5-1-300x100.webp 300w, https:\/\/cafeprensa.com.ar\/wp-content\/uploads\/2026\/04\/img5-1-768x256.webp 768w, https:\/\/cafeprensa.com.ar\/wp-content\/uploads\/2026\/04\/img5-1-1536x512.webp 1536w, https:\/\/cafeprensa.com.ar\/wp-content\/uploads\/2026\/04\/img5-1-2048x683.webp 2048w\" sizes=\"auto, (max-width: 1024px) 100vw, 1024px\" \/><\/strong><\/p>\n<p>El eje sustentable del proyecto descansa en una tecnolog\u00eda ancestral:\u00a0<strong>el chaku<\/strong>. Este procedimiento de origen prehisp\u00e1nico permite reunir a las vicu\u00f1as, esquilarlas y liberarlas sin causarles da\u00f1o. <strong>La iniciativa no solo preserva esta pr\u00e1ctica, sino que la integra formalmente al esquema productivo como m\u00e9todo exclusivo y obligatorio, en l\u00ednea con las exigencias del mercado internacional de fibras de lujo.<\/strong><\/p>\n<p>La\u00a0<strong>prohibici\u00f3n de caza\u00a0<\/strong>se mantiene de forma expl\u00edcita en el texto, y el esquema propuesto incorpora mecanismos de control, monitoreo poblacional y seguimiento por parte de la autoridad de aplicaci\u00f3n, garantizando que el aprovechamiento no comprometa la viabilidad de la especie a largo plazo.<\/p>\n<figure class=\"image\"><img loading=\"lazy\" decoding=\"async\" src=\"https:\/\/ecobiz.com.ar\/data\/img_cont\/ckeditor\/images\/vicu%C3%B1as2.jpg\" alt=\"\" width=\"1280\" height=\"720\" \/><figcaption><span style=\"font-size: 8pt;\"><strong>Los funcionarios del Ejecutivo salte\u00f1o se reunieron con legisladores para analizar los alcances del proyecto que tiene media sanci\u00f3n en Diputados.<\/strong><\/span><\/figcaption><\/figure>\n<p>El enfoque configura un<strong>\u00a0triple impacto<\/strong>: ambiental, al asegurar la preservaci\u00f3n de la especie bajo est\u00e1ndares internacionales; sociocultural, al revalorizar el chaku como pr\u00e1ctica viva y regulada; y econ\u00f3mico, al habilitar nuevas fuentes de ingreso para las comunidades de la Puna vinculadas a la fibra de mayor valor del mercado textil mundial.<\/p>\n<p><strong>Desde el punto de vista normativo, el proyecto responde a una necesidad concreta: el crecimiento sostenido de la poblaci\u00f3n de vicu\u00f1as ha generado una presi\u00f3n sobre el ecosistema y sobre las comunidades que conviven con la especie, que el marco legal vigente ya no puede ordenar adecuadamente. La actualizaci\u00f3n legislativa busca saldar esa brecha con criterios t\u00e9cnicos actualizados.<\/strong><\/p>\n<p>La iniciativa establece un sistema de habilitaciones reguladas para la esquila, con intervenci\u00f3n directa del organismo de aplicaci\u00f3n provincial. Se contemplan est\u00e1ndares de rastreabilidad para la fibra obtenida &#8211; requisito indispensable para acceder a mercados de exportaci\u00f3n &#8211; y se incorpora el plan de manejo como instrumento vinculante, revisable y adaptable a las variaciones poblacionales.<img loading=\"lazy\" decoding=\"async\" class=\"alignnone wp-image-16423 size-large\" src=\"https:\/\/cafeprensa.com.ar\/wp-content\/uploads\/2026\/04\/IMG-20260331-WA0033-1-1024x256.jpg\" alt=\"\" width=\"1024\" height=\"256\" srcset=\"https:\/\/cafeprensa.com.ar\/wp-content\/uploads\/2026\/04\/IMG-20260331-WA0033-1-1024x256.jpg 1024w, https:\/\/cafeprensa.com.ar\/wp-content\/uploads\/2026\/04\/IMG-20260331-WA0033-1-300x75.jpg 300w, https:\/\/cafeprensa.com.ar\/wp-content\/uploads\/2026\/04\/IMG-20260331-WA0033-1-768x192.jpg 768w, https:\/\/cafeprensa.com.ar\/wp-content\/uploads\/2026\/04\/IMG-20260331-WA0033-1-1536x384.jpg 1536w, https:\/\/cafeprensa.com.ar\/wp-content\/uploads\/2026\/04\/IMG-20260331-WA0033-1.jpg 1584w\" sizes=\"auto, (max-width: 1024px) 100vw, 1024px\" \/><\/p>\n<p><strong>El Ministerio de Producci\u00f3n y Miner\u00eda\u00a0<\/strong>enmarca la iniciativa dentro de su rol en el dise\u00f1o de pol\u00edticas p\u00fablicas que ordenen el desarrollo productivo sin resignar la protecci\u00f3n de los recursos naturales, articulando competencias de las\u00a0<strong>secretar\u00edas de Desarrollo Agropecuario y de Ambiente y Desarrollo Sustentable<\/strong>\u00a0en una <strong>perspectiva intersectorial poco frecuente en este tipo de legislaci\u00f3n.<\/strong><\/p>\n<p><strong>Con media sanci\u00f3n obtenida en Diputados, el texto pasar\u00e1 al an\u00e1lisis del Senado. Si se aprueba, Jujuy contar\u00e1 con una legislaci\u00f3n de referencia en el manejo de fauna silvestre con aprovechamiento econ\u00f3mico regulado, un modelo con potencial de replicarse en otras provincias de la regi\u00f3n andina.<\/strong><\/p>\n<figure class=\"image\"><img loading=\"lazy\" decoding=\"async\" src=\"https:\/\/ecobiz.com.ar\/data\/img_cont\/ckeditor\/images\/fibra%20de%20vicu%C3%B1a.jpg\" alt=\"\" width=\"1280\" height=\"720\" \/><figcaption><span style=\"font-size: 8pt;\"><strong>La fibra de vicu\u00f1a es considerada\u00a0la m\u00e1s fina del mundo.<\/strong><\/span><\/figcaption><\/figure>\n<p>La iniciativa fue presentada en una reuni\u00f3n de trabajo conjunta con las comisiones de Producci\u00f3n, Ambiente y Legislaci\u00f3n, donde el Ministerio de Producci\u00f3n y Miner\u00eda expuso los fundamentos t\u00e9cnicos, ambientales y socioculturales del proyecto. <img loading=\"lazy\" decoding=\"async\" class=\"alignnone wp-image-16116 size-large\" src=\"https:\/\/cafeprensa.com.ar\/wp-content\/uploads\/2026\/04\/655454451_1351226433708218_7599175584347977023_n-1024x110.jpg\" alt=\"\" width=\"1024\" height=\"110\" srcset=\"https:\/\/cafeprensa.com.ar\/wp-content\/uploads\/2026\/04\/655454451_1351226433708218_7599175584347977023_n-1024x110.jpg 1024w, https:\/\/cafeprensa.com.ar\/wp-content\/uploads\/2026\/04\/655454451_1351226433708218_7599175584347977023_n-300x32.jpg 300w, https:\/\/cafeprensa.com.ar\/wp-content\/uploads\/2026\/04\/655454451_1351226433708218_7599175584347977023_n-768x82.jpg 768w, https:\/\/cafeprensa.com.ar\/wp-content\/uploads\/2026\/04\/655454451_1351226433708218_7599175584347977023_n-1536x164.jpg 1536w, https:\/\/cafeprensa.com.ar\/wp-content\/uploads\/2026\/04\/655454451_1351226433708218_7599175584347977023_n.jpg 2048w\" sizes=\"auto, (max-width: 1024px) 100vw, 1024px\" \/><\/p>\n<p><strong>El secretario de Desarrollo Agropecuario, Diego Dorigato, y el secretario de Ambiente y Desarrollo Sustentable, Alejandro Aldaz\u00e1bal, encabezaron la exposici\u00f3n t\u00e9cnica respaldada en el plan de manejo de la vicu\u00f1a, un instrumento que articula criterios de conservaci\u00f3n, manejo responsable y condiciones de aprovechamiento regulado.<img loading=\"lazy\" decoding=\"async\" class=\"alignnone wp-image-16447 size-full\" src=\"https:\/\/cafeprensa.com.ar\/wp-content\/uploads\/2026\/04\/Screenshot_20260422_105453_WhatsApp-1-1024x589-1.jpg\" alt=\"\" width=\"1024\" height=\"589\" srcset=\"https:\/\/cafeprensa.com.ar\/wp-content\/uploads\/2026\/04\/Screenshot_20260422_105453_WhatsApp-1-1024x589-1.jpg 1024w, https:\/\/cafeprensa.com.ar\/wp-content\/uploads\/2026\/04\/Screenshot_20260422_105453_WhatsApp-1-1024x589-1-300x173.jpg 300w, https:\/\/cafeprensa.com.ar\/wp-content\/uploads\/2026\/04\/Screenshot_20260422_105453_WhatsApp-1-1024x589-1-768x442.jpg 768w\" sizes=\"auto, (max-width: 1024px) 100vw, 1024px\" \/><\/strong><\/p>\n<p><span style=\"font-size: 8pt;\"><strong>FUENTE:https:\/\/ecobiz.com.ar\/nota\/1442-Salta-teje-reglas-para-un-negocio-sustentable-con-la-fibra-de-vicua<\/strong><\/span><\/p>\n<\/div>\n","protected":false},"excerpt":{"rendered":"<p>Avanza una ley para ordenar la producci\u00f3n e industrializaci\u00f3n de este recurso con alto valor agregado, con un concepto amigable con el ambiente y el entorno. El gobierno de Salta\u00a0avanza en un marco legal para el\u00a0manejo y aprovechamiento sustentable de la fibra de vicu\u00f1a, un recurso de alto valor agregado en la provincia y promover &hellip;<\/p>\n","protected":false},"author":2,"featured_media":16546,"comment_status":"open","ping_status":"open","sticky":false,"template":"","format":"standard","meta":{"footnotes":""},"categories":[1,1611,33],"tags":[236,96,3243],"class_list":["post-16545","post","type-post","status-publish","format-standard","has-post-thumbnail","hentry","category-blog","category-legislatura-de-tucuman","category-nacionales","tag-legislatura","tag-salta","tag-vicunas"],"_links":{"self":[{"href":"https:\/\/cafeprensa.com.ar\/index.php\/wp-json\/wp\/v2\/posts\/16545","targetHints":{"allow":["GET"]}}],"collection":[{"href":"https:\/\/cafeprensa.com.ar\/index.php\/wp-json\/wp\/v2\/posts"}],"about":[{"href":"https:\/\/cafeprensa.com.ar\/index.php\/wp-json\/wp\/v2\/types\/post"}],"author":[{"embeddable":true,"href":"https:\/\/cafeprensa.com.ar\/index.php\/wp-json\/wp\/v2\/users\/2"}],"replies":[{"embeddable":true,"href":"https:\/\/cafeprensa.com.ar\/index.php\/wp-json\/wp\/v2\/comments?post=16545"}],"version-history":[{"count":1,"href":"https:\/\/cafeprensa.com.ar\/index.php\/wp-json\/wp\/v2\/posts\/16545\/revisions"}],"predecessor-version":[{"id":16548,"href":"https:\/\/cafeprensa.com.ar\/index.php\/wp-json\/wp\/v2\/posts\/16545\/revisions\/16548"}],"wp:featuredmedia":[{"embeddable":true,"href":"https:\/\/cafeprensa.com.ar\/index.php\/wp-json\/wp\/v2\/media\/16546"}],"wp:attachment":[{"href":"https:\/\/cafeprensa.com.ar\/index.php\/wp-json\/wp\/v2\/media?parent=16545"}],"wp:term":[{"taxonomy":"category","embeddable":true,"href":"https:\/\/cafeprensa.com.ar\/index.php\/wp-json\/wp\/v2\/categories?post=16545"},{"taxonomy":"post_tag","embeddable":true,"href":"https:\/\/cafeprensa.com.ar\/index.php\/wp-json\/wp\/v2\/tags?post=16545"}],"curies":[{"name":"wp","href":"https:\/\/api.w.org\/{rel}","templated":true}]}}