{"id":16553,"date":"2026-04-30T17:32:24","date_gmt":"2026-04-30T20:32:24","guid":{"rendered":"https:\/\/cafeprensa.com.ar\/?p=16553"},"modified":"2026-04-30T17:32:24","modified_gmt":"2026-04-30T20:32:24","slug":"el-hijo-del-ex-intendente-german-alfaro-fue-nombrado-en-el-pami","status":"publish","type":"post","link":"https:\/\/cafeprensa.com.ar\/index.php\/2026\/04\/30\/el-hijo-del-ex-intendente-german-alfaro-fue-nombrado-en-el-pami\/","title":{"rendered":"El hijo del ex-Intendente German Alfaro fue nombrado en el PAMI"},"content":{"rendered":"<h6>La designaci\u00f3n expone acuerdos entre el alfarismo y el peronismo, mientras crecen los cuestionamientos y se fortalece el discurso de cambio impulsado por La Libertad Avanza.<img loading=\"lazy\" decoding=\"async\" class=\"alignnone wp-image-16555 size-full\" src=\"https:\/\/cafeprensa.com.ar\/wp-content\/uploads\/2026\/04\/u8l6pm5fd9ex1oa2emjw.webp\" alt=\"\" width=\"803\" height=\"422\" srcset=\"https:\/\/cafeprensa.com.ar\/wp-content\/uploads\/2026\/04\/u8l6pm5fd9ex1oa2emjw.webp 803w, https:\/\/cafeprensa.com.ar\/wp-content\/uploads\/2026\/04\/u8l6pm5fd9ex1oa2emjw-300x158.webp 300w, https:\/\/cafeprensa.com.ar\/wp-content\/uploads\/2026\/04\/u8l6pm5fd9ex1oa2emjw-768x404.webp 768w\" sizes=\"auto, (max-width: 803px) 100vw, 803px\" \/><\/h6>\n<p>El nombramiento de Daniel Alfaro, hijo del exintendente de San Miguel de Tucum\u00e1n Germ\u00e1n Alfaro, en el PAMI local dej\u00f3 al descubierto un esquema de acuerdos pol\u00edticos entre sectores tradicionales de la provincia.<\/p>\n<p><strong>La designaci\u00f3n, lejos de responder a un proceso transparente o meritocr\u00e1tico, se enmarca en negociaciones entre el alfarismo y el peronismo gobernante. Detr\u00e1s de la decisi\u00f3n aparece la figura del gobernador Osvaldo Jaldo. Este tipo de movimientos refuerza la percepci\u00f3n de que los cargos p\u00fablicos contin\u00faan siendo utilizados como moneda de cambio pol\u00edtico.<img loading=\"lazy\" decoding=\"async\" class=\"alignnone wp-image-16463 size-large\" src=\"https:\/\/cafeprensa.com.ar\/wp-content\/uploads\/2026\/04\/img4-1-1024x288.webp\" alt=\"\" width=\"1024\" height=\"288\" srcset=\"https:\/\/cafeprensa.com.ar\/wp-content\/uploads\/2026\/04\/img4-1-1024x288.webp 1024w, https:\/\/cafeprensa.com.ar\/wp-content\/uploads\/2026\/04\/img4-1-300x84.webp 300w, https:\/\/cafeprensa.com.ar\/wp-content\/uploads\/2026\/04\/img4-1-768x216.webp 768w, https:\/\/cafeprensa.com.ar\/wp-content\/uploads\/2026\/04\/img4-1-1536x432.webp 1536w, https:\/\/cafeprensa.com.ar\/wp-content\/uploads\/2026\/04\/img4-1-2048x576.webp 2048w\" sizes=\"auto, (max-width: 1024px) 100vw, 1024px\" \/><\/strong><\/p>\n<p>El caso tambi\u00e9n salpica al entorno de Alfaro, donde figura la senadora Beatriz \u00c1vila, consolidando una red de poder que trasciende partidos y pone en duda la independencia de las decisiones.<\/p>\n<p><strong>En este contexto, crece el rechazo social hacia las pr\u00e1cticas tradicionales y toma fuerza el discurso de renovaci\u00f3n que propone Javier Milei y La Libertad Avanza, que se posiciona como alternativa frente a un sistema pol\u00edtico cuestionado por los mismos mecanismos de siempre.<img loading=\"lazy\" decoding=\"async\" class=\"alignnone wp-image-16447 size-full\" src=\"https:\/\/cafeprensa.com.ar\/wp-content\/uploads\/2026\/04\/Screenshot_20260422_105453_WhatsApp-1-1024x589-1.jpg\" alt=\"\" width=\"1024\" height=\"589\" srcset=\"https:\/\/cafeprensa.com.ar\/wp-content\/uploads\/2026\/04\/Screenshot_20260422_105453_WhatsApp-1-1024x589-1.jpg 1024w, https:\/\/cafeprensa.com.ar\/wp-content\/uploads\/2026\/04\/Screenshot_20260422_105453_WhatsApp-1-1024x589-1-300x173.jpg 300w, https:\/\/cafeprensa.com.ar\/wp-content\/uploads\/2026\/04\/Screenshot_20260422_105453_WhatsApp-1-1024x589-1-768x442.jpg 768w\" sizes=\"auto, (max-width: 1024px) 100vw, 1024px\" \/><\/strong><\/p>\n","protected":false},"excerpt":{"rendered":"<p>La designaci\u00f3n expone acuerdos entre el alfarismo y el peronismo, mientras crecen los cuestionamientos y se fortalece el discurso de cambio impulsado por La Libertad Avanza. El nombramiento de Daniel Alfaro, hijo del exintendente de San Miguel de Tucum\u00e1n Germ\u00e1n Alfaro, en el PAMI local dej\u00f3 al descubierto un esquema de acuerdos pol\u00edticos entre sectores &hellip;<\/p>\n","protected":false},"author":2,"featured_media":16554,"comment_status":"open","ping_status":"open","sticky":false,"template":"","format":"standard","meta":{"footnotes":""},"categories":[34,25],"tags":[266],"class_list":["post-16553","post","type-post","status-publish","format-standard","has-post-thumbnail","hentry","category-locales","category-politica","tag-german-alfaro"],"_links":{"self":[{"href":"https:\/\/cafeprensa.com.ar\/index.php\/wp-json\/wp\/v2\/posts\/16553","targetHints":{"allow":["GET"]}}],"collection":[{"href":"https:\/\/cafeprensa.com.ar\/index.php\/wp-json\/wp\/v2\/posts"}],"about":[{"href":"https:\/\/cafeprensa.com.ar\/index.php\/wp-json\/wp\/v2\/types\/post"}],"author":[{"embeddable":true,"href":"https:\/\/cafeprensa.com.ar\/index.php\/wp-json\/wp\/v2\/users\/2"}],"replies":[{"embeddable":true,"href":"https:\/\/cafeprensa.com.ar\/index.php\/wp-json\/wp\/v2\/comments?post=16553"}],"version-history":[{"count":1,"href":"https:\/\/cafeprensa.com.ar\/index.php\/wp-json\/wp\/v2\/posts\/16553\/revisions"}],"predecessor-version":[{"id":16556,"href":"https:\/\/cafeprensa.com.ar\/index.php\/wp-json\/wp\/v2\/posts\/16553\/revisions\/16556"}],"wp:featuredmedia":[{"embeddable":true,"href":"https:\/\/cafeprensa.com.ar\/index.php\/wp-json\/wp\/v2\/media\/16554"}],"wp:attachment":[{"href":"https:\/\/cafeprensa.com.ar\/index.php\/wp-json\/wp\/v2\/media?parent=16553"}],"wp:term":[{"taxonomy":"category","embeddable":true,"href":"https:\/\/cafeprensa.com.ar\/index.php\/wp-json\/wp\/v2\/categories?post=16553"},{"taxonomy":"post_tag","embeddable":true,"href":"https:\/\/cafeprensa.com.ar\/index.php\/wp-json\/wp\/v2\/tags?post=16553"}],"curies":[{"name":"wp","href":"https:\/\/api.w.org\/{rel}","templated":true}]}}