{"id":16565,"date":"2026-05-01T21:19:33","date_gmt":"2026-05-02T00:19:33","guid":{"rendered":"https:\/\/cafeprensa.com.ar\/?p=16565"},"modified":"2026-05-01T21:21:12","modified_gmt":"2026-05-02T00:21:12","slug":"el-gobierno-de-osvaldo-jaldo-tiene-una-deuda-de-mas-de-1-300-millones","status":"publish","type":"post","link":"https:\/\/cafeprensa.com.ar\/index.php\/2026\/05\/01\/el-gobierno-de-osvaldo-jaldo-tiene-una-deuda-de-mas-de-1-300-millones\/","title":{"rendered":"El gobierno de Osvaldo Jaldo tiene una deuda de m\u00e1s de 1.300 millones con la ciudad de Concepci\u00f2n"},"content":{"rendered":"<div class=\"the-post-header s-head-modern s-head-modern-a\">\n<div class=\"post-share post-share-b spc-social-colors post-share-b1\"><span style=\"font-weight: bold;\">La Municipalidad de Concepci\u00f3n encendi\u00f3 la pol\u00e9mica en Tucum\u00e1n tras denunciar p\u00fablicamente que el Gobierno provincial mantiene una deuda cercana a los $1.300 millones correspondiente al Fondo de Desarrollo del Interior (FDI). <img loading=\"lazy\" decoding=\"async\" class=\"alignnone wp-image-16569 size-full\" src=\"https:\/\/cafeprensa.com.ar\/wp-content\/uploads\/2026\/05\/gmukc20nifxxif0scyuq.jpg\" alt=\"\" width=\"730\" height=\"473\" srcset=\"https:\/\/cafeprensa.com.ar\/wp-content\/uploads\/2026\/05\/gmukc20nifxxif0scyuq.jpg 730w, https:\/\/cafeprensa.com.ar\/wp-content\/uploads\/2026\/05\/gmukc20nifxxif0scyuq-300x194.jpg 300w\" sizes=\"auto, (max-width: 730px) 100vw, 730px\" \/><\/span><\/div>\n<\/div>\n<div class=\"the-post s-post-modern\">\n<article id=\"post-76727\" class=\"post-76727 post type-post status-publish format-standard has-post-thumbnail category-politica\">\n<div class=\"post-content-wrap has-share-float\">\n<div class=\"post-content cf entry-content content-spacious\">\n<p>El reclamo fue difundido a trav\u00e9s de un comunicado oficial, en el que se detalla que los montos adeudados corresponden a los meses de marzo y abril.<img loading=\"lazy\" decoding=\"async\" class=\"alignnone wp-image-16463 size-large\" src=\"https:\/\/cafeprensa.com.ar\/wp-content\/uploads\/2026\/04\/img4-1-1024x288.webp\" alt=\"\" width=\"1024\" height=\"288\" srcset=\"https:\/\/cafeprensa.com.ar\/wp-content\/uploads\/2026\/04\/img4-1-1024x288.webp 1024w, https:\/\/cafeprensa.com.ar\/wp-content\/uploads\/2026\/04\/img4-1-300x84.webp 300w, https:\/\/cafeprensa.com.ar\/wp-content\/uploads\/2026\/04\/img4-1-768x216.webp 768w, https:\/\/cafeprensa.com.ar\/wp-content\/uploads\/2026\/04\/img4-1-1536x432.webp 1536w, https:\/\/cafeprensa.com.ar\/wp-content\/uploads\/2026\/04\/img4-1-2048x576.webp 2048w\" sizes=\"auto, (max-width: 1024px) 100vw, 1024px\" \/><\/p>\n<p><strong>Seg\u00fan el municipio, estos fondos deber\u00edan transferirse de manera autom\u00e1tica mediante el sistema de \u201cgoteo diario\u201d, tal como lo establece la normativa vigente (Ley N.\u00ba 6650). Sin embargo, sostienen que hasta el momento no ingresaron a las arcas locales, afectando el normal funcionamiento financiero de la administraci\u00f3n municipal.<\/strong><\/p>\n<h1 class=\"is-title post-title\"><img loading=\"lazy\" decoding=\"async\" class=\"alignnone wp-image-16566 size-large\" src=\"https:\/\/cafeprensa.com.ar\/wp-content\/uploads\/2026\/05\/Screenshot_2026-05-01-15-14-56-336_com.twitter.android-edit-610x1024.jpg\" alt=\"\" width=\"610\" height=\"1024\" srcset=\"https:\/\/cafeprensa.com.ar\/wp-content\/uploads\/2026\/05\/Screenshot_2026-05-01-15-14-56-336_com.twitter.android-edit-610x1024.jpg 610w, https:\/\/cafeprensa.com.ar\/wp-content\/uploads\/2026\/05\/Screenshot_2026-05-01-15-14-56-336_com.twitter.android-edit-179x300.jpg 179w, https:\/\/cafeprensa.com.ar\/wp-content\/uploads\/2026\/05\/Screenshot_2026-05-01-15-14-56-336_com.twitter.android-edit-768x1289.jpg 768w, https:\/\/cafeprensa.com.ar\/wp-content\/uploads\/2026\/05\/Screenshot_2026-05-01-15-14-56-336_com.twitter.android-edit-915x1536.jpg 915w, https:\/\/cafeprensa.com.ar\/wp-content\/uploads\/2026\/05\/Screenshot_2026-05-01-15-14-56-336_com.twitter.android-edit.jpg 1080w\" sizes=\"auto, (max-width: 610px) 100vw, 610px\" \/><\/h1>\n<p><strong><em>\u00a0As\u00ed lo denunciaba un usuario en redes (@emperadortuc) en la red X (antes twitter)<\/em><\/strong><\/p>\n<p>El documento tambi\u00e9n remarca que el gobierno local ya realiz\u00f3 las gestiones necesarias ante los organismos correspondientes para reclamar lo que consideran un derecho de los vecinos. En ese sentido, advierten que la falta de estos recursos podr\u00eda impactar en servicios esenciales y en la ejecuci\u00f3n de pol\u00edticas p\u00fablicas en la ciudad.<img loading=\"lazy\" decoding=\"async\" class=\"alignnone wp-image-16423 size-large\" src=\"https:\/\/cafeprensa.com.ar\/wp-content\/uploads\/2026\/04\/IMG-20260331-WA0033-1-1024x256.jpg\" alt=\"\" width=\"1024\" height=\"256\" srcset=\"https:\/\/cafeprensa.com.ar\/wp-content\/uploads\/2026\/04\/IMG-20260331-WA0033-1-1024x256.jpg 1024w, https:\/\/cafeprensa.com.ar\/wp-content\/uploads\/2026\/04\/IMG-20260331-WA0033-1-300x75.jpg 300w, https:\/\/cafeprensa.com.ar\/wp-content\/uploads\/2026\/04\/IMG-20260331-WA0033-1-768x192.jpg 768w, https:\/\/cafeprensa.com.ar\/wp-content\/uploads\/2026\/04\/IMG-20260331-WA0033-1-1536x384.jpg 1536w, https:\/\/cafeprensa.com.ar\/wp-content\/uploads\/2026\/04\/IMG-20260331-WA0033-1.jpg 1584w\" sizes=\"auto, (max-width: 1024px) 100vw, 1024px\" \/><\/p>\n<p><strong>El conflicto no es menor: ocurre en un contexto econ\u00f3mico complejo para la provincia, marcado por ca\u00edda de ingresos y tensiones fiscales, lo que incrementa la disputa por la distribuci\u00f3n de fondos. A esto se suma un fuerte componente pol\u00edtico, ya que el reclamo fue amplificado en redes sociales con acusaciones de discriminaci\u00f3n por cuestiones partidarias.<img loading=\"lazy\" decoding=\"async\" class=\"alignnone wp-image-16425 size-full\" src=\"https:\/\/cafeprensa.com.ar\/wp-content\/uploads\/2026\/04\/Loteo-las-pircas-1.jpg\" alt=\"\" width=\"970\" height=\"90\" srcset=\"https:\/\/cafeprensa.com.ar\/wp-content\/uploads\/2026\/04\/Loteo-las-pircas-1.jpg 970w, https:\/\/cafeprensa.com.ar\/wp-content\/uploads\/2026\/04\/Loteo-las-pircas-1-300x28.jpg 300w, https:\/\/cafeprensa.com.ar\/wp-content\/uploads\/2026\/04\/Loteo-las-pircas-1-768x71.jpg 768w\" sizes=\"auto, (max-width: 970px) 100vw, 970px\" \/><\/strong><\/p>\n<p>Por ahora, desde el Gobierno provincial no hubo una respuesta oficial detallada sobre la deuda. Mientras tanto, el caso suma presi\u00f3n en la relaci\u00f3n entre la Provincia y los municipios, en un a\u00f1o atravesado por intereses pol\u00edticos y discusiones por recursos clave.<img loading=\"lazy\" decoding=\"async\" class=\"alignnone wp-image-16447 size-full\" src=\"https:\/\/cafeprensa.com.ar\/wp-content\/uploads\/2026\/04\/Screenshot_20260422_105453_WhatsApp-1-1024x589-1.jpg\" alt=\"\" width=\"1024\" height=\"589\" srcset=\"https:\/\/cafeprensa.com.ar\/wp-content\/uploads\/2026\/04\/Screenshot_20260422_105453_WhatsApp-1-1024x589-1.jpg 1024w, https:\/\/cafeprensa.com.ar\/wp-content\/uploads\/2026\/04\/Screenshot_20260422_105453_WhatsApp-1-1024x589-1-300x173.jpg 300w, https:\/\/cafeprensa.com.ar\/wp-content\/uploads\/2026\/04\/Screenshot_20260422_105453_WhatsApp-1-1024x589-1-768x442.jpg 768w\" sizes=\"auto, (max-width: 1024px) 100vw, 1024px\" \/><\/p>\n<\/div>\n<\/div>\n<\/article>\n<\/div>\n","protected":false},"excerpt":{"rendered":"<p>La Municipalidad de Concepci\u00f3n encendi\u00f3 la pol\u00e9mica en Tucum\u00e1n tras denunciar p\u00fablicamente que el Gobierno provincial mantiene una deuda cercana a los $1.300 millones correspondiente al Fondo de Desarrollo del Interior (FDI). El reclamo fue difundido a trav\u00e9s de un comunicado oficial, en el que se detalla que los montos adeudados corresponden a los meses &hellip;<\/p>\n","protected":false},"author":2,"featured_media":16568,"comment_status":"open","ping_status":"open","sticky":false,"template":"","format":"standard","meta":{"footnotes":""},"categories":[34,25],"tags":[94,683],"class_list":["post-16565","post","type-post","status-publish","format-standard","has-post-thumbnail","hentry","category-locales","category-politica","tag-jaldo","tag-molinuevo"],"_links":{"self":[{"href":"https:\/\/cafeprensa.com.ar\/index.php\/wp-json\/wp\/v2\/posts\/16565","targetHints":{"allow":["GET"]}}],"collection":[{"href":"https:\/\/cafeprensa.com.ar\/index.php\/wp-json\/wp\/v2\/posts"}],"about":[{"href":"https:\/\/cafeprensa.com.ar\/index.php\/wp-json\/wp\/v2\/types\/post"}],"author":[{"embeddable":true,"href":"https:\/\/cafeprensa.com.ar\/index.php\/wp-json\/wp\/v2\/users\/2"}],"replies":[{"embeddable":true,"href":"https:\/\/cafeprensa.com.ar\/index.php\/wp-json\/wp\/v2\/comments?post=16565"}],"version-history":[{"count":4,"href":"https:\/\/cafeprensa.com.ar\/index.php\/wp-json\/wp\/v2\/posts\/16565\/revisions"}],"predecessor-version":[{"id":16573,"href":"https:\/\/cafeprensa.com.ar\/index.php\/wp-json\/wp\/v2\/posts\/16565\/revisions\/16573"}],"wp:featuredmedia":[{"embeddable":true,"href":"https:\/\/cafeprensa.com.ar\/index.php\/wp-json\/wp\/v2\/media\/16568"}],"wp:attachment":[{"href":"https:\/\/cafeprensa.com.ar\/index.php\/wp-json\/wp\/v2\/media?parent=16565"}],"wp:term":[{"taxonomy":"category","embeddable":true,"href":"https:\/\/cafeprensa.com.ar\/index.php\/wp-json\/wp\/v2\/categories?post=16565"},{"taxonomy":"post_tag","embeddable":true,"href":"https:\/\/cafeprensa.com.ar\/index.php\/wp-json\/wp\/v2\/tags?post=16565"}],"curies":[{"name":"wp","href":"https:\/\/api.w.org\/{rel}","templated":true}]}}