{"id":16574,"date":"2026-05-03T10:27:10","date_gmt":"2026-05-03T13:27:10","guid":{"rendered":"https:\/\/cafeprensa.com.ar\/?p=16574"},"modified":"2026-05-03T10:27:10","modified_gmt":"2026-05-03T13:27:10","slug":"intendentes-del-pj-respaldaron-a-raquel-graneros-tras-incidente-con-vecinos-inundados","status":"publish","type":"post","link":"https:\/\/cafeprensa.com.ar\/index.php\/2026\/05\/03\/intendentes-del-pj-respaldaron-a-raquel-graneros-tras-incidente-con-vecinos-inundados\/","title":{"rendered":"Intendentes del PJ respaldaron a Raquel Graneros tras incidente con vecinos inundados"},"content":{"rendered":"<div class=\"col-lg-12 col-12 mb-3\">\n<p>El pronunciamiento se conoci\u00f3 luego del episodio en el que damnificados por el temporal intentaron dialogar con la jefa comunal.<img loading=\"lazy\" decoding=\"async\" class=\"alignnone wp-image-16424 size-large\" src=\"https:\/\/cafeprensa.com.ar\/wp-content\/uploads\/2026\/04\/IMG-20260404-WA0022-2-1024x256.jpg\" alt=\"\" width=\"1024\" height=\"256\" srcset=\"https:\/\/cafeprensa.com.ar\/wp-content\/uploads\/2026\/04\/IMG-20260404-WA0022-2-1024x256.jpg 1024w, https:\/\/cafeprensa.com.ar\/wp-content\/uploads\/2026\/04\/IMG-20260404-WA0022-2-300x75.jpg 300w, https:\/\/cafeprensa.com.ar\/wp-content\/uploads\/2026\/04\/IMG-20260404-WA0022-2-768x192.jpg 768w, https:\/\/cafeprensa.com.ar\/wp-content\/uploads\/2026\/04\/IMG-20260404-WA0022-2-1536x384.jpg 1536w, https:\/\/cafeprensa.com.ar\/wp-content\/uploads\/2026\/04\/IMG-20260404-WA0022-2-2048x512.jpg 2048w\" sizes=\"auto, (max-width: 1024px) 100vw, 1024px\" \/><\/p>\n<p><strong>Intendentes justicialistas de Tucum\u00e1n difundieron un comunicado en respaldo a la intendenta de Graneros, Raquel Graneros, en medio del malestar social generado tras un episodio ocurrido durante la jornada de ayer, cuando vecinos afectados por inundaciones intentaron entrevistarse con la jefa comunal sin \u00e9xito.<\/strong><\/p>\n<\/div>\n<div class=\"col-lg-12 col-12 mb-3\">\n<div class=\"col-lg-12 col-12 p-0\">\n<div class=\"nota-texto-render\">\n<p>El pronunciamiento se conoci\u00f3 luego de una situaci\u00f3n de tensi\u00f3n registrada en la localidad, donde familias damnificadas por el reciente temporal se concentraron para plantear reclamos vinculados a p\u00e9rdidas materiales y falta de asistencia.<\/p>\n<p><strong>Seg\u00fan los testimonios, la intendenta se retir\u00f3 del lugar sin mantener contacto con los presentes y bajo custodia policial, lo que gener\u00f3 desconcierto y enojo entre los vecinos.<\/strong><img loading=\"lazy\" decoding=\"async\" class=\"alignnone wp-image-16422 size-large\" src=\"https:\/\/cafeprensa.com.ar\/wp-content\/uploads\/2026\/04\/IMG-20260331-WA0032-1-1024x256.jpg\" alt=\"\" width=\"1024\" height=\"256\" srcset=\"https:\/\/cafeprensa.com.ar\/wp-content\/uploads\/2026\/04\/IMG-20260331-WA0032-1-1024x256.jpg 1024w, https:\/\/cafeprensa.com.ar\/wp-content\/uploads\/2026\/04\/IMG-20260331-WA0032-1-300x75.jpg 300w, https:\/\/cafeprensa.com.ar\/wp-content\/uploads\/2026\/04\/IMG-20260331-WA0032-1-768x192.jpg 768w, https:\/\/cafeprensa.com.ar\/wp-content\/uploads\/2026\/04\/IMG-20260331-WA0032-1-1536x384.jpg 1536w, https:\/\/cafeprensa.com.ar\/wp-content\/uploads\/2026\/04\/IMG-20260331-WA0032-1.jpg 1584w\" sizes=\"auto, (max-width: 1024px) 100vw, 1024px\" \/><\/p>\n<p><strong>En ese contexto, los intendentes alineados al justicialismo expresaron su \u201csolidaridad y acompa\u00f1amiento\u201d a Graneros, al se\u00f1alar que los hechos cuestionados se produjeron a la salida de una misa en memoria de un familiar y en un \u00e1mbito de car\u00e1cter personal.<\/strong><\/p>\n<p>El comunicado sostiene que existen circunstancias que deben quedar al margen de la confrontaci\u00f3n pol\u00edtica, y remarca que la intendenta no se encontraba ejerciendo funciones institucionales, sino participando de una actividad vinculada a su vida privada.<img loading=\"lazy\" decoding=\"async\" class=\"alignnone wp-image-16421 size-large\" src=\"https:\/\/cafeprensa.com.ar\/wp-content\/uploads\/2026\/04\/655454451_1351226433708218_7599175584347977023_n-1-1024x110.jpg\" alt=\"\" width=\"1024\" height=\"110\" srcset=\"https:\/\/cafeprensa.com.ar\/wp-content\/uploads\/2026\/04\/655454451_1351226433708218_7599175584347977023_n-1-1024x110.jpg 1024w, https:\/\/cafeprensa.com.ar\/wp-content\/uploads\/2026\/04\/655454451_1351226433708218_7599175584347977023_n-1-300x32.jpg 300w, https:\/\/cafeprensa.com.ar\/wp-content\/uploads\/2026\/04\/655454451_1351226433708218_7599175584347977023_n-1-768x82.jpg 768w, https:\/\/cafeprensa.com.ar\/wp-content\/uploads\/2026\/04\/655454451_1351226433708218_7599175584347977023_n-1-1536x164.jpg 1536w, https:\/\/cafeprensa.com.ar\/wp-content\/uploads\/2026\/04\/655454451_1351226433708218_7599175584347977023_n-1.jpg 2048w\" sizes=\"auto, (max-width: 1024px) 100vw, 1024px\" \/><\/p>\n<p><strong>Asimismo, el documento advierte sobre los l\u00edmites en el debate p\u00fablico y cuestiona la exposici\u00f3n de situaciones \u00edntimas en contextos pol\u00edticos. En ese sentido, los firmantes plantearon que las diferencias deben canalizarse en \u00e1mbitos formales y con responsabilidad, evitando trasladarlas a espacios sensibles.<\/strong><\/p>\n<p>Mientras tanto, el malestar persiste entre los vecinos de Graneros, quienes contin\u00faan reclamando respuestas ante los efectos del temporal. De acuerdo con los relatos, numerosas familias sufrieron da\u00f1os severos en sus viviendas y pertenencias, y algunas permanecen en condiciones cr\u00edticas, sin soluciones concretas.<\/p>\n<p><strong>Los damnificados reiteraron la necesidad de establecer un canal de di\u00e1logo con las autoridades municipales y advirtieron que sostendr\u00e1n las protestas hasta obtener medidas que atiendan la emergencia<img loading=\"lazy\" decoding=\"async\" class=\"alignnone  wp-image-16576\" src=\"https:\/\/cafeprensa.com.ar\/wp-content\/uploads\/2026\/05\/Whats-App-Image-2026-04-29-at-09-20-24-159x300.jpg\" alt=\"\" width=\"205\" height=\"386\" srcset=\"https:\/\/cafeprensa.com.ar\/wp-content\/uploads\/2026\/05\/Whats-App-Image-2026-04-29-at-09-20-24-159x300.jpg 159w, https:\/\/cafeprensa.com.ar\/wp-content\/uploads\/2026\/05\/Whats-App-Image-2026-04-29-at-09-20-24.jpg 424w\" sizes=\"auto, (max-width: 205px) 100vw, 205px\" \/><\/strong><\/p>\n<p>En el cierre del comunicado, los intendentes reafirmaron la necesidad de sostener una pr\u00e1ctica pol\u00edtica basada en el respeto, la empat\u00eda y la responsabilidad, especialmente en contextos atravesados por situaciones personales.<img loading=\"lazy\" decoding=\"async\" class=\"alignnone wp-image-16447 size-full\" src=\"https:\/\/cafeprensa.com.ar\/wp-content\/uploads\/2026\/04\/Screenshot_20260422_105453_WhatsApp-1-1024x589-1.jpg\" alt=\"\" width=\"1024\" height=\"589\" srcset=\"https:\/\/cafeprensa.com.ar\/wp-content\/uploads\/2026\/04\/Screenshot_20260422_105453_WhatsApp-1-1024x589-1.jpg 1024w, https:\/\/cafeprensa.com.ar\/wp-content\/uploads\/2026\/04\/Screenshot_20260422_105453_WhatsApp-1-1024x589-1-300x173.jpg 300w, https:\/\/cafeprensa.com.ar\/wp-content\/uploads\/2026\/04\/Screenshot_20260422_105453_WhatsApp-1-1024x589-1-768x442.jpg 768w\" sizes=\"auto, (max-width: 1024px) 100vw, 1024px\" \/><\/p>\n<p><span style=\"font-size: 8pt;\"><strong>FUENTE: https:\/\/lapapa.com.ar\/<\/strong><\/span><\/p>\n<p>&nbsp;<\/p>\n<\/div>\n<\/div>\n<\/div>\n","protected":false},"excerpt":{"rendered":"<p>El pronunciamiento se conoci\u00f3 luego del episodio en el que damnificados por el temporal intentaron dialogar con la jefa comunal. Intendentes justicialistas de Tucum\u00e1n difundieron un comunicado en respaldo a la intendenta de Graneros, Raquel Graneros, en medio del malestar social generado tras un episodio ocurrido durante la jornada de ayer, cuando vecinos afectados por &hellip;<\/p>\n","protected":false},"author":2,"featured_media":16575,"comment_status":"open","ping_status":"open","sticky":false,"template":"","format":"standard","meta":{"footnotes":""},"categories":[34,25],"tags":[3034,1452,94,246],"class_list":["post-16574","post","type-post","status-publish","format-standard","has-post-thumbnail","hentry","category-locales","category-politica","tag-dario-monteros","tag-graneros","tag-jaldo","tag-municipalidad"],"_links":{"self":[{"href":"https:\/\/cafeprensa.com.ar\/index.php\/wp-json\/wp\/v2\/posts\/16574","targetHints":{"allow":["GET"]}}],"collection":[{"href":"https:\/\/cafeprensa.com.ar\/index.php\/wp-json\/wp\/v2\/posts"}],"about":[{"href":"https:\/\/cafeprensa.com.ar\/index.php\/wp-json\/wp\/v2\/types\/post"}],"author":[{"embeddable":true,"href":"https:\/\/cafeprensa.com.ar\/index.php\/wp-json\/wp\/v2\/users\/2"}],"replies":[{"embeddable":true,"href":"https:\/\/cafeprensa.com.ar\/index.php\/wp-json\/wp\/v2\/comments?post=16574"}],"version-history":[{"count":1,"href":"https:\/\/cafeprensa.com.ar\/index.php\/wp-json\/wp\/v2\/posts\/16574\/revisions"}],"predecessor-version":[{"id":16577,"href":"https:\/\/cafeprensa.com.ar\/index.php\/wp-json\/wp\/v2\/posts\/16574\/revisions\/16577"}],"wp:featuredmedia":[{"embeddable":true,"href":"https:\/\/cafeprensa.com.ar\/index.php\/wp-json\/wp\/v2\/media\/16575"}],"wp:attachment":[{"href":"https:\/\/cafeprensa.com.ar\/index.php\/wp-json\/wp\/v2\/media?parent=16574"}],"wp:term":[{"taxonomy":"category","embeddable":true,"href":"https:\/\/cafeprensa.com.ar\/index.php\/wp-json\/wp\/v2\/categories?post=16574"},{"taxonomy":"post_tag","embeddable":true,"href":"https:\/\/cafeprensa.com.ar\/index.php\/wp-json\/wp\/v2\/tags?post=16574"}],"curies":[{"name":"wp","href":"https:\/\/api.w.org\/{rel}","templated":true}]}}