{"id":1727,"date":"2024-03-14T11:23:25","date_gmt":"2024-03-14T10:23:25","guid":{"rendered":"https:\/\/cafeprensa.com.ar\/?p=1727"},"modified":"2024-03-14T11:23:25","modified_gmt":"2024-03-14T10:23:25","slug":"una-familia-tucumana-necesita-20000-diarios-para-evitar-caer-en-la-pobreza","status":"publish","type":"post","link":"https:\/\/cafeprensa.com.ar\/index.php\/2024\/03\/14\/una-familia-tucumana-necesita-20000-diarios-para-evitar-caer-en-la-pobreza\/","title":{"rendered":"Una familia tucumana necesita $20,000 diarios para evitar caer en la pobreza"},"content":{"rendered":"<p class=\"description separatorlines\">El impacto del incremento de los gastos en servicios y salud llev\u00f3 a una situaci\u00f3n cr\u00edtica para muchas familias en Tucum\u00e1n, donde el costo de vida superando con creces el ritmo de la inflaci\u00f3n general.<\/p>\n<div class=\"at-vc\">\n<div id=\"vsmcontent\" class=\"content vsmcontent\">\n<p>Seg\u00fan datos de la Direcci\u00f3n de Estad\u00edsticas de la Provincia, la Canasta B\u00e1sica Total (CBT)\u00a0<span class=\"highlight\">para una familia promedio se calcul\u00f3 en $580,037 en febrero, lo que represent\u00f3 un aumento del 11%<\/span>. Esto significa que un matrimonio con dos hijos peque\u00f1os necesit\u00f3 alrededor de $20,000 por d\u00eda para cubrir los gastos m\u00ednimos en alimentos y servicios.<\/p>\n<p>El costo de los productos de primera necesidad tambi\u00e9n experiment\u00f3 un aumento significativo, con la Canasta B\u00e1sica Alimentaria (CBA) registrando un incremento del 9.9%. Esto se vio especialmente impulsado por los ajustes en el valor de la carne. Para una familia t\u00edpica,\u00a0<span class=\"highlight\">el costo mensual solo para alimentarse se elev\u00f3 a $285,733,\u00a0<\/span>lo que equivale a unos $9,853 por d\u00eda. Aquellas familias que no pueden reunir esta cantidad se enfrentan al riesgo de caer en la indigencia.<\/p>\n<p>Estas cifras reflejan una tendencia preocupante a nivel nacional. Seg\u00fan el INDEC, el valor de la Canasta B\u00e1sica Total alcanz\u00f3 los $690,902 en febrero, con un aumento del 15.8% respecto a enero. Por otro lado, la CBA ascendi\u00f3 a $322,851, y las familias con ingresos inferiores a este monto se consideran indigentes a nivel nacional.<\/p>\n<p>Los informes de organizaciones como el Observatorio de la Deuda Social de la Universidad Cat\u00f3lica Argentina (UCA) y Unicef revelan una situaci\u00f3n alarmante en todo el pa\u00eds. La pobreza afecta al 57.4% de la poblaci\u00f3n, el nivel m\u00e1s alto en dos d\u00e9cadas, mientras que siete de cada diez ni\u00f1os viven en condiciones de pobreza, con alrededor de 8.6 millones de menores en hogares que no alcanzan el umbral m\u00ednimo de ingresos econ\u00f3micos.<\/p>\n<p>Con la pr\u00f3xima difusi\u00f3n de las tasas de pobreza e indigencia del segundo semestre del a\u00f1o pasado por parte del INDEC, se espera que estos datos proporcionen una visi\u00f3n m\u00e1s completa de la situaci\u00f3n socioecon\u00f3mica del pa\u00eds, evidenciando la urgencia de medidas efectivas para abordar la creciente crisis de la pobreza.<\/p>\n<\/div>\n<\/div>\n","protected":false},"excerpt":{"rendered":"<p>El impacto del incremento de los gastos en servicios y salud llev\u00f3 a una situaci\u00f3n cr\u00edtica para muchas familias en Tucum\u00e1n, donde el costo de vida superando con creces el ritmo de la inflaci\u00f3n general. Seg\u00fan datos de la Direcci\u00f3n de Estad\u00edsticas de la Provincia, la Canasta B\u00e1sica Total (CBT)\u00a0para una familia promedio se calcul\u00f3 &hellip;<\/p>\n","protected":false},"author":2,"featured_media":1728,"comment_status":"open","ping_status":"open","sticky":false,"template":"","format":"standard","meta":{"footnotes":""},"categories":[28,34],"tags":[310,309,160],"class_list":["post-1727","post","type-post","status-publish","format-standard","has-post-thumbnail","hentry","category-economia","category-locales","tag-comida","tag-pobreza","tag-tucuman"],"_links":{"self":[{"href":"https:\/\/cafeprensa.com.ar\/index.php\/wp-json\/wp\/v2\/posts\/1727","targetHints":{"allow":["GET"]}}],"collection":[{"href":"https:\/\/cafeprensa.com.ar\/index.php\/wp-json\/wp\/v2\/posts"}],"about":[{"href":"https:\/\/cafeprensa.com.ar\/index.php\/wp-json\/wp\/v2\/types\/post"}],"author":[{"embeddable":true,"href":"https:\/\/cafeprensa.com.ar\/index.php\/wp-json\/wp\/v2\/users\/2"}],"replies":[{"embeddable":true,"href":"https:\/\/cafeprensa.com.ar\/index.php\/wp-json\/wp\/v2\/comments?post=1727"}],"version-history":[{"count":1,"href":"https:\/\/cafeprensa.com.ar\/index.php\/wp-json\/wp\/v2\/posts\/1727\/revisions"}],"predecessor-version":[{"id":1729,"href":"https:\/\/cafeprensa.com.ar\/index.php\/wp-json\/wp\/v2\/posts\/1727\/revisions\/1729"}],"wp:featuredmedia":[{"embeddable":true,"href":"https:\/\/cafeprensa.com.ar\/index.php\/wp-json\/wp\/v2\/media\/1728"}],"wp:attachment":[{"href":"https:\/\/cafeprensa.com.ar\/index.php\/wp-json\/wp\/v2\/media?parent=1727"}],"wp:term":[{"taxonomy":"category","embeddable":true,"href":"https:\/\/cafeprensa.com.ar\/index.php\/wp-json\/wp\/v2\/categories?post=1727"},{"taxonomy":"post_tag","embeddable":true,"href":"https:\/\/cafeprensa.com.ar\/index.php\/wp-json\/wp\/v2\/tags?post=1727"}],"curies":[{"name":"wp","href":"https:\/\/api.w.org\/{rel}","templated":true}]}}