{"id":1730,"date":"2024-03-14T11:31:42","date_gmt":"2024-03-14T10:31:42","guid":{"rendered":"https:\/\/cafeprensa.com.ar\/?p=1730"},"modified":"2024-03-14T11:31:42","modified_gmt":"2024-03-14T10:31:42","slug":"el-arreglo-seria-dentro-de-los-proximos-30-dias-dijo-edet","status":"publish","type":"post","link":"https:\/\/cafeprensa.com.ar\/index.php\/2024\/03\/14\/el-arreglo-seria-dentro-de-los-proximos-30-dias-dijo-edet\/","title":{"rendered":"\u00abEl arreglo ser\u00eda dentro de los pr\u00f3ximos 30 d\u00edas\u00bb, dijo EDET"},"content":{"rendered":"<p class=\"description separatorlines\">Un portavoz de la empresa explic\u00f3 que las restricciones en el servicio se deben a desperfectos en el sistema de transporte de energ\u00eda el\u00e9ctrica.<\/p>\n<div class=\"at-vc\">\n<div id=\"vsmcontent\" class=\"content vsmcontent\">\n<p><b>Guillermo Autino<\/b>, director de relaciones institucionales de\u00a0<b>EDET<\/b>, explic\u00f3 que durante los d\u00edas de calor persistente, la situaci\u00f3n con los cortes de energ\u00eda el\u00e9ctrica seguir\u00e1 siendo la misma. Afirm\u00f3 que las restricciones en la demanda son instrucciones que reciben, y su objetivo es gestionar los cortes de manera ordenada y con el menor impacto para los usuarios, procurando que no superen una hora de duraci\u00f3n.<\/p>\n<p>En cuanto a la demora en solucionar el problema, Autino se\u00f1al\u00f3 que no puede brindar detalles sobre cuestiones relacionadas con otra empresa, como\u00a0<b>Transporte de Energ\u00eda El\u00e9ctrica por Distribuci\u00f3n Troncal del Noroeste Argentino (Trasnoa)<\/b>, responsable del mantenimiento del sistema de transporte de energ\u00eda el\u00e9ctrica. Estiman que la reparaci\u00f3n se completar\u00e1 en los pr\u00f3ximos 30 d\u00edas.<\/p>\n<p>A pesar de haber informado sobre los cortes de luz mediante un comunicado, la empresa no proporcion\u00f3 un cronograma por zonas, lo que gener\u00f3 reclamos por parte de los usuarios. Autino asegur\u00f3 que est\u00e1n trabajando para garantizar que la gente disponga de esa informaci\u00f3n y pueda tomar precauciones en caso de que se repitan los cortes.<\/p>\n<p>El desperfecto t\u00e9cnico afecta a una amplia zona, desde Yerba Buena hasta Taf\u00ed Viejo, abarcando la zona norte de la capital. El problema radica en el v\u00ednculo entre El Bracho y Cevil Pozo, que suministra energ\u00eda a toda la zona norte y pierde contacto con la zona sur de la ciudad.<\/p>\n<\/div>\n<\/div>\n","protected":false},"excerpt":{"rendered":"<p>Un portavoz de la empresa explic\u00f3 que las restricciones en el servicio se deben a desperfectos en el sistema de transporte de energ\u00eda el\u00e9ctrica. Guillermo Autino, director de relaciones institucionales de\u00a0EDET, explic\u00f3 que durante los d\u00edas de calor persistente, la situaci\u00f3n con los cortes de energ\u00eda el\u00e9ctrica seguir\u00e1 siendo la misma. Afirm\u00f3 que las restricciones &hellip;<\/p>\n","protected":false},"author":2,"featured_media":1731,"comment_status":"open","ping_status":"open","sticky":false,"template":"","format":"standard","meta":{"footnotes":""},"categories":[54,34],"tags":[311],"class_list":["post-1730","post","type-post","status-publish","format-standard","has-post-thumbnail","hentry","category-interes-ganeral","category-locales","tag-edet"],"_links":{"self":[{"href":"https:\/\/cafeprensa.com.ar\/index.php\/wp-json\/wp\/v2\/posts\/1730","targetHints":{"allow":["GET"]}}],"collection":[{"href":"https:\/\/cafeprensa.com.ar\/index.php\/wp-json\/wp\/v2\/posts"}],"about":[{"href":"https:\/\/cafeprensa.com.ar\/index.php\/wp-json\/wp\/v2\/types\/post"}],"author":[{"embeddable":true,"href":"https:\/\/cafeprensa.com.ar\/index.php\/wp-json\/wp\/v2\/users\/2"}],"replies":[{"embeddable":true,"href":"https:\/\/cafeprensa.com.ar\/index.php\/wp-json\/wp\/v2\/comments?post=1730"}],"version-history":[{"count":1,"href":"https:\/\/cafeprensa.com.ar\/index.php\/wp-json\/wp\/v2\/posts\/1730\/revisions"}],"predecessor-version":[{"id":1732,"href":"https:\/\/cafeprensa.com.ar\/index.php\/wp-json\/wp\/v2\/posts\/1730\/revisions\/1732"}],"wp:featuredmedia":[{"embeddable":true,"href":"https:\/\/cafeprensa.com.ar\/index.php\/wp-json\/wp\/v2\/media\/1731"}],"wp:attachment":[{"href":"https:\/\/cafeprensa.com.ar\/index.php\/wp-json\/wp\/v2\/media?parent=1730"}],"wp:term":[{"taxonomy":"category","embeddable":true,"href":"https:\/\/cafeprensa.com.ar\/index.php\/wp-json\/wp\/v2\/categories?post=1730"},{"taxonomy":"post_tag","embeddable":true,"href":"https:\/\/cafeprensa.com.ar\/index.php\/wp-json\/wp\/v2\/tags?post=1730"}],"curies":[{"name":"wp","href":"https:\/\/api.w.org\/{rel}","templated":true}]}}