{"id":1847,"date":"2024-03-18T14:00:57","date_gmt":"2024-03-18T13:00:57","guid":{"rendered":"https:\/\/cafeprensa.com.ar\/?p=1847"},"modified":"2024-03-18T14:00:57","modified_gmt":"2024-03-18T13:00:57","slug":"seguros-para-todos-3-500-millones-en-comisiones-cobraron-los-brokers-amigos-de-alberto-fernandez","status":"publish","type":"post","link":"https:\/\/cafeprensa.com.ar\/index.php\/2024\/03\/18\/seguros-para-todos-3-500-millones-en-comisiones-cobraron-los-brokers-amigos-de-alberto-fernandez\/","title":{"rendered":"\u00abSeguros Para Todos\u00bb: $3.500 millones en comisiones cobraron los brokers \u00abamigos\u00bb de Alberto Fern\u00e1ndez"},"content":{"rendered":"<div class=\"the-post-header s-head-modern s-head-modern-a has-share-meta-right\">\n<div class=\"post-meta post-meta-a post-meta-left post-meta-single has-below\">\n<div class=\"meta-below-has-right\">\n<div class=\"post-share post-share-b spc-social-colors  post-share-b3 post-share-b-circles post-share-b3-circles\"><em>El Gobierno hizo una auditoria, y se desprenden las excesivas cifras que gast\u00f3 la \u00faltima gesti\u00f3n kirchnerista.<\/em><\/div>\n<\/div>\n<\/div>\n<\/div>\n<div class=\"the-post s-post-modern\">\n<article id=\"post-61889\" class=\"post-61889 post type-post status-publish format-standard has-post-thumbnail category-nacionales category-destacada-1 tag-alberto-fernandez tag-bachiller-s-a tag-escandalo-de-los-seguros tag-fernando-salim tag-guillermo-alonso tag-hector-martinez-sosa tag-nacion-seguros tag-osvaldo-alfredo-tortora tag-pablo-torres-garcia\">\n<div class=\"post-content-wrap has-share-float\">\n<div class=\"post-content cf entry-content content-spacious\">\n<p><a href=\"https:\/\/elfederalnoticias.com.ar\/wp-content\/uploads\/2024\/03\/image-94.png\"><img loading=\"lazy\" decoding=\"async\" class=\"wp-image-61890\" src=\"https:\/\/elfederalnoticias.com.ar\/wp-content\/uploads\/2024\/03\/image-94.png\" sizes=\"auto, (max-width: 1000px) 100vw, 1000px\" srcset=\"https:\/\/elfederalnoticias.com.ar\/wp-content\/uploads\/2024\/03\/image-94.png 1000w, https:\/\/elfederalnoticias.com.ar\/wp-content\/uploads\/2024\/03\/image-94-300x169.png 300w, https:\/\/elfederalnoticias.com.ar\/wp-content\/uploads\/2024\/03\/image-94-768x432.png 768w, https:\/\/elfederalnoticias.com.ar\/wp-content\/uploads\/2024\/03\/image-94-150x84.png 150w, https:\/\/elfederalnoticias.com.ar\/wp-content\/uploads\/2024\/03\/image-94-450x253.png 450w\" alt=\"\" width=\"1000\" height=\"562\" \/><\/a><\/p>\n<div class=\"wp-block-image\">\n<figure class=\"aligncenter size-full\"><figcaption class=\"wp-element-caption\">La administraci\u00f3n de Javier Milei, \u00abpuso la lupa\u00bb sobre la contrataci\u00f3n de seguros.<\/figcaption><\/figure>\n<\/div>\n<p>BUENOS AIRES.- D\u00eda a d\u00eda evoluciona el \u00abEscandalo de los Seguros\u00bb. Primero se revel\u00f3 que estaban involucrados intermediarios \u00abamigos\u00bb del ex-presidente\u00a0<strong>Alberto Fern\u00e1ndez<\/strong>, en la contrataci\u00f3n de seguros del Estado, ahora se abri\u00f3 un nuevo cap\u00edtulo, con las\u00a0<strong>grandes comisiones que se les pagaban<\/strong>.<\/p>\n<p class=\"has-large-font-size\"><mark class=\"has-inline-color has-vivid-red-color\">Las cifras \u00absalieron a la luz\u00bb, por una\u00a0auditoria interna que encarg\u00f3 la gesti\u00f3n de\u00a0<strong>Javier Milei\u00a0<\/strong>y alcanza, por el momento los<strong>\u00a0$ 3.500 millones<\/strong>. Todo ese monto \u00a0fue desembolsados por\u00a0<strong>Naci\u00f3n Seguros\u00a0<\/strong>a lo largo de la gesti\u00f3n de\u00a0<strong>\u00abLos Fern\u00e1ndez\u00bb<\/strong>\u00a0en sus cuatro a\u00f1os de gobierno.<\/mark><\/p>\n<p>El monto descubierto se distribuye: \u00a0<strong>$ 1600 millones\u00a0<\/strong>fueron a parar a\u00a0<strong>Bachiller S.A.<\/strong>, una empresa de\u00a0<strong>H\u00e9ctor Mart\u00ednez Sosa<\/strong>, amigo del ex-presidente. Seg\u00fan revelaron fuente oficiales a\u00a0<strong>La Naci\u00f3n<\/strong>, el\u00a0<strong>15%\u00a0<\/strong>de lo que se abonada era en concepto de comisi\u00f3n: el<strong>\u00a012%<\/strong>\u00a0para\u00a0<strong>Bachiller S.A.<\/strong>\u00a0y\u00a0el<strong>\u00a03% para el broker<\/strong>.<\/p>\n<p>Si bien\u00a0Mart\u00ednez Sosa no figura en Bachiller S.A., s\u00ed est\u00e1\u00a0<strong>Osvaldo Alfredo Tortora<\/strong>, un broker que habr\u00eda participado en las gestiones con Fern\u00e1ndez y representaba al empresario.<\/p>\n<p>La auditoria tambi\u00e9n revel\u00f3 los millones que cobraba otro de los brokers,\u00a0<strong>Pablo Torres Garc\u00eda<\/strong>, con conexiones con\u00a0<strong>Sergio Massa\u00a0<\/strong>y el\u00a0<strong>PRO<\/strong>. En este caso, la cifra asciende a\u00a0<strong>$ 160 millones<\/strong>.<\/p>\n<p>Respecto de\u00a0<strong>Fernando Salim\u00a0<\/strong>y<strong>\u00a0Guillermo Alonso<\/strong>, brokers que cenaron en\u00a0<strong>La Quinta de Olivos\u00a0<\/strong>en 2020, y de una de las principales apuntadas en la investigaci\u00f3n por aportar\u00a0<strong>U$S 16.000<\/strong>\u00a0a la campa\u00f1a de \u00abLos Fern\u00e1ndez\u00bb en 2019,\u00a0<strong>Castello Mercuri S.A.<\/strong>, no se informaron los montos por el momento.<\/p>\n<p>La causa est\u00e1 a cargo del Juez Federal<strong>\u00a0Juli\u00e1n Ercolini<\/strong>, quien solicit\u00f3 a\u00a0<strong>27 brokers<\/strong>\u00a0<strong>\u201ctoda la documentaci\u00f3n referida a las contrataciones de seguros o convenios celebrados con el Estado Nacional y\/o las jurisdicciones y entidades comprendidas en el art\u00edculo 8 de la Ley N\u00b0 24.156, desde el 10 de diciembre de 2019 al 10 de diciembre de 2023\u201d<\/strong>.<\/p>\n<\/div>\n<\/div>\n<\/article>\n<\/div>\n","protected":false},"excerpt":{"rendered":"<p>El Gobierno hizo una auditoria, y se desprenden las excesivas cifras que gast\u00f3 la \u00faltima gesti\u00f3n kirchnerista. La administraci\u00f3n de Javier Milei, \u00abpuso la lupa\u00bb sobre la contrataci\u00f3n de seguros. BUENOS AIRES.- D\u00eda a d\u00eda evoluciona el \u00abEscandalo de los Seguros\u00bb. Primero se revel\u00f3 que estaban involucrados intermediarios \u00abamigos\u00bb del ex-presidente\u00a0Alberto Fern\u00e1ndez, en la contrataci\u00f3n &hellip;<\/p>\n","protected":false},"author":2,"featured_media":1848,"comment_status":"open","ping_status":"open","sticky":false,"template":"","format":"standard","meta":{"footnotes":""},"categories":[33,25],"tags":[365],"class_list":["post-1847","post","type-post","status-publish","format-standard","has-post-thumbnail","hentry","category-nacionales","category-politica","tag-alberto-fernandez-bachiller-s-a-escandalo-de-los-seguros-fernando-salim-guillermo-alonso-hector-martinez-sosa-nacion-seguros-osvaldo-alfredo-tortora-pablo-torres-garcia"],"_links":{"self":[{"href":"https:\/\/cafeprensa.com.ar\/index.php\/wp-json\/wp\/v2\/posts\/1847","targetHints":{"allow":["GET"]}}],"collection":[{"href":"https:\/\/cafeprensa.com.ar\/index.php\/wp-json\/wp\/v2\/posts"}],"about":[{"href":"https:\/\/cafeprensa.com.ar\/index.php\/wp-json\/wp\/v2\/types\/post"}],"author":[{"embeddable":true,"href":"https:\/\/cafeprensa.com.ar\/index.php\/wp-json\/wp\/v2\/users\/2"}],"replies":[{"embeddable":true,"href":"https:\/\/cafeprensa.com.ar\/index.php\/wp-json\/wp\/v2\/comments?post=1847"}],"version-history":[{"count":1,"href":"https:\/\/cafeprensa.com.ar\/index.php\/wp-json\/wp\/v2\/posts\/1847\/revisions"}],"predecessor-version":[{"id":1849,"href":"https:\/\/cafeprensa.com.ar\/index.php\/wp-json\/wp\/v2\/posts\/1847\/revisions\/1849"}],"wp:featuredmedia":[{"embeddable":true,"href":"https:\/\/cafeprensa.com.ar\/index.php\/wp-json\/wp\/v2\/media\/1848"}],"wp:attachment":[{"href":"https:\/\/cafeprensa.com.ar\/index.php\/wp-json\/wp\/v2\/media?parent=1847"}],"wp:term":[{"taxonomy":"category","embeddable":true,"href":"https:\/\/cafeprensa.com.ar\/index.php\/wp-json\/wp\/v2\/categories?post=1847"},{"taxonomy":"post_tag","embeddable":true,"href":"https:\/\/cafeprensa.com.ar\/index.php\/wp-json\/wp\/v2\/tags?post=1847"}],"curies":[{"name":"wp","href":"https:\/\/api.w.org\/{rel}","templated":true}]}}