{"id":1860,"date":"2024-03-19T11:59:29","date_gmt":"2024-03-19T10:59:29","guid":{"rendered":"https:\/\/cafeprensa.com.ar\/?p=1860"},"modified":"2024-03-19T11:59:29","modified_gmt":"2024-03-19T10:59:29","slug":"pami-recetas-truchas-gastos-politicos-y-un-fuerte-deficit","status":"publish","type":"post","link":"https:\/\/cafeprensa.com.ar\/index.php\/2024\/03\/19\/pami-recetas-truchas-gastos-politicos-y-un-fuerte-deficit\/","title":{"rendered":"PAMI; recetas truchas, gastos pol\u00edticos y un fuerte d\u00e9ficit"},"content":{"rendered":"<div class=\"noticia-copete text-noticia-index-copete font-noticia-index-copete text-lg md:text-lg pb-2\">El vocero presidencial, Manuel Adorni, describi\u00f3 los recortes que se aplicaron desde el 10 de diciembre y advirti\u00f3 que la obra social iba a estar al borde del abismo en mayo.<\/div>\n<div class=\"noticia-image img-container relative w-full h-[18rem] sm:h-[22rem] md:h-[20rem] lg:h-[24rem] xl:h-[34rem]  my-2\"><img decoding=\"async\" class=\"imgdatasrc object-cover h-full w-full object-center\" src=\"https:\/\/losprimerostv-s3.cdn.net.ar\/s3i233\/2023\/06\/losprimerostv\/images\/04\/56\/45675_18e2a2bfae06d0c31c419fc567a04872cff4d3a598f3d4d13593cd7dda80fcc9\/md.webp\" sizes=\"\n            (max-width: 200px) 200px,\n\n                (max-width: 640px) 640px,\n                (max-width: 768px) 768px,\n\n                    (max-width: 1200px) 1200px,\n                    1520px\n\n        \" srcset=\"\n            https:\/\/losprimerostv-s3.cdn.net.ar\/s3i233\/2023\/06\/losprimerostv\/images\/04\/56\/45675_18e2a2bfae06d0c31c419fc567a04872cff4d3a598f3d4d13593cd7dda80fcc9\/min.webp 200w,\n            https:\/\/losprimerostv-s3.cdn.net.ar\/s3i233\/2023\/06\/losprimerostv\/images\/04\/56\/45675_18e2a2bfae06d0c31c419fc567a04872cff4d3a598f3d4d13593cd7dda80fcc9\/xs.webp 640w\n            ,\n                https:\/\/losprimerostv-s3.cdn.net.ar\/s3i233\/2023\/06\/losprimerostv\/images\/04\/56\/45675_18e2a2bfae06d0c31c419fc567a04872cff4d3a598f3d4d13593cd7dda80fcc9\/sm.webp 768w,\n                https:\/\/losprimerostv-s3.cdn.net.ar\/s3i233\/2023\/06\/losprimerostv\/images\/04\/56\/45675_18e2a2bfae06d0c31c419fc567a04872cff4d3a598f3d4d13593cd7dda80fcc9\/md.webp 1200w\n                ,\n                    https:\/\/losprimerostv-s3.cdn.net.ar\/s3i233\/2023\/06\/losprimerostv\/images\/04\/56\/45675_18e2a2bfae06d0c31c419fc567a04872cff4d3a598f3d4d13593cd7dda80fcc9\/lg.webp 1520w\n\n        \" alt=\"La obra social de los jubilados est\u00e1 al borde de la debacle financiera, advirti\u00f3 el Gobierno\" data-crop=\"&quot;{\\&quot;1x1\\&quot;:{\\&quot;x\\&quot;:50,\\&quot;y\\&quot;:50},\\&quot;4x3\\&quot;:{\\&quot;x\\&quot;:50,\\&quot;y\\&quot;:50},\\&quot;16x9\\&quot;:{\\&quot;x\\&quot;:50,\\&quot;y\\&quot;:50},\\&quot;21x9\\&quot;:{\\&quot;x\\&quot;:50,\\&quot;y\\&quot;:50},\\&quot;2x3\\&quot;:{\\&quot;x\\&quot;:50,\\&quot;y\\&quot;:50}}&quot;\" \/><\/div>\n<div class=\"img-epigrafe\"><em><strong>La obra social de los jubilados est\u00e1 al borde de la debacle financiera, advirti\u00f3 el Gobierno<\/strong><\/em><\/div>\n<div class=\"noticia-contenido contenido text-lg md:text-lg text-noticia-index-contenido font-noticia-index-contenido text-base \">\n<p>El Gobierno detect\u00f3 una serie de<strong>\u00a0irregularidades<\/strong>\u00a0en el\u00a0<a href=\"https:\/\/www.losprimeros.tv\/tag\/98\/pami\"><strong>PAMI<\/strong><\/a>\u00a0(Programa de Asistencia M\u00e9dica Integral), entre las que se destacan recetas truchas, \u00f3rdenes para prestaciones m\u00e9dicas dudosas, y una serie de gastos pol\u00edticos que pusieron a la obra social de los jubilados con un d\u00e9ficit operativo que la dej\u00f3, seg\u00fan manifestaron\u00a0oficialmente, \u201cal borde de una debacle financiera\u201d.<\/p>\n<p>El vocero presidencial\u00a0<a href=\"https:\/\/www.losprimeros.tv\/tag\/2806\/manuel-adorni\"><strong>Manuel Adorni<\/strong><\/a>, en la conferencia de prensa diaria en Casa Rosada, habl\u00f3 sobre el \u201cdespilfarro\u201d y la \u201cdesidia\u201d de la gesti\u00f3n anterior en el Instituto Nacional de Servicios Sociales para Jubilados y Pensionados y destac\u00f3 que desde el 10 de diciembre se recortaron 90 mil millones de pesos en \u201cgastos pol\u00edticos, en gastos innecesarios o en gastos provenientes de la ineficiencia\u201d.<\/p>\n<p>En\u00a0<a href=\"https:\/\/www.losprimeros.tv\/noticias\/2024\/03\/18\/261652-manuel-adorni-evitamos-la-catastrofe-tambien-en-el-pami\">el informe que present\u00f3 el funcionario<\/a> detall\u00f3 que la direcci\u00f3n ejecutiva de PAMI, que est\u00e1 a cargo de Esteban Legu\u00edzamo, recort\u00f3 90 mil millones de pesos en gastos pol\u00edticos, que afect\u00f3 la eliminaci\u00f3n del 75% de las secretar\u00edas, el 33% de las gerencias y subgerencias y la eliminaci\u00f3n total de las coordinaciones locales.<\/p>\n<p><img decoding=\"async\" src=\"https:\/\/www.infobae.com\/new-resizer\/XiQ0dkctGe8T7QbuT2M0YQZAfd4=\/768x512\/filters:format(webp):quality(85)\/cloudfront-us-east-1.images.arcpublishing.com\/infobae\/MRU5QHFSOBCNRDOZPWALQKVQM4.jpg\" width=\"100%\" \/><\/p>\n<div class=\"adserver-zonas-noticias\" data-index=\"3\"><\/div>\n<p class=\"paragraph\">De acuerdo con el informe, en marzo del a\u00f1o pasado el PAMI registr\u00f3 un d\u00e9ficit de 6 mil millones de pesos y en mayo tambi\u00e9n volvi\u00f3 a registrar un d\u00e9ficit por otros 6 mil millones de pesos, pero desde el mes de septiembre el d\u00e9ficit del organismo se multiplic\u00f3 por 8, llegando a los 51 mil millones de pesos. Esa tendencia se increment\u00f3 conforme avanz\u00f3 el a\u00f1o, al punto que en noviembre el d\u00e9ficit fue de 92 mil millones de pesos.<\/p>\n<p class=\"paragraph\">Entre los desmanejos que se\u00f1al\u00f3 la obra social de los jubilados se destac\u00f3 \u201cla venta de recetas truchas por parte de algunos profesionales que se aprovechaban de la falta de rigurosidad del sistema\u201d. Tambi\u00e9n se inform\u00f3 que el PAMI tambi\u00e9n sufri\u00f3 un hackeo del sistema inform\u00e1tico que dej\u00f3 expuesta una base de datos personales de m\u00e1s de 5 millones de afiliados. \u201cDatos de jubilados que, por supuesto, quedaron a merced de ser v\u00edctimas de estafas telef\u00f3nicas y otros delitos\u201d, dijeron a Infobae fuentes oficiales.<\/p>\n<p class=\"paragraph\">\u201cSi este esquema de despilfarro continuaba vigente, el PAMI iba a estar al borde del abismo en mayo\u201d, subray\u00f3 un informe y agreg\u00f3 que ese escenario se evit\u00f3. El mensaje coincidi\u00f3 con lo que dijo Manuel Adorni en la conferencia de prensa matutina: \u201cHabiendo hecho los recortes necesarios,<b>\u00a0se evit\u00f3 la cat\u00e1strofe tambi\u00e9n en el PAMI<\/b>\u201d.<\/p>\n<p class=\"paragraph\">En un comunicado oficial, la direcci\u00f3n ejecutiva de PAMI confirm\u00f3 que puso en marcha una serie de relevamientos cuyos resultados preliminares arrojaron que la obra social se encuentra en un estado de alta vulnerabilidad financiera. \u201cLos datos iniciales indican que, de no haberse tomado medidas inmediatas, el PAMI habr\u00eda entrado en una debacle financiera y estar\u00edan en riesgo las prestaciones que el Instituto brinda a sus afiliados\u201d, estableci\u00f3 la obra social.<\/p>\n<p class=\"paragraph\">\u201cEl PAMI es un paciente que est\u00e1 en una situaci\u00f3n cr\u00edtica\u201d, asegur\u00f3 Legu\u00edzamo y agreg\u00f3 que el instituto viene arrastrando un presupuestario negativo que se fue saldando con ahorros. \u201cLa gesti\u00f3n actual recibi\u00f3 una situaci\u00f3n de extrema fragilidad econ\u00f3mica como consecuencia de la falta de control y el gasto discrecional e indiscriminado de los aportes de los jubilados argentinos\u201d, se indic\u00f3 en el parte de prensa.<\/p>\n<p><img loading=\"lazy\" decoding=\"async\" class=\"alignnone size-medium wp-image-1862\" src=\"https:\/\/cafeprensa.com.ar\/wp-content\/uploads\/2024\/03\/IMG-20200920-WA0013-300x200.jpg\" alt=\"\" width=\"300\" height=\"200\" srcset=\"https:\/\/cafeprensa.com.ar\/wp-content\/uploads\/2024\/03\/IMG-20200920-WA0013-300x200.jpg 300w, https:\/\/cafeprensa.com.ar\/wp-content\/uploads\/2024\/03\/IMG-20200920-WA0013-1024x684.jpg 1024w, https:\/\/cafeprensa.com.ar\/wp-content\/uploads\/2024\/03\/IMG-20200920-WA0013-768x513.jpg 768w, https:\/\/cafeprensa.com.ar\/wp-content\/uploads\/2024\/03\/IMG-20200920-WA0013.jpg 1200w\" sizes=\"auto, (max-width: 300px) 100vw, 300px\" \/><\/p>\n<p class=\"paragraph\">Finalmente, aclararon que el programa de medicamentos gratuitos continuar\u00e1 activo y que, como todos los a\u00f1os, el convenio est\u00e1 en proceso de negociaci\u00f3n con la industria farmac\u00e9utica para asegurar la cobertura para todos los afiliados. Es que el PAMI es el principal \u201ccliente\u201d que tiene el sector.<\/p>\n<\/div>\n","protected":false},"excerpt":{"rendered":"<p>El vocero presidencial, Manuel Adorni, describi\u00f3 los recortes que se aplicaron desde el 10 de diciembre y advirti\u00f3 que la obra social iba a estar al borde del abismo en mayo. La obra social de los jubilados est\u00e1 al borde de la debacle financiera, advirti\u00f3 el Gobierno El Gobierno detect\u00f3 una serie de\u00a0irregularidades\u00a0en el\u00a0PAMI\u00a0(Programa de &hellip;<\/p>\n","protected":false},"author":2,"featured_media":1861,"comment_status":"open","ping_status":"open","sticky":false,"template":"","format":"standard","meta":{"footnotes":""},"categories":[32,33],"tags":[368,367],"class_list":["post-1860","post","type-post","status-publish","format-standard","has-post-thumbnail","hentry","category-jubilados","category-nacionales","tag-pami","tag-volnovich"],"_links":{"self":[{"href":"https:\/\/cafeprensa.com.ar\/index.php\/wp-json\/wp\/v2\/posts\/1860","targetHints":{"allow":["GET"]}}],"collection":[{"href":"https:\/\/cafeprensa.com.ar\/index.php\/wp-json\/wp\/v2\/posts"}],"about":[{"href":"https:\/\/cafeprensa.com.ar\/index.php\/wp-json\/wp\/v2\/types\/post"}],"author":[{"embeddable":true,"href":"https:\/\/cafeprensa.com.ar\/index.php\/wp-json\/wp\/v2\/users\/2"}],"replies":[{"embeddable":true,"href":"https:\/\/cafeprensa.com.ar\/index.php\/wp-json\/wp\/v2\/comments?post=1860"}],"version-history":[{"count":1,"href":"https:\/\/cafeprensa.com.ar\/index.php\/wp-json\/wp\/v2\/posts\/1860\/revisions"}],"predecessor-version":[{"id":1863,"href":"https:\/\/cafeprensa.com.ar\/index.php\/wp-json\/wp\/v2\/posts\/1860\/revisions\/1863"}],"wp:featuredmedia":[{"embeddable":true,"href":"https:\/\/cafeprensa.com.ar\/index.php\/wp-json\/wp\/v2\/media\/1861"}],"wp:attachment":[{"href":"https:\/\/cafeprensa.com.ar\/index.php\/wp-json\/wp\/v2\/media?parent=1860"}],"wp:term":[{"taxonomy":"category","embeddable":true,"href":"https:\/\/cafeprensa.com.ar\/index.php\/wp-json\/wp\/v2\/categories?post=1860"},{"taxonomy":"post_tag","embeddable":true,"href":"https:\/\/cafeprensa.com.ar\/index.php\/wp-json\/wp\/v2\/tags?post=1860"}],"curies":[{"name":"wp","href":"https:\/\/api.w.org\/{rel}","templated":true}]}}