{"id":1864,"date":"2024-03-19T12:05:31","date_gmt":"2024-03-19T11:05:31","guid":{"rendered":"https:\/\/cafeprensa.com.ar\/?p=1864"},"modified":"2024-03-19T12:05:31","modified_gmt":"2024-03-19T11:05:31","slug":"celulares-suben-20-en-abril-y-acumularan-85-en-el-cuatrimestre","status":"publish","type":"post","link":"https:\/\/cafeprensa.com.ar\/index.php\/2024\/03\/19\/celulares-suben-20-en-abril-y-acumularan-85-en-el-cuatrimestre\/","title":{"rendered":"Celulares suben 20% en abril y acumular\u00e1n 85% en el cuatrimestre"},"content":{"rendered":"<p>A partir del 3 de abril, los precios de la telefon\u00eda celular registrar\u00e1n un nuevo incremento que se ubicar\u00e1 en el 20%, de acuerdo con lo informado por una de las prestatarias de este servicio como AMX Argentina, que opera bajo la raz\u00f3n social de Claro. En este sentido, los incrementos que registra esta empresa hasta ahora, llegan al 65%, con el previsto para el mes pr\u00f3ximo alcanzar\u00e1 el 85%.<\/p>\n<p><em><strong>MENOS HUMANOS: EL USO DE LA TECNOLOG\u00cdA TIENE SU PRECIO.<\/strong><\/em><\/p>\n<p>Desde la \u00f3ptica de la psicolog\u00eda, alertan que \u00abesta necesidad de una aceptaci\u00f3n digital va en contraposici\u00f3n a la interacci\u00f3n vecinal\u00bb, y que la inmediatez \u00a0puede hacer que se pierdan \u00abprocesos necesarios para el entendimiento\u00bb. En tanto, las dem\u00e1s empresas a\u00fan no comunicaron cu\u00e1l ser\u00e1 el incremento que aplicar\u00e1n a partir de la pr\u00f3xima factura, pero tal como sucedi\u00f3 en otros meses tambi\u00e9n podr\u00eda promediar el 20%, sin distanciarse demasiado de lo que ya anunci\u00f3 la primera de estas empresas.<\/p>\n","protected":false},"excerpt":{"rendered":"<p>A partir del 3 de abril, los precios de la telefon\u00eda celular registrar\u00e1n un nuevo incremento que se ubicar\u00e1 en el 20%, de acuerdo con lo informado por una de las prestatarias de este servicio como AMX Argentina, que opera bajo la raz\u00f3n social de Claro. En este sentido, los incrementos que registra esta empresa &hellip;<\/p>\n","protected":false},"author":2,"featured_media":1865,"comment_status":"open","ping_status":"open","sticky":false,"template":"","format":"standard","meta":{"footnotes":""},"categories":[28],"tags":[369,158,370],"class_list":["post-1864","post","type-post","status-publish","format-standard","has-post-thumbnail","hentry","category-economia","tag-claro","tag-tarifas","tag-telefonia"],"_links":{"self":[{"href":"https:\/\/cafeprensa.com.ar\/index.php\/wp-json\/wp\/v2\/posts\/1864","targetHints":{"allow":["GET"]}}],"collection":[{"href":"https:\/\/cafeprensa.com.ar\/index.php\/wp-json\/wp\/v2\/posts"}],"about":[{"href":"https:\/\/cafeprensa.com.ar\/index.php\/wp-json\/wp\/v2\/types\/post"}],"author":[{"embeddable":true,"href":"https:\/\/cafeprensa.com.ar\/index.php\/wp-json\/wp\/v2\/users\/2"}],"replies":[{"embeddable":true,"href":"https:\/\/cafeprensa.com.ar\/index.php\/wp-json\/wp\/v2\/comments?post=1864"}],"version-history":[{"count":1,"href":"https:\/\/cafeprensa.com.ar\/index.php\/wp-json\/wp\/v2\/posts\/1864\/revisions"}],"predecessor-version":[{"id":1866,"href":"https:\/\/cafeprensa.com.ar\/index.php\/wp-json\/wp\/v2\/posts\/1864\/revisions\/1866"}],"wp:featuredmedia":[{"embeddable":true,"href":"https:\/\/cafeprensa.com.ar\/index.php\/wp-json\/wp\/v2\/media\/1865"}],"wp:attachment":[{"href":"https:\/\/cafeprensa.com.ar\/index.php\/wp-json\/wp\/v2\/media?parent=1864"}],"wp:term":[{"taxonomy":"category","embeddable":true,"href":"https:\/\/cafeprensa.com.ar\/index.php\/wp-json\/wp\/v2\/categories?post=1864"},{"taxonomy":"post_tag","embeddable":true,"href":"https:\/\/cafeprensa.com.ar\/index.php\/wp-json\/wp\/v2\/tags?post=1864"}],"curies":[{"name":"wp","href":"https:\/\/api.w.org\/{rel}","templated":true}]}}