{"id":18928,"date":"2026-08-31T08:07:32","date_gmt":"2026-08-31T11:07:32","guid":{"rendered":"https:\/\/cafeprensa.com.ar\/?p=18928"},"modified":"2026-08-31T08:07:32","modified_gmt":"2026-08-31T11:07:32","slug":"uber-y-didi-fueron-multadas-por-la-municipalidad-de-mas-miguel-de-tucuman","status":"publish","type":"post","link":"https:\/\/cafeprensa.com.ar\/index.php\/2026\/08\/31\/uber-y-didi-fueron-multadas-por-la-municipalidad-de-mas-miguel-de-tucuman\/","title":{"rendered":"Uber y DiDi fueron multadas por la municipalidad de Mas Miguel de Tucum\u00e1n"},"content":{"rendered":"<div class=\"mb-3\">\n<p>Uber y DiDi fueron multadas y la Capital empadronar\u00e1 directamente a los conductores de aplicaciones.<\/p>\n<p><strong>PUBLICIDAD<\/strong><img loading=\"lazy\" decoding=\"async\" class=\"alignnone wp-image-18717 \" src=\"https:\/\/cafeprensa.com.ar\/wp-content\/uploads\/2026\/08\/sat.jpg\" alt=\"\" width=\"792\" height=\"98\" srcset=\"https:\/\/cafeprensa.com.ar\/wp-content\/uploads\/2026\/08\/sat.jpg 728w, https:\/\/cafeprensa.com.ar\/wp-content\/uploads\/2026\/08\/sat-300x37.jpg 300w\" sizes=\"auto, (max-width: 792px) 100vw, 792px\" \/><strong>El municipio resolvi\u00f3 abrir un registro para choferes de autos y motos luego de que venciera el plazo para que las empresas presentaran sus n\u00f3minas. Cabify fue la \u00fanica plataforma que cumpli\u00f3 con las exigencias. <\/strong><\/p>\n<p>La Municipalidad de San Miguel de Tucum\u00e1n implementar\u00e1 un registro propio y obligatorio para los conductores que prestan servicios de transporte mediante aplicaciones m\u00f3viles, luego de que vencieran los plazos establecidos para que las plataformas se adecuaran a la normativa vigente.<\/p>\n<\/div>\n<div class=\"col-lg-12 col-12 mb-3\">\n<div class=\"col-lg-12 col-12 p-0\">\n<div class=\"nota-texto-render\">\n<p><strong>La medida alcanzar\u00e1 a choferes de autom\u00f3viles y motocicletas y permitir\u00e1 al municipio empadronarlos directamente para fiscalizar su actividad. La iniciativa se implementar\u00e1 bajo la \u00f3rbita del Servicio \u00danico de Transporte de Pasajeros en Autom\u00f3vil (Sutrapa).<\/strong><\/p>\n<p><strong>PUBLICIDAD<img loading=\"lazy\" decoding=\"async\" class=\"alignnone wp-image-18713 \" src=\"https:\/\/cafeprensa.com.ar\/wp-content\/uploads\/2026\/08\/banner_cesar_gonzalez.jpeg\" alt=\"\" width=\"785\" height=\"97\" srcset=\"https:\/\/cafeprensa.com.ar\/wp-content\/uploads\/2026\/08\/banner_cesar_gonzalez.jpeg 728w, https:\/\/cafeprensa.com.ar\/wp-content\/uploads\/2026\/08\/banner_cesar_gonzalez-300x37.jpeg 300w\" sizes=\"auto, (max-width: 785px) 100vw, 785px\" \/>La decisi\u00f3n se enmarca en las ordenanzas N\u00b0 5.483 y N\u00b0 5.484, aprobadas a fines del a\u00f1o pasado por el Concejo Deliberante de San Miguel de Tucum\u00e1n. Las normas establecieron un plazo para que las empresas fijaran domicilio legal en la provincia y proporcionaran informaci\u00f3n sobre los conductores que operan mediante sus plataformas.<\/strong><\/p>\n<p>Cumplido ese per\u00edodo, desde la Secretar\u00eda de Movilidad Urbana se\u00f1alaron que Cabify fue la \u00fanica compa\u00f1\u00eda que present\u00f3 la documentaci\u00f3n solicitada dentro de los tiempos establecidos. La situaci\u00f3n fue diferente para Uber y DiDi. Seg\u00fan el municipio, ambas empresas agotaron las instancias administrativas sin regularizar su situaci\u00f3n, por lo que recibieron intimaciones y sanciones econ\u00f3micas.<\/p>\n<p><strong>PUBLICIDAD<\/strong><img loading=\"lazy\" decoding=\"async\" class=\"alignnone wp-image-18698 size-large\" src=\"https:\/\/cafeprensa.com.ar\/wp-content\/uploads\/2026\/08\/655454451_1351226433708218_7599175584347977023_n-1024x110.jpg\" alt=\"\" width=\"1024\" height=\"110\" srcset=\"https:\/\/cafeprensa.com.ar\/wp-content\/uploads\/2026\/08\/655454451_1351226433708218_7599175584347977023_n-1024x110.jpg 1024w, https:\/\/cafeprensa.com.ar\/wp-content\/uploads\/2026\/08\/655454451_1351226433708218_7599175584347977023_n-300x32.jpg 300w, https:\/\/cafeprensa.com.ar\/wp-content\/uploads\/2026\/08\/655454451_1351226433708218_7599175584347977023_n-768x82.jpg 768w, https:\/\/cafeprensa.com.ar\/wp-content\/uploads\/2026\/08\/655454451_1351226433708218_7599175584347977023_n-1536x164.jpg 1536w, https:\/\/cafeprensa.com.ar\/wp-content\/uploads\/2026\/08\/655454451_1351226433708218_7599175584347977023_n.jpg 2048w\" sizes=\"auto, (max-width: 1024px) 100vw, 1024px\" \/><strong>\u201cHemos intimado en dos oportunidades a que cumplan con el plazo estipulado en la ordenanza y no lo han hecho. Ya generamos las sanciones econ\u00f3micas que corresponden, porque el no dar cumplimiento a una norma no es algo menor\u201d, afirm\u00f3 el secretario de Movilidad Urbana, Carlos Arnedo.<\/strong><\/p>\n<h2>C\u00f3mo ser\u00e1 el registro para los conductores<\/h2>\n<p><strong>Ante la falta de entrega de las n\u00f3minas de trabajadores por parte de algunas plataformas, la Direcci\u00f3n del Sutrapa resolvi\u00f3 avanzar directamente con el empadronamiento de quienes utilizan las aplicaciones para trasladar pasajeros. El tr\u00e1mite tendr\u00e1 modalidades digital y presencial y permitir\u00e1 que los propios conductores presenten la documentaci\u00f3n necesaria para quedar registrados ante el municipio.<\/strong><\/p>\n<p>La titular del organismo, Valeria Amaya, detall\u00f3 una serie de condiciones que deber\u00e1n cumplir quienes quieran obtener la habilitaci\u00f3n. Entre los requisitos se encuentra contar con una licencia profesional correspondiente a la categor\u00eda D1 y disponer de una p\u00f3liza de seguro espec\u00edfica para el transporte comercial de pasajeros. Los interesados tambi\u00e9n deber\u00e1n presentar un certificado de buena conducta y sus antecedentes penales actualizados.<\/p>\n<p><strong>En cuanto a los veh\u00edculos, se aplicar\u00e1 un criterio similar al utilizado para el servicio de taxis: podr\u00e1n registrarse unidades modelo 2013 en adelante.<\/strong><\/p>\n<h2>Buscan equiparar las condiciones con los taxis<\/h2>\n<p>Desde el municipio se\u00f1alaron que el nuevo esquema apunta a reforzar la seguridad de los pasajeros y facilitar las tareas de fiscalizaci\u00f3n que realizan los inspectores en la v\u00eda p\u00fablica. La intenci\u00f3n tambi\u00e9n es establecer condiciones operativas y tributarias similares entre los conductores que trabajan mediante aplicaciones y quienes prestan el servicio tradicional de taxis.<\/p>\n<p><strong>PUBLICIDAD<\/strong><img loading=\"lazy\" decoding=\"async\" class=\"alignnone wp-image-18387 size-large\" src=\"https:\/\/cafeprensa.com.ar\/wp-content\/uploads\/2026\/07\/file_0000000070f0820ea9aa8ac31ab21343-1-1024x234.jpg\" alt=\"\" width=\"1024\" height=\"234\" srcset=\"https:\/\/cafeprensa.com.ar\/wp-content\/uploads\/2026\/07\/file_0000000070f0820ea9aa8ac31ab21343-1-1024x234.jpg 1024w, https:\/\/cafeprensa.com.ar\/wp-content\/uploads\/2026\/07\/file_0000000070f0820ea9aa8ac31ab21343-1-300x68.jpg 300w, https:\/\/cafeprensa.com.ar\/wp-content\/uploads\/2026\/07\/file_0000000070f0820ea9aa8ac31ab21343-1-768x175.jpg 768w, https:\/\/cafeprensa.com.ar\/wp-content\/uploads\/2026\/07\/file_0000000070f0820ea9aa8ac31ab21343-1-1536x350.jpg 1536w, https:\/\/cafeprensa.com.ar\/wp-content\/uploads\/2026\/07\/file_0000000070f0820ea9aa8ac31ab21343-1.jpg 1688w\" sizes=\"auto, (max-width: 1024px) 100vw, 1024px\" \/><strong>Con la puesta en funcionamiento del registro, la Municipalidad podr\u00e1 contar con informaci\u00f3n directa sobre los conductores y veh\u00edculos afectados a estas prestaciones, independientemente de los datos suministrados por las propias plataformas. La medida forma parte del proceso de regulaci\u00f3n del transporte privado mediante aplicaciones que lleva adelante la gesti\u00f3n municipal tras la aprobaci\u00f3n de las ordenanzas correspondientes.<\/strong><\/p>\n<p><strong>PUBLICIDAD<img loading=\"lazy\" decoding=\"async\" class=\"alignnone wp-image-18461 size-large\" src=\"https:\/\/cafeprensa.com.ar\/wp-content\/uploads\/2026\/08\/Screenshot_20260617_111408_Gallery-1024x277.jpg\" alt=\"\" width=\"1024\" height=\"277\" srcset=\"https:\/\/cafeprensa.com.ar\/wp-content\/uploads\/2026\/08\/Screenshot_20260617_111408_Gallery-1024x277.jpg 1024w, https:\/\/cafeprensa.com.ar\/wp-content\/uploads\/2026\/08\/Screenshot_20260617_111408_Gallery-300x81.jpg 300w, https:\/\/cafeprensa.com.ar\/wp-content\/uploads\/2026\/08\/Screenshot_20260617_111408_Gallery-768x208.jpg 768w, https:\/\/cafeprensa.com.ar\/wp-content\/uploads\/2026\/08\/Screenshot_20260617_111408_Gallery-1536x415.jpg 1536w, https:\/\/cafeprensa.com.ar\/wp-content\/uploads\/2026\/08\/Screenshot_20260617_111408_Gallery-2048x554.jpg 2048w\" sizes=\"auto, (max-width: 1024px) 100vw, 1024px\" \/><\/strong><\/p>\n<p><span style=\"font-size: 8pt;\"><strong>FUENTE:https:\/\/lapapa.com.ar\/nota\/22036\/uber-y-didi-fueron-multadas-y-la-capital-empadronara-directamente-a-los-conductores-de-aplicaciones.<\/strong><\/span><\/p>\n<\/div>\n<\/div>\n<\/div>\n","protected":false},"excerpt":{"rendered":"<p>Uber y DiDi fueron multadas y la Capital empadronar\u00e1 directamente a los conductores de aplicaciones. PUBLICIDADEl municipio resolvi\u00f3 abrir un registro para choferes de autos y motos luego de que venciera el plazo para que las empresas presentaran sus n\u00f3minas. Cabify fue la \u00fanica plataforma que cumpli\u00f3 con las exigencias. La Municipalidad de San Miguel &hellip;<\/p>\n","protected":false},"author":2,"featured_media":18929,"comment_status":"open","ping_status":"open","sticky":false,"template":"","format":"standard","meta":{"footnotes":""},"categories":[54,34],"tags":[444],"class_list":["post-18928","post","type-post","status-publish","format-standard","has-post-thumbnail","hentry","category-interes-ganeral","category-locales","tag-uber-en-tucuman"],"_links":{"self":[{"href":"https:\/\/cafeprensa.com.ar\/index.php\/wp-json\/wp\/v2\/posts\/18928","targetHints":{"allow":["GET"]}}],"collection":[{"href":"https:\/\/cafeprensa.com.ar\/index.php\/wp-json\/wp\/v2\/posts"}],"about":[{"href":"https:\/\/cafeprensa.com.ar\/index.php\/wp-json\/wp\/v2\/types\/post"}],"author":[{"embeddable":true,"href":"https:\/\/cafeprensa.com.ar\/index.php\/wp-json\/wp\/v2\/users\/2"}],"replies":[{"embeddable":true,"href":"https:\/\/cafeprensa.com.ar\/index.php\/wp-json\/wp\/v2\/comments?post=18928"}],"version-history":[{"count":1,"href":"https:\/\/cafeprensa.com.ar\/index.php\/wp-json\/wp\/v2\/posts\/18928\/revisions"}],"predecessor-version":[{"id":18931,"href":"https:\/\/cafeprensa.com.ar\/index.php\/wp-json\/wp\/v2\/posts\/18928\/revisions\/18931"}],"wp:featuredmedia":[{"embeddable":true,"href":"https:\/\/cafeprensa.com.ar\/index.php\/wp-json\/wp\/v2\/media\/18929"}],"wp:attachment":[{"href":"https:\/\/cafeprensa.com.ar\/index.php\/wp-json\/wp\/v2\/media?parent=18928"}],"wp:term":[{"taxonomy":"category","embeddable":true,"href":"https:\/\/cafeprensa.com.ar\/index.php\/wp-json\/wp\/v2\/categories?post=18928"},{"taxonomy":"post_tag","embeddable":true,"href":"https:\/\/cafeprensa.com.ar\/index.php\/wp-json\/wp\/v2\/tags?post=18928"}],"curies":[{"name":"wp","href":"https:\/\/api.w.org\/{rel}","templated":true}]}}