{"id":1893,"date":"2024-03-21T11:27:36","date_gmt":"2024-03-21T10:27:36","guid":{"rendered":"https:\/\/cafeprensa.com.ar\/?p=1893"},"modified":"2024-03-21T11:27:36","modified_gmt":"2024-03-21T10:27:36","slug":"prision-preventiva-para-osorio-cufre-y-florentin-sosa-quedo-en-libertad","status":"publish","type":"post","link":"https:\/\/cafeprensa.com.ar\/index.php\/2024\/03\/21\/prision-preventiva-para-osorio-cufre-y-florentin-sosa-quedo-en-libertad\/","title":{"rendered":"Prisi\u00f3n preventiva para Osorio, Cufr\u00e9 y Florent\u00edn. Sosa qued\u00f3 en Libertad"},"content":{"rendered":"<div class=\"sc-8ac06f2-1 fJyQFn\">\n<div class=\"sc-8ac06f2-2 crcYvp\">\n<div class=\"sc-b8ac1e67-0 gvhrJJ\">\n<p class=\"sc-b8ac1e67-6 fhnjxU\">Arresto domiciliario en Tucum\u00e1n para tres jugadores de V\u00e9lez acusados por abuso sexual<\/p>\n<\/div>\n<\/div>\n<div class=\"sc-8ac06f2-3 fnMiyG\"><picture><source srcset=\"https:\/\/www.ole.com.ar\/images\/2024\/03\/20\/0Pmt014vQ_1290x760__1.jpg\" media=\"(min-width: 1024px)\" data-hero=\"\" \/><\/picture><span style=\"font-size: 12pt; font-weight: bold;\">Cufr\u00e9, Florent\u00edn y Osorio permanecer\u00e1n detenidos con \u00abdispositivos electr\u00f3nicos de monitoreo\u00bb. Sosa queda en libertad hasta el juicio.<\/span><\/div>\n<\/div>\n<section class=\"sc-e441548f-2 cnfARC\">\n<section class=\"sc-e441548f-1 frElZC\">\n<article id=\"storyBody\" class=\"sc-e441548f-11 iKXemG\">\n<div class=\"custom-text \">\n<p><strong>Ayer fue un d\u00eda clave en la causa que investiga la denuncia de abuso sexual a cuatro jugadores de\u00a0<a class=\"slug\" title=\"V\u00e9lez\" href=\"https:\/\/www.ole.com.ar\/tema\/velez.html\">V\u00e9lez<\/a>:\u00a0<em>Sebasti\u00e1n Sosa, Jos\u00e9 Florent\u00edn, Abiel Osorio y Braian Cufr\u00e9<\/em><\/strong>. Es que, ya en el comienzo de este jueves, pasada la medianoche del mi\u00e9rcoles, se determin\u00f3 que Florent\u00edn, Osorio y Cufr\u00e9 recibir\u00e1n arresto domiciliario en Tucum\u00e1n con \u00abdispositivos electr\u00f3nicos de monitoreo\u00bb durante 90 d\u00edas. Sosa, por su parte, quedar\u00e1 en libertad condicional hasta el juicio, <em><strong>previa cauci\u00f3n de 50 millones de pesos<\/strong><\/em>.<\/p>\n<\/div>\n<div class=\"custom-text \">\n<p><em><strong>Qu\u00e9 sucedi\u00f3 en la audiencia<\/strong><\/em><\/p>\n<\/div>\n<div class=\"custom-text \">\n<p>En la audiencia de la tarde, trascendi\u00f3 la versi\u00f3n<strong>\u00a0de la presencia en el lugar del episodio de un quinto futbolista de V\u00e9lez, sin que se diera un nombre en particular.<\/strong> Sin embargo, Ernesto Baaclini, abogado de Sosa, descart\u00f3 totalmente esa hip\u00f3tesis. Pasadas las 19, hubo un cuarto intermedio en la jornada.<\/p>\n<\/div>\n<div class=\"custom-text \">\n<p><strong>La fiscala Eugenia Mar\u00eda Posse<\/strong>\u00a0mantuvo la imputaci\u00f3n con la que se inici\u00f3 la causa. Pidi\u00f3 que se acuse a Cufr\u00e9 y a Florent\u00edn de autores de abuso sexual agravado por la participaci\u00f3n de dos o m\u00e1s personas. El mismo cargo le endilg\u00f3 a Sosa, pero como actor secundario. En tanto, solicit\u00f3 que a Abiel Osorio se lo acuse de abuso sexual simple. Acto seguido, pidi\u00f3 la prisi\u00f3n preventiva de todos.\u00a0<strong>Los abogados de la defensa expusieron los argumentos para rechazar ese pedido. Qued\u00f3 todo en manos de la jueza.<\/strong><\/p>\n<\/div>\n<div class=\"custom-text \">\n<p>As\u00ed, las acusaciones nombre por nombre quedar\u00edan de la siguiente manera:<\/p>\n<\/div>\n<div class=\"custom-text \">\n<p>Braian Cufr\u00e9 y Jos\u00e9 Florent\u00edn: abuso sexual con acceso carnal agravado por participaci\u00f3n de dos o m\u00e1s personas en calidad de coautores. Tienen la expectativa de pena m\u00e1s alta, ya que podr\u00edan recibir de ocho a 20 a\u00f1os de prisi\u00f3n.<\/p>\n<\/div>\n<div class=\"custom-text \">\n<p>Sebasti\u00e1n Sosa: abuso sexual con acceso carnal agravado por la participaci\u00f3n de dos o m\u00e1s personas en calidad de part\u00edcipe secundario.<\/p>\n<\/div>\n<div class=\"custom-text \">\n<p>Abiel Osorio: abuso sexual simple.<\/p>\n<\/div>\n<div><\/div>\n<div class=\"sc-e7b891c4-0 jPbnQF\"><span class=\"epigraphe\">EN LA AUDIENCIA. Sosa, el arquero de V\u00e9lez, cierra los ojos.\u00a0<\/span><\/div>\n<div class=\"custom-text \">\n<p><strong>&#8211; \u00bfCu\u00e1ndo y d\u00f3nde ocurri\u00f3 el episodio?<\/strong><\/p>\n<\/div>\n<div class=\"custom-text \">\n<p>-En las primeras horas del 3 de marzo, la denunciante ingres\u00f3 a la habitaci\u00f3n 407 del hotel Hilton de Tucum\u00e1n en la que se encontraba hospedado el futbolista Sebasti\u00e1n Sosa. El equipo que dirige Gustavo Quinteros hab\u00eda jugado el d\u00eda anterior ante Atl\u00e9tico Tucum\u00e1n por la Copa de la Liga.<\/p>\n<\/div>\n<div class=\"custom-text \">\n<p><strong>-\u00bfDe qu\u00e9 se acusa a Sosa, Cufr\u00e9, Florent\u00edn y Osorio?<\/strong><\/p>\n<\/div>\n<div class=\"custom-text \">\n<p>La v\u00edctima, cuya identidad est\u00e1 preservada, declar\u00f3 que se acerc\u00f3 al hotel para verse con el uruguayo, a quien habr\u00eda conocido por mensajes en redes. Seg\u00fan su versi\u00f3n, cuando ingres\u00f3 al cuarto, la denunciante descubri\u00f3 que no solo la esperaba Sosa: tambi\u00e9n se encontraban los jugadores Braian Cufr\u00e9, Abiel Osorio y Jos\u00e9 Ignacio Florent\u00edn. La mujer, periodista deportiva que hab\u00eda tomado contacto con Sosa a trav\u00e9s de un chat por Instagram, cont\u00f3 que comparti\u00f3 \u00abunas latas de cerveza\u00bb apenas arrib\u00f3. Tambi\u00e9n le ofrecieron fernet, pero, luego de tomar unos tragos, comenz\u00f3 \u00aba sentirse mal, muy mareada\u00bb. En ese instante decidi\u00f3 recostarse sobre una de las camas. Seg\u00fan ella, se sent\u00eda adormecida y fue abusada sexualmente. Cuando logr\u00f3 recuperarse, pidi\u00f3 un auto y regres\u00f3 a su domicilio.<\/p>\n<\/div>\n<div class=\"sc-e7b891c4-0 jPbnQF\"><img loading=\"lazy\" decoding=\"async\" src=\"https:\/\/www.ole.com.ar\/images\/2024\/03\/20\/0Pmt014vQ_720x0__1.jpg\" alt=\"Los acusados en la Audiencia (La Gaceta de Tucum\u00e1n).\" width=\"720\" height=\"100\" data-nimg=\"future\" \/><\/div>\n<div class=\"sc-e7b891c4-0 jPbnQF\"><span class=\"epigraphe\">Los acusados en la Audiencia (La Gaceta de Tucum\u00e1n).<\/span><\/div>\n<div class=\"custom-text \">\n<p><strong>&#8211; \u00bfQu\u00e9 pas\u00f3 con los acusados desde la denuncia?<\/strong><\/p>\n<\/div>\n<div class=\"custom-text \">\n<p>V\u00e9lez los separ\u00f3 del plantel profesional, por lo que se entrenaron aparte. Solo Sosa se manifest\u00f3 p\u00fablicamente, a trav\u00e9s de un mensaje de Instagram. \u00abRepudio la violencia de cualquier tipo. Respeto la integridad f\u00edsica y sexual de toda persona. Conf\u00edo en la r\u00e1pida acci\u00f3n de la Justicia\u00bb, afirm\u00f3 el uruguayo. Este lunes, tras la detenci\u00f3n, el club de Liniers anunci\u00f3 la suspensi\u00f3n del contrato de los cuatro, situaci\u00f3n que sin dudas se sostendr\u00e1 mientras est\u00e9n privados de la libertad<\/p>\n<\/div>\n<div class=\"custom-text \">\n<p><strong>&#8211; \u00bfLos acusados tienen el mismo abogado?<\/strong><\/p>\n<\/div>\n<div class=\"custom-text \">\n<p>No. Baaclini y un colega uruguayo est\u00e1n con Sosa. Camilo Atim es el abogado de Florent\u00edn. Jos\u00e9 Mar\u00eda Molina es el abogado de Cufr\u00e9 y Osorio. Seg\u00fan Molina, sus clientes aseguraron que no sucedi\u00f3 nada de lo que asegur\u00f3 la denunciante.<\/p>\n<\/div>\n<div class=\"custom-text \">\n<p><strong>-\u00bfPor qu\u00e9 se detuvo a los cuatro implicados?<\/strong><\/p>\n<\/div>\n<div class=\"custom-text \">\n<p>La determinaci\u00f3n la tom\u00f3 la fiscal Mar\u00eda Eugenia Posse, de la Unidad contra los delitos contra la Integridad Sexual de Tucum\u00e1n, tras escuchar la declaraci\u00f3n de la v\u00edctima en C\u00e1mara Gesell. Si actu\u00f3 de esa manera es porque considera que hay pruebas contundentes y los acusados pueden entorpecer la causa o darse a la fuga durante el proceso. Estar\u00e1n por lo menos hasta el mi\u00e9rcoles en la Brigada de Investigaciones, ubicada en avenida Sarmiento y Jun\u00edn, cerca del microcentro de la ciudad. Es un lugar en el que suele haber pocos detenidos.<\/p>\n<\/div>\n<\/article>\n<\/section>\n<\/section>\n","protected":false},"excerpt":{"rendered":"<p>Arresto domiciliario en Tucum\u00e1n para tres jugadores de V\u00e9lez acusados por abuso sexual Cufr\u00e9, Florent\u00edn y Osorio permanecer\u00e1n detenidos con \u00abdispositivos electr\u00f3nicos de monitoreo\u00bb. Sosa queda en libertad hasta el juicio. Ayer fue un d\u00eda clave en la causa que investiga la denuncia de abuso sexual a cuatro jugadores de\u00a0V\u00e9lez:\u00a0Sebasti\u00e1n Sosa, Jos\u00e9 Florent\u00edn, Abiel Osorio &hellip;<\/p>\n","protected":false},"author":2,"featured_media":1894,"comment_status":"open","ping_status":"open","sticky":false,"template":"","format":"standard","meta":{"footnotes":""},"categories":[294,34],"tags":[386,385,388,297,387],"class_list":["post-1893","post","type-post","status-publish","format-standard","has-post-thumbnail","hentry","category-futbol","category-locales","tag-abiel-osorio-y-braian-cufre","tag-jose-florentin","tag-jugadores","tag-sebastian-sosa","tag-velez"],"_links":{"self":[{"href":"https:\/\/cafeprensa.com.ar\/index.php\/wp-json\/wp\/v2\/posts\/1893","targetHints":{"allow":["GET"]}}],"collection":[{"href":"https:\/\/cafeprensa.com.ar\/index.php\/wp-json\/wp\/v2\/posts"}],"about":[{"href":"https:\/\/cafeprensa.com.ar\/index.php\/wp-json\/wp\/v2\/types\/post"}],"author":[{"embeddable":true,"href":"https:\/\/cafeprensa.com.ar\/index.php\/wp-json\/wp\/v2\/users\/2"}],"replies":[{"embeddable":true,"href":"https:\/\/cafeprensa.com.ar\/index.php\/wp-json\/wp\/v2\/comments?post=1893"}],"version-history":[{"count":1,"href":"https:\/\/cafeprensa.com.ar\/index.php\/wp-json\/wp\/v2\/posts\/1893\/revisions"}],"predecessor-version":[{"id":1895,"href":"https:\/\/cafeprensa.com.ar\/index.php\/wp-json\/wp\/v2\/posts\/1893\/revisions\/1895"}],"wp:featuredmedia":[{"embeddable":true,"href":"https:\/\/cafeprensa.com.ar\/index.php\/wp-json\/wp\/v2\/media\/1894"}],"wp:attachment":[{"href":"https:\/\/cafeprensa.com.ar\/index.php\/wp-json\/wp\/v2\/media?parent=1893"}],"wp:term":[{"taxonomy":"category","embeddable":true,"href":"https:\/\/cafeprensa.com.ar\/index.php\/wp-json\/wp\/v2\/categories?post=1893"},{"taxonomy":"post_tag","embeddable":true,"href":"https:\/\/cafeprensa.com.ar\/index.php\/wp-json\/wp\/v2\/tags?post=1893"}],"curies":[{"name":"wp","href":"https:\/\/api.w.org\/{rel}","templated":true}]}}