{"id":18932,"date":"2026-08-31T08:48:34","date_gmt":"2026-08-31T11:48:34","guid":{"rendered":"https:\/\/cafeprensa.com.ar\/?p=18932"},"modified":"2026-08-31T09:11:21","modified_gmt":"2026-08-31T12:11:21","slug":"falta-9-meses-para-votar-y-jaldo-saca-19-puntos-de-ventaja-sobre-catalan","status":"publish","type":"post","link":"https:\/\/cafeprensa.com.ar\/index.php\/2026\/08\/31\/falta-9-meses-para-votar-y-jaldo-saca-19-puntos-de-ventaja-sobre-catalan\/","title":{"rendered":"Falta 9 meses para votar, la encuestadora de Jaldo le da19 puntos sobre Catal\u00e1n."},"content":{"rendered":"<div class=\"mb-3\">\n<h2><strong><span style=\"font-size: 16px;\">Una encuesta de Hugo Haime &amp; Asociados ubica a la f\u00f3rmula encabezada por Osvaldo Jaldo con una amplia ventaja sobre el binomio de La Libertad Avanza liderado por Lisandro Catal\u00e1n en un eventual escenario electoral para gobernador de Tucum\u00e1n.<\/span><\/strong><\/h2>\n<h2><strong><span style=\"font-size: 16px;\">PUBLICIDAD<img loading=\"lazy\" decoding=\"async\" class=\"alignnone wp-image-18461 size-large\" src=\"https:\/\/cafeprensa.com.ar\/wp-content\/uploads\/2026\/08\/Screenshot_20260617_111408_Gallery-1024x277.jpg\" alt=\"\" width=\"1024\" height=\"277\" srcset=\"https:\/\/cafeprensa.com.ar\/wp-content\/uploads\/2026\/08\/Screenshot_20260617_111408_Gallery-1024x277.jpg 1024w, https:\/\/cafeprensa.com.ar\/wp-content\/uploads\/2026\/08\/Screenshot_20260617_111408_Gallery-300x81.jpg 300w, https:\/\/cafeprensa.com.ar\/wp-content\/uploads\/2026\/08\/Screenshot_20260617_111408_Gallery-768x208.jpg 768w, https:\/\/cafeprensa.com.ar\/wp-content\/uploads\/2026\/08\/Screenshot_20260617_111408_Gallery-1536x415.jpg 1536w, https:\/\/cafeprensa.com.ar\/wp-content\/uploads\/2026\/08\/Screenshot_20260617_111408_Gallery-2048x554.jpg 2048w\" sizes=\"auto, (max-width: 1024px) 100vw, 1024px\" \/><\/span><\/strong><span style=\"font-size: 16px; font-weight: 400;\">El oficialismo provincial alcanza el <\/span><strong style=\"font-size: 16px;\">50,1% de intenci\u00f3n de voto<\/strong><span style=\"font-size: 16px; font-weight: 400;\">, mientras que la propuesta libertaria re\u00fane el\u00a0<\/span><strong style=\"font-size: 16px;\">31,2%<\/strong><span style=\"font-size: 16px; font-weight: 400;\">. La diferencia entre ambos espacios es de\u00a0<\/span><strong style=\"font-size: 16px;\">18,9 puntos porcentuales<\/strong><span style=\"font-size: 16px; font-weight: 400;\">. <\/span><span style=\"font-size: 16px; font-weight: 400;\">El estudio fue realizado\u00a0<\/span><strong style=\"font-size: 16px;\">entre el 24 de julio y el 1 de agosto de 2026<\/strong><span style=\"font-size: 16px; font-weight: 400;\">\u00a0sobre\u00a0<\/span><strong style=\"font-size: 16px;\">800 personas de 16 a\u00f1os o m\u00e1s<\/strong><span style=\"font-size: 16px; font-weight: 400;\">, residentes en Tucum\u00e1n y en condiciones de votar. <\/span><strong style=\"font-size: 16px;\">El trabajo de campo fue domiciliario y tuvo un dise\u00f1o poliet\u00e1pico que combin\u00f3 t\u00e9cnicas de estratificaci\u00f3n y cuotas de sexo y edad ajustadas a par\u00e1metros poblacionales. <\/strong><\/h2>\n<h2><span style=\"font-size: 16px; font-weight: 400;\">La consultora inform\u00f3 un\u00a0<\/span><strong style=\"font-size: 16px;\">margen m\u00e1ximo de error de \u00b13,54 puntos porcentuales<\/strong><span style=\"font-size: 16px; font-weight: 400;\">, con un nivel de confianza del 95,5%. <\/span><strong style=\"font-size: 16px;\">El relevamiento incluy\u00f3 San Miguel de Tucum\u00e1n, Yerba Buena, Lules, Banda del R\u00edo Sal\u00ed, Alderetes, Taf\u00ed Viejo, Concepci\u00f3n, Simoca, Monteros, El Manantial, Ranchillos, Las Talitas, Trinidad, Atahona, Acheral, Burruyacu, Garmendia, Graneros, Lamadrid y Famaill\u00e1.<\/strong><\/h2>\n<h2><strong style=\"font-size: 16px;\">PUBLICIDAD<img loading=\"lazy\" decoding=\"async\" class=\"alignnone wp-image-18704 size-large\" src=\"https:\/\/cafeprensa.com.ar\/wp-content\/uploads\/2026\/08\/IMG-20260404-WA0022-1024x256.jpg\" alt=\"\" width=\"1024\" height=\"256\" srcset=\"https:\/\/cafeprensa.com.ar\/wp-content\/uploads\/2026\/08\/IMG-20260404-WA0022-1024x256.jpg 1024w, https:\/\/cafeprensa.com.ar\/wp-content\/uploads\/2026\/08\/IMG-20260404-WA0022-300x75.jpg 300w, https:\/\/cafeprensa.com.ar\/wp-content\/uploads\/2026\/08\/IMG-20260404-WA0022-768x192.jpg 768w, https:\/\/cafeprensa.com.ar\/wp-content\/uploads\/2026\/08\/IMG-20260404-WA0022-1536x384.jpg 1536w, https:\/\/cafeprensa.com.ar\/wp-content\/uploads\/2026\/08\/IMG-20260404-WA0022-2048x512.jpg 2048w\" sizes=\"auto, (max-width: 1024px) 100vw, 1024px\" \/><\/strong><span style=\"font-size: 16px; font-weight: 400;\">En el escenario planteado por la consultora, el PJ competir\u00eda con la f\u00f3rmula integrada por\u00a0<\/span><strong style=\"font-size: 16px;\">Osvaldo Jaldo y Miguel Acevedo<\/strong><span style=\"font-size: 16px; font-weight: 400;\">, que conseguir\u00eda el\u00a0<\/span><strong style=\"font-size: 16px;\">50,1%<\/strong><span style=\"font-size: 16px; font-weight: 400;\">. La Libertad Avanza presentar\u00eda a\u00a0<\/span><strong style=\"font-size: 16px;\">Lisandro Catal\u00e1n acompa\u00f1ado por Alejandro Molinuevo<\/strong><span style=\"font-size: 16px; font-weight: 400;\">, con el apoyo del presidente Javier Milei, y obtendr\u00eda el\u00a0<\/span><strong style=\"font-size: 16px;\">31,2%<\/strong><span style=\"font-size: 16px; font-weight: 400;\">. M\u00e1s atr\u00e1s aparece la f\u00f3rmula radical integrada por\u00a0<\/span><strong style=\"font-size: 16px;\">Mariano Campero y Jos\u00e9 Cano<\/strong><span style=\"font-size: 16px; font-weight: 400;\">, con el\u00a0<\/span><strong style=\"font-size: 16px;\">6,4%<\/strong><span style=\"font-size: 16px; font-weight: 400;\">. Fuerza Republicana, con\u00a0<\/span><strong style=\"font-size: 16px;\">Ricardo Bussi y Ver\u00f3nica Guerra<\/strong><span style=\"font-size: 16px; font-weight: 400;\">, suma el\u00a0<\/span><strong style=\"font-size: 16px;\">4,3%<\/strong><span style=\"font-size: 16px; font-weight: 400;\">, mientras que el Frente de Izquierda, con\u00a0<\/span><strong style=\"font-size: 16px;\">Alejandra Arreguez y Mart\u00edn Correa<\/strong><span style=\"font-size: 16px; font-weight: 400;\">, registra el\u00a0<\/span><strong style=\"font-size: 16px;\">2%<\/strong><span style=\"font-size: 16px; font-weight: 400;\">.<\/span><\/h2>\n<\/div>\n<div class=\"col-lg-12 col-12 mb-3\">\n<div class=\"col-lg-12 col-12 p-0\">\n<div class=\"nota-texto-render\">\n<p>El voto blanco o nulo representa el\u00a0<strong>3,5%<\/strong>\u00a0y los indecisos alcanzan el\u00a0<strong>2,7%<\/strong>.<\/p>\n<p><img decoding=\"async\" src=\"https:\/\/scontent.ftuc7-1.fna.fbcdn.net\/v\/t1.15752-9\/785145293_1613395446979620_6694665280662634405_n.png?stp=dst-png&amp;cstp=mx999x609&amp;ctp=s999x609&amp;_nc_cat=110&amp;ccb=1-7&amp;_nc_sid=9f807c&amp;_nc_ohc=HU683umHY7gQ7kNvwHrYKBh&amp;_nc_oc=Adq_hRGdTt7UFEcz1OvTwwUBYVtFKrAFGKVYBwd2Fsn4LAVa2-EBzyBahynRPYZN0wY&amp;_nc_zt=23&amp;_nc_ht=scontent.ftuc7-1.fna&amp;_nc_ss=7b2a8&amp;oh=03_Q7cD6QEUm68MdawFwyIr47B5UbAMc2noHF8LVKJlwWJ_HxY_Bg&amp;oe=6ABBD6F5\" alt=\"\" \/>La distancia de Jaldo sobre Catal\u00e1n, de\u00a0<strong>18,9 puntos<\/strong>, supera el margen de error declarado por la encuesta. Sin embargo, se trata de una fotograf\u00eda de la opini\u00f3n p\u00fablica durante el per\u00edodo en el que se hizo el trabajo de campo y no de una predicci\u00f3n del resultado electoral. Adem\u00e1s, el estudio mide un escenario hipot\u00e9tico con f\u00f3rmulas determinadas por la propia consultora. El cuadro de segmentaci\u00f3n muestra que Jaldo obtiene sus mejores resultados en el este de la provincia, donde llega al\u00a0<strong>66,4%<\/strong>, y entre las personas de 65 a\u00f1os o m\u00e1s, segmento en el que alcanza el\u00a0<strong>67,4%<\/strong>.<\/p>\n<p><strong>PUBLICIDAD<\/strong><img loading=\"lazy\" decoding=\"async\" class=\"alignnone wp-image-17804 size-full\" src=\"https:\/\/cafeprensa.com.ar\/wp-content\/uploads\/2026\/06\/NORTE-768x81-1.jpg\" alt=\"\" width=\"768\" height=\"81\" srcset=\"https:\/\/cafeprensa.com.ar\/wp-content\/uploads\/2026\/06\/NORTE-768x81-1.jpg 768w, https:\/\/cafeprensa.com.ar\/wp-content\/uploads\/2026\/06\/NORTE-768x81-1-300x32.jpg 300w\" sizes=\"auto, (max-width: 768px) 100vw, 768px\" \/>Tambi\u00e9n registra el\u00a0<strong>61,6%<\/strong> entre los entrevistados pertenecientes al nivel socioecon\u00f3mico bajo-bajo.<\/p>\n<p>Catal\u00e1n, por su parte, presenta su mejor desempe\u00f1o en el centro, con el\u00a0<strong>37,9%<\/strong>; entre los varones, con el\u00a0<strong>36,4%<\/strong>; entre los j\u00f3venes de 16 a 29 a\u00f1os, con el\u00a0<strong>38,1%<\/strong>; y en el nivel socioecon\u00f3mico alto, donde alcanza el\u00a0<strong>49,1%<\/strong>. Entre quienes aprueban la gesti\u00f3n de Milei, la f\u00f3rmula libertaria llega al\u00a0<strong>68,4%<\/strong>, mientras que la propuesta de Jaldo obtiene el\u00a0<strong>21,9%<\/strong> dentro de ese mismo grupo. La disputa aparece pr\u00e1cticamente empatada en la zona centro: Jaldo registra\u00a0<strong>38,2%<\/strong>\u00a0y Catal\u00e1n\u00a0<strong>37,9%<\/strong>, apenas tres d\u00e9cimas de diferencia.<\/p>\n<p>En el este, en cambio, la ventaja del oficialismo provincial es mucho mayor:\u00a0<strong>66,4% contra 23,1%<\/strong>. En el oeste, Jaldo llega al\u00a0<strong>50,4%<\/strong>\u00a0y Catal\u00e1n al\u00a0<strong>30,3%<\/strong>. El estudio tambi\u00e9n midi\u00f3 la imagen de trece dirigentes provinciales.\u00a0<strong>Jaldo encabeza la tabla<\/strong>: el 44,6% califica su imagen como muy buena o buena, el 35,2% como regular y el 20,3% como muy mala o mala. En la medici\u00f3n agrupada que realiza Hugo Haime &amp; Asociados, el gobernador obtiene una\u00a0<strong>evaluaci\u00f3n positiva del 66,3%<\/strong>, una negativa del 33,7% y un saldo favorable de\u00a0<strong>32,6 puntos<\/strong>.<\/p>\n<p><strong>PUBLICIDAD<\/strong><img loading=\"lazy\" decoding=\"async\" class=\"alignnone wp-image-17801 size-full\" src=\"https:\/\/cafeprensa.com.ar\/wp-content\/uploads\/2026\/06\/IMG-20260331-WA0033-768x192-1.jpg\" alt=\"\" width=\"768\" height=\"192\" srcset=\"https:\/\/cafeprensa.com.ar\/wp-content\/uploads\/2026\/06\/IMG-20260331-WA0033-768x192-1.jpg 768w, https:\/\/cafeprensa.com.ar\/wp-content\/uploads\/2026\/06\/IMG-20260331-WA0033-768x192-1-300x75.jpg 300w\" sizes=\"auto, (max-width: 768px) 100vw, 768px\" \/><strong>Rossana Chahla<\/strong>\u00a0aparece segunda seg\u00fan evaluaci\u00f3n positiva, con el\u00a0<strong>50,7%<\/strong>, frente a una negativa del 43,8% y un diferencial favorable de 6,9 puntos. Le siguen\u00a0<strong>Miguel \u00c1ngel Acevedo<\/strong>, con 48,2% de evaluaci\u00f3n positiva y un saldo de 19,2 puntos;\u00a0<strong>Roberto S\u00e1nchez<\/strong>, con 44% y un diferencial de 15,9; y\u00a0<strong>Dar\u00edo Monteros<\/strong>, con 39,7% y un saldo positivo de 5,6 puntos. <strong>Juan Manzur<\/strong>\u00a0re\u00fane un 36,3% de evaluaci\u00f3n positiva y un 62,6% de negativa, con un diferencial de\u00a0<strong>-26,3 puntos<\/strong>.<img decoding=\"async\" src=\"https:\/\/scontent.ftuc7-1.fna.fbcdn.net\/v\/t1.15752-9\/787134142_2108743413238143_7224983607501922906_n.png?stp=dst-png&amp;cstp=mx764x521&amp;ctp=s764x521&amp;_nc_cat=111&amp;ccb=1-7&amp;_nc_sid=9f807c&amp;_nc_ohc=wawrcF6g024Q7kNvwF0VCzR&amp;_nc_oc=AdrfmN-RQSePdbGlZl99taTN000RdRIihGztqffEoCfKT4fuEKRxM2HrtkBtrGWTIgg&amp;_nc_zt=23&amp;_nc_ht=scontent.ftuc7-1.fna&amp;_nc_ss=7b2a8&amp;oh=03_Q7cD6QHiAUiri-HJ_I8BlDZYS_Tle8rcD3qUO70Y7aON9v7ibQ&amp;oe=6ABBDEA7\" alt=\"\" \/><strong>Federico Pelli<\/strong> alcanza 35,7% de evaluaci\u00f3n positiva y 23,3% de negativa, aunque el 10,2% declara no conocerlo y el 30,8% no sabe o no contesta sobre su imagen. Catal\u00e1n registra una evaluaci\u00f3n positiva agrupada del\u00a0<strong>32,3%<\/strong> y una negativa del 18,2%, con un saldo favorable de 14,1 puntos. El dato est\u00e1 condicionado por su nivel de conocimiento: el\u00a0<strong>17,4% dice no conocerlo<\/strong>\u00a0y el\u00a0<strong>32,1% no sabe o no contesta<\/strong>.<\/p>\n<p><strong>En la calificaci\u00f3n directa, el 14,8% considera que la imagen de Catal\u00e1n es muy buena o buena, el 21,6% la define como regular y el 14,1% como muy mala o mala.<\/strong><\/p>\n<p><strong>Pablo Yedlin<\/strong>\u00a0obtiene 31,7% de evaluaci\u00f3n positiva y 40,4% de negativa; Campero, 29,6% y 28,2%, respectivamente;\u00a0<strong>Gladys Medina<\/strong>, 27,5% y 32,9%; Jos\u00e9 Cano, 21,8% y 35,3%; y Ricardo Bussi, 19,1% y 73%.<\/p>\n<p><strong>PUBLICIDAD<\/strong><img loading=\"lazy\" decoding=\"async\" class=\"alignnone wp-image-18463 size-full\" src=\"https:\/\/cafeprensa.com.ar\/wp-content\/uploads\/2026\/08\/ot4nf2kzaowws010n3ud.gif\" alt=\"\" width=\"970\" height=\"90\" \/>Bussi presenta el saldo m\u00e1s desfavorable de la medici\u00f3n, con un diferencial de\u00a0<strong>-53,9 puntos<\/strong>.La gesti\u00f3n de Jaldo conserva una aprobaci\u00f3n mayoritaria. El\u00a0<strong>57,7% de los entrevistados dice aprobarla<\/strong>, el 37,8% la desaprueba y el 4,5% no sabe o no responde.Redondeados, los valores principales presentados por la consultora son\u00a0<strong>58% de aprobaci\u00f3n, 38% de desaprobaci\u00f3n y 4% de indecisos<\/strong>.<\/p>\n<p>La aprobaci\u00f3n del gobernador alcanza su valor m\u00e1s alto en el este, con\u00a0<strong>70,2%<\/strong>, y llega al 68% entre las personas de 50 a 64 a\u00f1os y al\u00a0<strong>72,1% entre las de 65 a\u00f1os o m\u00e1s<\/strong>.Tambi\u00e9n registra 66% en el nivel socioecon\u00f3mico bajo-bajo. En el nivel alto, en cambio, la aprobaci\u00f3n baja al 38,2% y la desaprobaci\u00f3n sube al 60,7%.<\/p>\n<p>Entre quienes desaprueban la gesti\u00f3n de Milei, el\u00a0<strong>66,1% aprueba la de Jaldo<\/strong>. Incluso entre quienes aprueban al Presidente, la evaluaci\u00f3n sobre el mandatario tucumano se divide: 46,4% aprueba y 50,5% desaprueba. Al consultar sobre la direcci\u00f3n en la que Jaldo lleva a la provincia, el\u00a0<strong>54,8% la considera correcta<\/strong>, el 41,2% equivocada y el 4,1% no responde.<\/p>\n<p><strong>PUBLICIDAD<\/strong><img loading=\"lazy\" decoding=\"async\" class=\"alignnone wp-image-17381 size-large\" src=\"https:\/\/cafeprensa.com.ar\/wp-content\/uploads\/2026\/06\/img4-1024x288.webp\" alt=\"\" width=\"1024\" height=\"288\" srcset=\"https:\/\/cafeprensa.com.ar\/wp-content\/uploads\/2026\/06\/img4-1024x288.webp 1024w, https:\/\/cafeprensa.com.ar\/wp-content\/uploads\/2026\/06\/img4-300x84.webp 300w, https:\/\/cafeprensa.com.ar\/wp-content\/uploads\/2026\/06\/img4-768x216.webp 768w, https:\/\/cafeprensa.com.ar\/wp-content\/uploads\/2026\/06\/img4-1536x432.webp 1536w, https:\/\/cafeprensa.com.ar\/wp-content\/uploads\/2026\/06\/img4-2048x576.webp 2048w\" sizes=\"auto, (max-width: 1024px) 100vw, 1024px\" \/><strong>El respaldo vuelve a ser m\u00e1s alto en el este, con 66,3%; entre los mayores de 65 a\u00f1os, con\u00a070,5%; y en el segmento socioecon\u00f3mico bajo-bajo, con 63,2%.<\/strong><\/p>\n<p>La lectura es distinta entre los sectores de mayores ingresos: en el nivel alto, el 37,7% considera correcta la direcci\u00f3n provincial y el\u00a0<strong>58,4% la califica como equivocada<\/strong>. Entre los votantes potenciales de Jaldo, el 84% eval\u00faa como correcto el rumbo. Entre los de Catal\u00e1n, el 67,8% lo considera equivocado. La encuesta tambi\u00e9n pregunt\u00f3 a los tucumanos c\u00f3mo se ubican frente al Gobierno provincial. El\u00a0<strong>53,3% se define como adherente<\/strong>, el 36,6% como opositor y el 10,1% no sabe o no contesta.<\/p>\n<p><strong>La adhesi\u00f3n llega al 65,4% en el este y al 63,3% entre los mayores de 65 a\u00f1os.<\/strong><\/p>\n<p>En el nivel socioecon\u00f3mico alto, por el contrario, el\u00a0<strong>62,4% se considera opositor<\/strong> y el 29,5% adherente. Entre los potenciales votantes de Jaldo, la adhesi\u00f3n al Gobierno provincial alcanza el 80,9%. Entre los de Catal\u00e1n, el 63% se ubica como opositor. El sondeo expone una valoraci\u00f3n m\u00e1s desfavorable para el Gobierno nacional en Tucum\u00e1n. La gesti\u00f3n de Milei es aprobada por el\u00a0<strong>40%<\/strong>\u00a0y desaprobada por el\u00a0<strong>56,8%<\/strong>, mientras que el 3,1% no responde.<\/p>\n<p>En los n\u00fameros redondeados presentados por la consultora, la relaci\u00f3n es de\u00a0<strong>40% de aprobaci\u00f3n, 57% de desaprobaci\u00f3n y 3% de indecisos<\/strong>. La aprobaci\u00f3n presidencial es mayor en el centro, con 51,1%, y entre los varones, con 49%. Entre las mujeres baja al 33,3%. Tambi\u00e9n muestra una marcada diferencia seg\u00fan el nivel socioecon\u00f3mico: llega al\u00a0<strong>62% en el segmento alto<\/strong>\u00a0y cae al\u00a0<strong>19,7% en el bajo-bajo<\/strong>. Entre quienes manifiestan intenci\u00f3n de votar a Catal\u00e1n, la aprobaci\u00f3n de Milei asciende al\u00a0<strong>90,6%<\/strong>.<\/p>\n<p><strong>PUBLICIDAD<\/strong><img loading=\"lazy\" decoding=\"async\" class=\"alignnone wp-image-18464 size-large\" src=\"https:\/\/cafeprensa.com.ar\/wp-content\/uploads\/2026\/08\/la-trenpranera-monteros-1024x333.jpg\" alt=\"\" width=\"1024\" height=\"333\" srcset=\"https:\/\/cafeprensa.com.ar\/wp-content\/uploads\/2026\/08\/la-trenpranera-monteros-1024x333.jpg 1024w, https:\/\/cafeprensa.com.ar\/wp-content\/uploads\/2026\/08\/la-trenpranera-monteros-300x98.jpg 300w, https:\/\/cafeprensa.com.ar\/wp-content\/uploads\/2026\/08\/la-trenpranera-monteros-768x250.jpg 768w, https:\/\/cafeprensa.com.ar\/wp-content\/uploads\/2026\/08\/la-trenpranera-monteros.jpg 1080w\" sizes=\"auto, (max-width: 1024px) 100vw, 1024px\" \/>Entre los potenciales votantes de Jaldo, en cambio, el\u00a0<strong>78,2% desaprueba al Presidente<\/strong> y el 18,4% lo aprueba. Cuando la consulta se formula sobre la direcci\u00f3n en la que Milei lleva al pa\u00eds, el\u00a0<strong>39,4% responde que es correcta<\/strong>, el\u00a0<strong>57,3% que es equivocada<\/strong> y el 3,3% no sabe o no contesta.\u00a0<strong>La consideraci\u00f3n positiva del rumbo nacional alcanza el 49,7% en el centro, pero cae al 31% en el este y al 35,6% en el oeste. <\/strong>Entre los entrevistados del nivel socioecon\u00f3mico alto llega al 61,3%, mientras que en el nivel bajo-bajo es del 19,2%. Entre los potenciales votantes de Catal\u00e1n, el\u00a0<strong>89,8% juzga correcta la direcci\u00f3n del pa\u00eds<\/strong>. Entre los de Jaldo, el\u00a0<strong>78,8% sostiene que es equivocada<\/strong>.<\/p>\n<p>Otro de los puntos del informe aborda la relaci\u00f3n financiera entre la Naci\u00f3n y Tucum\u00e1n.<\/p>\n<p>Ante la pregunta sobre en qu\u00e9 medida Milei le est\u00e1 dando a la provincia los recursos econ\u00f3micos que le corresponden, el\u00a0<strong>67% responde \u201cpoco\u201d o \u201cnada\u201d<\/strong>. El 26% contesta \u201cmucho\u201d o \u201cbastante\u201d y el 7% no sabe o no responde. La mirada cr\u00edtica tambi\u00e9n aparece al evaluar el modelo econ\u00f3mico nacional. El\u00a0<strong>62% considera que debe ser cambiado<\/strong>: un 41% plantea modificarlo totalmente y otro 21% propone cambiarlo manteniendo algunas cosas. El 38% prefiere conservarlo, aunque con diferencias internas: el 27% pide mantenerlo con algunas modificaciones y solamente el\u00a0<strong>11% sostiene que debe continuar tal como est\u00e1<\/strong>. En conjunto, los datos muestran una\u00a0<strong>ventaja del oficialismo provincial en el escenario a gobernador<\/strong>, apoyada en una aprobaci\u00f3n mayoritaria de la gesti\u00f3n de Jaldo y en una percepci\u00f3n predominantemente cr\u00edtica sobre el rumbo nacional y el env\u00edo de recursos a Tucum\u00e1n.<\/p>\n<p><strong>PUBLICIDAD<\/strong><img loading=\"lazy\" decoding=\"async\" class=\"alignnone wp-image-18248 size-large\" src=\"https:\/\/cafeprensa.com.ar\/wp-content\/uploads\/2026\/07\/channels4_banner-1024x169.jpg\" alt=\"\" width=\"1024\" height=\"169\" srcset=\"https:\/\/cafeprensa.com.ar\/wp-content\/uploads\/2026\/07\/channels4_banner-1024x169.jpg 1024w, https:\/\/cafeprensa.com.ar\/wp-content\/uploads\/2026\/07\/channels4_banner-300x50.jpg 300w, https:\/\/cafeprensa.com.ar\/wp-content\/uploads\/2026\/07\/channels4_banner-768x127.jpg 768w, https:\/\/cafeprensa.com.ar\/wp-content\/uploads\/2026\/07\/channels4_banner.jpg 1138w\" sizes=\"auto, (max-width: 1024px) 100vw, 1024px\" \/>Al mismo tiempo, la encuesta identifica fortalezas espec\u00edficas de La Libertad Avanza en el centro provincial, entre los varones, los j\u00f3venes y los sectores de nivel socioecon\u00f3mico alto. La medici\u00f3n debe leerse dentro de sus l\u00edmites metodol\u00f3gicos y temporales: se realiz\u00f3 sobre una muestra de\u00a0<strong>800 casos<\/strong>, admite un margen de error de\u00a0<strong>\u00b13,54 puntos<\/strong>\u00a0y refleja las respuestas obtenidas entre el 24 de julio y el 1 de agosto de 2026.<\/p>\n<p><strong>Las candidaturas y alianzas utilizadas corresponden al escenario evaluado por Hugo Haime &amp; Asociados y pueden cambiar antes de una elecci\u00f3n.<\/strong><\/p>\n<p><strong>PUBLICIDAD<img loading=\"lazy\" decoding=\"async\" class=\"alignnone wp-image-17806 size-full\" src=\"https:\/\/cafeprensa.com.ar\/wp-content\/uploads\/2026\/06\/Screenshot_20260422_105453_WhatsApp-1-1024x589-1-768x442-copia.jpg\" alt=\"\" width=\"768\" height=\"442\" srcset=\"https:\/\/cafeprensa.com.ar\/wp-content\/uploads\/2026\/06\/Screenshot_20260422_105453_WhatsApp-1-1024x589-1-768x442-copia.jpg 768w, https:\/\/cafeprensa.com.ar\/wp-content\/uploads\/2026\/06\/Screenshot_20260422_105453_WhatsApp-1-1024x589-1-768x442-copia-300x173.jpg 300w\" sizes=\"auto, (max-width: 768px) 100vw, 768px\" \/><\/strong><\/p>\n<p><span style=\"font-size: 8pt;\"><strong>FUENTE:https:\/\/lapapa.com.ar\/nota\/22034\/hugo-haime-midio-la-pelea-por-la-gobernacion-en-tucuman-jaldo-saca-19-puntos-de-ventaja-sobre-catalan<\/strong><\/span><\/p>\n<\/div>\n<\/div>\n<\/div>\n","protected":false},"excerpt":{"rendered":"<p>Una encuesta de Hugo Haime &amp; Asociados ubica a la f\u00f3rmula encabezada por Osvaldo Jaldo con una amplia ventaja sobre el binomio de La Libertad Avanza liderado por Lisandro Catal\u00e1n en un eventual escenario electoral para gobernador de Tucum\u00e1n. PUBLICIDADEl oficialismo provincial alcanza el 50,1% de intenci\u00f3n de voto, mientras que la propuesta libertaria re\u00fane &hellip;<\/p>\n","protected":false},"author":2,"featured_media":18933,"comment_status":"open","ping_status":"open","sticky":false,"template":"","format":"standard","meta":{"footnotes":""},"categories":[34,25],"tags":[1804,2723,94],"class_list":["post-18932","post","type-post","status-publish","format-standard","has-post-thumbnail","hentry","category-locales","category-politica","tag-catalan","tag-elecciones-2027","tag-jaldo"],"_links":{"self":[{"href":"https:\/\/cafeprensa.com.ar\/index.php\/wp-json\/wp\/v2\/posts\/18932","targetHints":{"allow":["GET"]}}],"collection":[{"href":"https:\/\/cafeprensa.com.ar\/index.php\/wp-json\/wp\/v2\/posts"}],"about":[{"href":"https:\/\/cafeprensa.com.ar\/index.php\/wp-json\/wp\/v2\/types\/post"}],"author":[{"embeddable":true,"href":"https:\/\/cafeprensa.com.ar\/index.php\/wp-json\/wp\/v2\/users\/2"}],"replies":[{"embeddable":true,"href":"https:\/\/cafeprensa.com.ar\/index.php\/wp-json\/wp\/v2\/comments?post=18932"}],"version-history":[{"count":3,"href":"https:\/\/cafeprensa.com.ar\/index.php\/wp-json\/wp\/v2\/posts\/18932\/revisions"}],"predecessor-version":[{"id":18937,"href":"https:\/\/cafeprensa.com.ar\/index.php\/wp-json\/wp\/v2\/posts\/18932\/revisions\/18937"}],"wp:featuredmedia":[{"embeddable":true,"href":"https:\/\/cafeprensa.com.ar\/index.php\/wp-json\/wp\/v2\/media\/18933"}],"wp:attachment":[{"href":"https:\/\/cafeprensa.com.ar\/index.php\/wp-json\/wp\/v2\/media?parent=18932"}],"wp:term":[{"taxonomy":"category","embeddable":true,"href":"https:\/\/cafeprensa.com.ar\/index.php\/wp-json\/wp\/v2\/categories?post=18932"},{"taxonomy":"post_tag","embeddable":true,"href":"https:\/\/cafeprensa.com.ar\/index.php\/wp-json\/wp\/v2\/tags?post=18932"}],"curies":[{"name":"wp","href":"https:\/\/api.w.org\/{rel}","templated":true}]}}