{"id":18938,"date":"2026-08-31T12:16:38","date_gmt":"2026-08-31T15:16:38","guid":{"rendered":"https:\/\/cafeprensa.com.ar\/?p=18938"},"modified":"2026-08-31T12:25:44","modified_gmt":"2026-08-31T15:25:44","slug":"la-interna-de-la-uta-entra-en-una-etapa-decisiva","status":"publish","type":"post","link":"https:\/\/cafeprensa.com.ar\/index.php\/2026\/08\/31\/la-interna-de-la-uta-entra-en-una-etapa-decisiva\/","title":{"rendered":"La interna de la UTA entra en una etapa decisiva"},"content":{"rendered":"<div>\n<div dir=\"auto\">La interna sindical entra en una etapa decisiva, mientras en Tucum\u00e1n y otras provincias del Norte tambi\u00e9n comienzan a sentirse las tensiones electorales de cara a octubre.<\/div>\n<div dir=\"auto\"><strong>La disputa por la conducci\u00f3n nacional de la Uni\u00f3n Tranviarios Automotor (UTA) ingres\u00f3 en una etapa decisiva con la presentaci\u00f3n de la Lista Marr\u00f3n, encabezada por el actual secretario de Organizaci\u00f3n del gremio, Alberto Pati\u00f1o.<\/strong><\/div>\n<div dir=\"auto\"><strong>PUBLICIDAD<img loading=\"lazy\" decoding=\"async\" class=\"alignnone wp-image-18472 size-full\" src=\"https:\/\/cafeprensa.com.ar\/wp-content\/uploads\/2026\/08\/970x90-1.gif\" alt=\"\" width=\"970\" height=\"90\" \/><\/strong><\/div>\n<div dir=\"auto\"><strong>Pati\u00f1o buscar\u00e1 disputar la conducci\u00f3n que encabeza Roberto Fern\u00e1ndez, Secretario General Nacional desde 2008,<\/strong> en un proceso electoral que aparece como uno de los m\u00e1s competitivos de los \u00faltimos a\u00f1os dentro del sindicato que representa a los trabajadores del transporte automotor.<\/div>\n<div dir=\"auto\"><strong>El lanzamiento de la nueva lista formaliz\u00f3 las diferencias existentes dentro de la estructura nacional del gremio y abri\u00f3 un escenario de fuerte competencia pol\u00edtica y sindical.<\/strong><\/div>\n<div dir=\"auto\"><\/div>\n<div dir=\"auto\"><span style=\"font-size: 14pt;\"><strong>\u201cQueremos una UTA m\u00e1s federal y representativa\u201d<\/strong><\/span><\/div>\n<div dir=\"auto\">Durante la presentaci\u00f3n de su candidatura, Alberto Pati\u00f1o asegur\u00f3 que su decisi\u00f3n de competir responde a un proceso de construcci\u00f3n sindical que viene desarroll\u00e1ndose desde hace varios a\u00f1os.<\/div>\n<div dir=\"auto\"><strong>\u201cNo es un hecho aislado, es un camino que venimos recorriendo con nuestros compa\u00f1eros para cambiar la historia de nuestro sindicato y hacerlo m\u00e1s federal, m\u00e1s democr\u00e1tico y m\u00e1s representativo\u201d, expres\u00f3.<\/strong><\/div>\n<div dir=\"auto\"><strong>Adem\u00e1s, convoc\u00f3 a los trabajadores y delegados de todo el pa\u00eds a involucrarse activamente en el proceso electoral.<\/strong><\/div>\n<div dir=\"auto\">\u201cNada de esto se va a poder lograr sin el acompa\u00f1amiento de todas y todos los compa\u00f1eros a lo largo y ancho del pa\u00eds\u201d, afirm\u00f3. La oposici\u00f3n busca fortalecer la participaci\u00f3n de las seccionales del interior y de los cuerpos de delegados, en un contexto atravesado por cuestionamientos y conflictos vinculados al estatuto sindical y las condiciones de participaci\u00f3n electoral.<\/div>\n<div dir=\"auto\"><strong>PUBLICIDAD<\/strong><img loading=\"lazy\" decoding=\"async\" class=\"alignnone wp-image-18717 size-full\" src=\"https:\/\/cafeprensa.com.ar\/wp-content\/uploads\/2026\/08\/sat.jpg\" alt=\"\" width=\"728\" height=\"90\" srcset=\"https:\/\/cafeprensa.com.ar\/wp-content\/uploads\/2026\/08\/sat.jpg 728w, https:\/\/cafeprensa.com.ar\/wp-content\/uploads\/2026\/08\/sat-300x37.jpg 300w\" sizes=\"auto, (max-width: 728px) 100vw, 728px\" \/><\/div>\n<div dir=\"auto\"><span style=\"font-size: 14pt;\"><strong>Una elecci\u00f3n con varios frentes.<\/strong><\/span><\/div>\n<div dir=\"auto\">El cierre para la presentaci\u00f3n de listas permitir\u00e1 conocer definitivamente qui\u00e9nes ser\u00e1n los protagonistas de la elecci\u00f3n. <span style=\"font-size: 12pt;\">Hasta el momento, fueron reservados diferentes colores para las agrupaciones que podr\u00edan participar:<\/span><\/div>\n<div dir=\"auto\"><em><strong>Celeste y Blanca<\/strong><\/em><\/div>\n<div dir=\"auto\"><em><strong>Marr\u00f3n<\/strong><\/em><\/div>\n<div dir=\"auto\"><em><strong>Naranja<\/strong><\/em><\/div>\n<div dir=\"auto\"><em><strong>Negro<\/strong><\/em><\/div>\n<div dir=\"auto\"><em><strong>Bord\u00f3<\/strong><\/em><\/div>\n<div dir=\"auto\">La oficializaci\u00f3n definitiva de las n\u00f3minas ser\u00e1 fundamental para determinar si los sectores opositores logran consolidar una candidatura fuerte o si la fragmentaci\u00f3n termina favoreciendo a la actual conducci\u00f3n nacional.<\/div>\n<div dir=\"auto\">Casi dos d\u00e9cadas de conducci\u00f3n<\/div>\n<div dir=\"auto\"><strong>Roberto Fern\u00e1ndez asumi\u00f3 la conducci\u00f3n nacional de la UTA en 2008 y lleva una extensa trayectoria al frente del sindicato.<\/strong><\/div>\n<div dir=\"auto\">Durante estos a\u00f1os, la organizaci\u00f3n atraves\u00f3 diferentes conflictos internos y transformaciones dentro del sistema de transporte, con disputas gremiales que modificaron el mapa de representaci\u00f3n sindical en distintos sectores y empresas. Por ese motivo, la pr\u00f3xima elecci\u00f3n podr\u00eda convertirse en un punto de inflexi\u00f3n para el futuro de la UTA y para la representaci\u00f3n de miles de trabajadores del transporte en todo el pa\u00eds.<\/div>\n<div dir=\"auto\"><strong>PUBLICIDAD<\/strong><img loading=\"lazy\" decoding=\"async\" class=\"alignnone wp-image-18461 size-large\" src=\"https:\/\/cafeprensa.com.ar\/wp-content\/uploads\/2026\/08\/Screenshot_20260617_111408_Gallery-1024x277.jpg\" alt=\"\" width=\"1024\" height=\"277\" srcset=\"https:\/\/cafeprensa.com.ar\/wp-content\/uploads\/2026\/08\/Screenshot_20260617_111408_Gallery-1024x277.jpg 1024w, https:\/\/cafeprensa.com.ar\/wp-content\/uploads\/2026\/08\/Screenshot_20260617_111408_Gallery-300x81.jpg 300w, https:\/\/cafeprensa.com.ar\/wp-content\/uploads\/2026\/08\/Screenshot_20260617_111408_Gallery-768x208.jpg 768w, https:\/\/cafeprensa.com.ar\/wp-content\/uploads\/2026\/08\/Screenshot_20260617_111408_Gallery-1536x415.jpg 1536w, https:\/\/cafeprensa.com.ar\/wp-content\/uploads\/2026\/08\/Screenshot_20260617_111408_Gallery-2048x554.jpg 2048w\" sizes=\"auto, (max-width: 1024px) 100vw, 1024px\" \/><\/div>\n<div dir=\"auto\"><span style=\"font-size: 14pt;\"><strong>El Norte tambi\u00e9n juega su propia elecci\u00f3n.<\/strong><\/span><\/div>\n<div dir=\"auto\">Pero la disputa no se limita solamente a la conducci\u00f3n nacional.<\/div>\n<div dir=\"auto\">En las provincias del Norte argentino tambi\u00e9n comienza a sentirse el clima electoral y varias seccionales deber\u00e1n enfrentar importantes desaf\u00edos en las elecciones previstas para el mes de octubre.<\/div>\n<div dir=\"auto\"><\/div>\n<div dir=\"auto\">Seg\u00fan el clima que se percibe en distintos sectores gremiales, algunas conducciones oficialistas llegan al proceso electoral con dificultades y con cuestionamientos por parte de trabajadores y afiliados.<\/div>\n<div dir=\"auto\">Tucum\u00e1n, un escenario que promete ser competitivo y no parece ser la excepci\u00f3n.<\/div>\n<div dir=\"auto\">La conducci\u00f3n de la seccional tucumana, encabezada por el secretario general C\u00e9sar Gonz\u00e1lez, se encamina a una nueva elecci\u00f3n en un escenario donde existen diferentes opiniones sobre la gesti\u00f3n realizada durante los \u00faltimos a\u00f1os.<\/div>\n<div dir=\"auto\"><strong>Gonz\u00e1lez ha tenido una importante trayectoria dentro de la estructura sindical y fue considerado durante a\u00f1os como uno de los dirigentes m\u00e1s cercanos y destacados dentro del espacio conducido a nivel nacional por Roberto Fern\u00e1ndez.<\/strong><\/div>\n<div dir=\"auto\">Sin embargo, como ocurre en toda organizaci\u00f3n sindical con el paso del tiempo, las elecciones vuelven a poner sobre la mesa el debate sobre la continuidad, la renovaci\u00f3n y el futuro de la conducci\u00f3n.<\/div>\n<div dir=\"auto\"><strong>PUBLICIDAD<\/strong><img loading=\"lazy\" decoding=\"async\" class=\"alignnone wp-image-18698 size-large\" src=\"https:\/\/cafeprensa.com.ar\/wp-content\/uploads\/2026\/08\/655454451_1351226433708218_7599175584347977023_n-1024x110.jpg\" alt=\"\" width=\"1024\" height=\"110\" srcset=\"https:\/\/cafeprensa.com.ar\/wp-content\/uploads\/2026\/08\/655454451_1351226433708218_7599175584347977023_n-1024x110.jpg 1024w, https:\/\/cafeprensa.com.ar\/wp-content\/uploads\/2026\/08\/655454451_1351226433708218_7599175584347977023_n-300x32.jpg 300w, https:\/\/cafeprensa.com.ar\/wp-content\/uploads\/2026\/08\/655454451_1351226433708218_7599175584347977023_n-768x82.jpg 768w, https:\/\/cafeprensa.com.ar\/wp-content\/uploads\/2026\/08\/655454451_1351226433708218_7599175584347977023_n-1536x164.jpg 1536w, https:\/\/cafeprensa.com.ar\/wp-content\/uploads\/2026\/08\/655454451_1351226433708218_7599175584347977023_n.jpg 2048w\" sizes=\"auto, (max-width: 1024px) 100vw, 1024px\" \/><\/div>\n<div dir=\"auto\"><strong>Distintos comentarios y opiniones que circulan entre afiliados reflejan tanto respaldo a la actual conducci\u00f3n como cuestionamientos sobre aspectos de la gesti\u00f3n.<\/strong> Algunas mediciones y sondeos mencionados en el \u00e1mbito gremial indicar\u00edan una elecci\u00f3n ajustada, aunque el resultado definitivo depender\u00e1, como siempre, de la participaci\u00f3n de los trabajadores en las urnas. Lo cierto es que no ser\u00e1 sencillo desplazar a una conducci\u00f3n con estructura, experiencia y presencia hist\u00f3rica dentro del gremio como la de Gonzalez.<\/div>\n<div dir=\"auto\"><\/div>\n<div dir=\"auto\"><span style=\"font-size: 14pt;\"><strong>La gran pregunta despu\u00e9s de octubre<\/strong><\/span><\/div>\n<div dir=\"auto\">La elecci\u00f3n en Tucum\u00e1n abre adem\u00e1s otro interrogante: \u00bfqu\u00e9 ocurrir\u00e1 despu\u00e9s de los comicios?<\/div>\n<div dir=\"auto\">Si C\u00e9sar Gonz\u00e1lez logra imponerse nuevamente, muchos trabajadores se preguntan si comenzar\u00e1 una etapa de cambios profundos dentro de la organizaci\u00f3n o si la estructura actual continuar\u00e1 funcionando de la misma manera.<\/div>\n<div dir=\"auto\"><strong>\u00bfHabr\u00e1 renovaci\u00f3n de dirigentes y funcionarios? \u00bfSe producir\u00e1n cambios internos? \u00bfHabr\u00e1 una nueva forma de relaci\u00f3n con los afiliados?<\/strong><\/div>\n<div dir=\"auto\">Son preguntas que comienzan a circular en los pasillos del gremio y que seguramente formar\u00e1n parte de la discusi\u00f3n electoral durante las pr\u00f3ximas semanas. La UTA se prepara para una elecci\u00f3n que puede marcar un antes y un despu\u00e9s, tanto a nivel nacional como en las seccionales del interior, la Uni\u00f3n Tranviarios Automotor se encamina hacia un proceso electoral de enorme importancia.<\/div>\n<div dir=\"auto\"><strong>PUBLICIDAD<img loading=\"lazy\" decoding=\"async\" class=\"alignnone wp-image-17386 size-full\" src=\"https:\/\/cafeprensa.com.ar\/wp-content\/uploads\/2026\/06\/CAFE01-1024x292-1.jpg\" alt=\"\" width=\"1024\" height=\"292\" srcset=\"https:\/\/cafeprensa.com.ar\/wp-content\/uploads\/2026\/06\/CAFE01-1024x292-1.jpg 1024w, https:\/\/cafeprensa.com.ar\/wp-content\/uploads\/2026\/06\/CAFE01-1024x292-1-300x86.jpg 300w, https:\/\/cafeprensa.com.ar\/wp-content\/uploads\/2026\/06\/CAFE01-1024x292-1-768x219.jpg 768w\" sizes=\"auto, (max-width: 1024px) 100vw, 1024px\" \/><\/strong><\/div>\n<div dir=\"auto\"><strong>La aparici\u00f3n de nuevas listas, las diferencias internas y el debate sobre el futuro de las conducciones muestran que el gremio del transporte atraviesa un momento pol\u00edtico decisivo.<\/strong><\/div>\n<div dir=\"auto\"><strong>Octubre tendr\u00e1 la \u00faltima palabra. <\/strong>Y ser\u00e1n los trabajadores quienes definan si llega el tiempo de la continuidad o el momento de una renovaci\u00f3n.<\/div>\n<div dir=\"auto\"><\/div>\n<div dir=\"auto\"><strong>Nota realzada por www.cafeprensa.com.ar<\/strong><\/div>\n<\/div>\n<div><\/div>\n","protected":false},"excerpt":{"rendered":"<p>La interna sindical entra en una etapa decisiva, mientras en Tucum\u00e1n y otras provincias del Norte tambi\u00e9n comienzan a sentirse las tensiones electorales de cara a octubre. La disputa por la conducci\u00f3n nacional de la Uni\u00f3n Tranviarios Automotor (UTA) ingres\u00f3 en una etapa decisiva con la presentaci\u00f3n de la Lista Marr\u00f3n, encabezada por el actual &hellip;<\/p>\n","protected":false},"author":2,"featured_media":18939,"comment_status":"open","ping_status":"open","sticky":false,"template":"","format":"standard","meta":{"footnotes":""},"categories":[54,34],"tags":[3549,129,3548],"class_list":["post-18938","post","type-post","status-publish","format-standard","has-post-thumbnail","hentry","category-interes-ganeral","category-locales","tag-fernnadez","tag-gonzalez","tag-uta-elecciones"],"_links":{"self":[{"href":"https:\/\/cafeprensa.com.ar\/index.php\/wp-json\/wp\/v2\/posts\/18938","targetHints":{"allow":["GET"]}}],"collection":[{"href":"https:\/\/cafeprensa.com.ar\/index.php\/wp-json\/wp\/v2\/posts"}],"about":[{"href":"https:\/\/cafeprensa.com.ar\/index.php\/wp-json\/wp\/v2\/types\/post"}],"author":[{"embeddable":true,"href":"https:\/\/cafeprensa.com.ar\/index.php\/wp-json\/wp\/v2\/users\/2"}],"replies":[{"embeddable":true,"href":"https:\/\/cafeprensa.com.ar\/index.php\/wp-json\/wp\/v2\/comments?post=18938"}],"version-history":[{"count":2,"href":"https:\/\/cafeprensa.com.ar\/index.php\/wp-json\/wp\/v2\/posts\/18938\/revisions"}],"predecessor-version":[{"id":18941,"href":"https:\/\/cafeprensa.com.ar\/index.php\/wp-json\/wp\/v2\/posts\/18938\/revisions\/18941"}],"wp:featuredmedia":[{"embeddable":true,"href":"https:\/\/cafeprensa.com.ar\/index.php\/wp-json\/wp\/v2\/media\/18939"}],"wp:attachment":[{"href":"https:\/\/cafeprensa.com.ar\/index.php\/wp-json\/wp\/v2\/media?parent=18938"}],"wp:term":[{"taxonomy":"category","embeddable":true,"href":"https:\/\/cafeprensa.com.ar\/index.php\/wp-json\/wp\/v2\/categories?post=18938"},{"taxonomy":"post_tag","embeddable":true,"href":"https:\/\/cafeprensa.com.ar\/index.php\/wp-json\/wp\/v2\/tags?post=18938"}],"curies":[{"name":"wp","href":"https:\/\/api.w.org\/{rel}","templated":true}]}}