{"id":18942,"date":"2026-09-01T08:33:52","date_gmt":"2026-09-01T11:33:52","guid":{"rendered":"https:\/\/cafeprensa.com.ar\/?p=18942"},"modified":"2026-09-01T08:33:52","modified_gmt":"2026-09-01T11:33:52","slug":"falta-8-meses-para-las-elecciones-lo-espero-a-el-y-a-sus-caniches-el-9-de-mayo-de-2027-en-las-urnas","status":"publish","type":"post","link":"https:\/\/cafeprensa.com.ar\/index.php\/2026\/09\/01\/falta-8-meses-para-las-elecciones-lo-espero-a-el-y-a-sus-caniches-el-9-de-mayo-de-2027-en-las-urnas\/","title":{"rendered":"Falta 8 meses para las elecciones \u201cLo espero a \u00e9l y a sus caniches el 9 de mayo de 2027 en las urnas\u201d"},"content":{"rendered":"<p class=\"page-header fw-semibold d-none d-md-block d-lg-block mb-3 px-2\"><strong>El gobernador Jaldo desafi\u00f3 a Manzur: <\/strong><strong>El mandatario cuestion\u00f3 al entorno del ex gobernador y despej\u00f3 especulaciones sobre una interna peronista. Tambi\u00e9n se refiri\u00f3 a las tarifas y la seguridad en las escuelas.<\/strong><\/p>\n<p class=\"page-header fw-semibold d-none d-md-block d-lg-block mb-3 px-2\"><strong>PUBLICIDAD<\/strong><img loading=\"lazy\" decoding=\"async\" class=\"alignnone wp-image-18716 \" src=\"https:\/\/cafeprensa.com.ar\/wp-content\/uploads\/2026\/08\/banner_cesar_gonzalez-1.jpeg\" alt=\"\" width=\"793\" height=\"98\" srcset=\"https:\/\/cafeprensa.com.ar\/wp-content\/uploads\/2026\/08\/banner_cesar_gonzalez-1.jpeg 728w, https:\/\/cafeprensa.com.ar\/wp-content\/uploads\/2026\/08\/banner_cesar_gonzalez-1-300x37.jpeg 300w\" sizes=\"auto, (max-width: 793px) 100vw, 793px\" \/><strong>\u201cEscucho a esos caniches por ah\u00ed que Manzur los larga a ladrar\u201d<\/strong>, lanz\u00f3 este lunes el gobernador\u00a0<strong>Osvaldo Jaldo<\/strong>\u00a0al responder las cr\u00edticas provenientes del sector pol\u00edtico cercano al senador nacional. El mandatario desafi\u00f3 directamente al exgobernador a competir por la conducci\u00f3n de Tucum\u00e1n en las elecciones provinciales de 2027.<\/p>\n<div class=\"col-md-12 col-12 col-lg-12 post-content p-lg-2\">\n<p class=\"isSelectedEnd\"><strong>\u201cYo realmente quiero decirle al senador Juan Manzur que Osvaldo Jaldo lo espera el 9 de mayo del a\u00f1o 27 en las urnas\u201d<\/strong>, afirm\u00f3 ante la prensa. Las declaraciones se produjeron en medio de los rumores difundidos por dirigentes del entorno de Manzur sobre una posible candidatura del exmandatario para regresar a la Gobernaci\u00f3n en los pr\u00f3ximos comicios provinciales.<\/p>\n<p class=\"isSelectedEnd\">Jaldo asegur\u00f3 que est\u00e1 dispuesto a enfrentarlo electoralmente y fij\u00f3 el\u00a0<strong>9 de mayo de 2027<\/strong> como la fecha para dirimir en las urnas qui\u00e9n encabezar\u00e1 el proyecto pol\u00edtico del peronismo tucumano.\u00a0<strong>\u201cYo voy a ser breve y contundente porque escucho que todos los d\u00edas, no al senador Juan Manzur, porque la verdad que yo creo que todav\u00eda al senador le falta un poquito de coraje y decisi\u00f3n para decir: \u2018voy a ser gobernador por Tucum\u00e1n\u2019\u201d<\/strong>, declar\u00f3.<img loading=\"lazy\" decoding=\"async\" class=\"alignnone wp-image-18717 size-full\" src=\"https:\/\/cafeprensa.com.ar\/wp-content\/uploads\/2026\/08\/sat.jpg\" alt=\"\" width=\"728\" height=\"90\" srcset=\"https:\/\/cafeprensa.com.ar\/wp-content\/uploads\/2026\/08\/sat.jpg 728w, https:\/\/cafeprensa.com.ar\/wp-content\/uploads\/2026\/08\/sat-300x37.jpg 300w\" sizes=\"auto, (max-width: 728px) 100vw, 728px\" \/><\/p>\n<p class=\"isSelectedEnd\">En ese contexto, el mandatario provincial volvi\u00f3 a cuestionar a los referentes que promueven p\u00fablicamente una eventual postulaci\u00f3n de Manzur sin que el propio senador haya confirmado hasta el momento su intenci\u00f3n de competir. <strong>\u201cEscucho a esos caniches por ah\u00ed que Manzur los larga a ladrar. Yo realmente quiero decirle al senador Juan Manzur que Osvaldo Jaldo lo espera el 9 de mayo del a\u00f1o 27 en las urnas\u201d<\/strong>, sostuvo.<\/p>\n<p class=\"isSelectedEnd\">Jaldo tambi\u00e9n asegur\u00f3 que el peronismo provincial ya defini\u00f3 su alineamiento pol\u00edtico de cara al pr\u00f3ximo proceso electoral y mencion\u00f3 al vicegobernador\u00a0<strong>Miguel Acevedo<\/strong>\u00a0y a la intendenta de San Miguel de Tucum\u00e1n,\u00a0<strong>Rossana Chahla<\/strong>, como integrantes centrales de ese espacio.<\/p>\n<p class=\"isSelectedEnd\"><strong>\u201cEl peronismo hoy est\u00e1 encolumnado detr\u00e1s de Osvaldo Jaldo, Miguel Acevedo y Rossana Chahla en la intendencia\u201d<\/strong>, expres\u00f3. Por \u00faltimo, el gobernador reclam\u00f3 que se definan las candidaturas y terminen las especulaciones sobre posibles acuerdos, enfrentamientos o reencuentros dentro del oficialismo provincial.<\/p>\n<p class=\"isSelectedEnd\"><strong>PUBLICIDAD<\/strong><img loading=\"lazy\" decoding=\"async\" class=\"alignnone wp-image-18717 \" src=\"https:\/\/cafeprensa.com.ar\/wp-content\/uploads\/2026\/08\/sat.jpg\" alt=\"\" width=\"801\" height=\"99\" srcset=\"https:\/\/cafeprensa.com.ar\/wp-content\/uploads\/2026\/08\/sat.jpg 728w, https:\/\/cafeprensa.com.ar\/wp-content\/uploads\/2026\/08\/sat-300x37.jpg 300w\" sizes=\"auto, (max-width: 801px) 100vw, 801px\" \/><strong>\u201cPara que no le demos m\u00e1s vueltas, para que no sigan las especulaciones de que hoy se pelean, que ma\u00f1ana se juntan, hoy quiero ser totalmente claro. A \u00e9l y a los caniches que hablan por \u00e9l\u201d<\/strong>, manifest\u00f3.<\/p>\n<p class=\"isSelectedEnd\">Jaldo cerr\u00f3 sus declaraciones reiterando su voluntad de enfrentar a Manzur en las pr\u00f3ximas elecciones provinciales, con ambos compitiendo por la Gobernaci\u00f3n. <strong>\u201cEl d\u00eda 9 de mayo del a\u00f1o que viene, Osvaldo Jaldo lo espera a Juan Manzur en las urnas, los dos como candidatos a gobernador\u201d<\/strong>, concluy\u00f3.<\/p>\n<div><img decoding=\"async\" class=\"img-responsive\" src=\"https:\/\/img.lagaceta.com.ar\/fotos\/notas\/2026\/08\/31\/1000x619_jaldo-manzur-tiempo-atras--archivo-1151974-115958.webp\" width=\"700\" \/><\/div>\n<div><strong><i>Jaldo y Manzur, tiempo atr\u00e1s<\/i><\/strong><\/div>\n<p><iframe loading=\"lazy\" title=\"YouTube video player\" src=\"https:\/\/www.youtube.com\/embed\/_DpScZ6zcLs?si=tVPfiGdroUHZWYYy\" width=\"560\" height=\"315\" frameborder=\"0\" sandbox=\"allow-same-origin allow-scripts allow-popups allow-forms\" allowfullscreen=\"allowfullscreen\" data-mce-fragment=\"1\"><\/iframe><b><u><span style=\"font-size: medium;\">La discusi\u00f3n por las tarifas el\u00e9ctricas<\/span><\/u><\/b><\/p>\n<p>Durante la entrevista, el gobernador tambi\u00e9n se refiri\u00f3 al impacto de las tarifas de electricidad y a la posibilidad de implementar medidas para aliviar el peso de las facturas sobre las familias tucumanas. Jaldo explic\u00f3 que la provincia cuenta con\u00a0<strong>cerca de 550.000 medidores y que unos 180.000 usuarios tienen tarifa social<\/strong>. Seg\u00fan indic\u00f3, ese sector representa aproximadamente entre el 30% y el 35% de los usuarios y paga facturas inferiores a los $40.000, e incluso de alrededor de $30.000.<\/p>\n<p><strong>PUBLICIDAD<\/strong><img loading=\"lazy\" decoding=\"async\" class=\"alignnone wp-image-18462 size-large\" src=\"https:\/\/cafeprensa.com.ar\/wp-content\/uploads\/2026\/08\/Screenshot_20260617_111352_Gallery-1024x274.jpg\" alt=\"\" width=\"1024\" height=\"274\" srcset=\"https:\/\/cafeprensa.com.ar\/wp-content\/uploads\/2026\/08\/Screenshot_20260617_111352_Gallery-1024x274.jpg 1024w, https:\/\/cafeprensa.com.ar\/wp-content\/uploads\/2026\/08\/Screenshot_20260617_111352_Gallery-300x80.jpg 300w, https:\/\/cafeprensa.com.ar\/wp-content\/uploads\/2026\/08\/Screenshot_20260617_111352_Gallery-768x205.jpg 768w, https:\/\/cafeprensa.com.ar\/wp-content\/uploads\/2026\/08\/Screenshot_20260617_111352_Gallery-1536x410.jpg 1536w, https:\/\/cafeprensa.com.ar\/wp-content\/uploads\/2026\/08\/Screenshot_20260617_111352_Gallery-2048x547.jpg 2048w\" sizes=\"auto, (max-width: 1024px) 100vw, 1024px\" \/><strong>Sin embargo, reconoci\u00f3 que existe un fuerte impacto en determinados sectores, especialmente en peque\u00f1as y medianas empresas y en algunos hogares con elevados niveles de consumo. <\/strong>El mandatario atribuy\u00f3 parte de la suba al incremento del costo de generaci\u00f3n de energ\u00eda y se\u00f1al\u00f3 que, seg\u00fan su explicaci\u00f3n,\u00a0<strong>ese componente aument\u00f3 cerca de un 100% en los \u00faltimos 60 d\u00edas<\/strong>.<\/p>\n<p><strong>Ante este escenario, pidi\u00f3 a los usuarios revisar detalladamente las facturas antes de realizar reclamos. \u201cA las boletas de la luz hay que leerlas y hay que saberlas leer\u201d, afirm\u00f3. Tambi\u00e9n recomend\u00f3 recurrir al ente regulador, al defensor del pueblo o a personas de confianza para analizar los conceptos incluidos en las facturas.<\/strong><\/p>\n<p><strong>PUBLICIDAD<img loading=\"lazy\" decoding=\"async\" class=\"alignnone wp-image-18463 size-full\" src=\"https:\/\/cafeprensa.com.ar\/wp-content\/uploads\/2026\/08\/ot4nf2kzaowws010n3ud.gif\" alt=\"\" width=\"970\" height=\"90\" \/><\/strong>En paralelo, Jaldo volvi\u00f3 a defender el reclamo del Norte para obtener una\u00a0<strong>compensaci\u00f3n energ\u00e9tica similar a la que reciben las provincias del sur mediante el r\u00e9gimen de zona fr\u00eda<\/strong>. \u201cNecesitamos que tambi\u00e9n haya compensaci\u00f3n o subsidio a la energ\u00eda el\u00e9ctrica en el norte del pa\u00eds y concretamente en Tucum\u00e1n\u201d, sostuvo. Seg\u00fan explic\u00f3, el planteo busca atender el fuerte incremento del consumo el\u00e9ctrico durante los meses de verano debido a las altas temperaturas.<\/p>\n<p><b><u><span style=\"font-size: medium;\">Armas en las escuelas: cr\u00edticas a la responsabilidad de las familias<\/span><\/u><\/b><\/p>\n<p><strong>Otro de los temas abordados fue la reciente presencia de armas en establecimientos educativos de la provincia. Jaldo asegur\u00f3 que el Gobierno est\u00e1 tomando medidas, pero puso el foco en el acceso de los menores a las armas dentro de sus propios hogares.<\/strong><\/p>\n<p><iframe loading=\"lazy\" title=\"YouTube video player\" src=\"https:\/\/www.youtube.com\/embed\/UG5NPpLtF0E?si=E4E35aUi9LYsf-zs\" width=\"560\" height=\"315\" frameborder=\"0\" sandbox=\"allow-same-origin allow-scripts allow-popups allow-forms\" allowfullscreen=\"allowfullscreen\" data-mce-fragment=\"1\"><\/iframe><strong>\u201cYo creo que el pap\u00e1 y la mam\u00e1 que permite que un hijo menor de edad tenga acceso a las armas est\u00e1 cometiendo un delito\u201d<\/strong>, sostuvo. Y agreg\u00f3 que esos adultos deben ser investigados y, eventualmente, juzgados por la Justicia.<\/p>\n<p><strong>El gobernador remarc\u00f3 que el Estado no puede controlar individualmente qu\u00e9 lleva cada estudiante en su mochila. \u201cNo podemos controlar a cada uno de los alumnos que van a las escuelas primarias, secundarias, qu\u00e9 llevan en la mochila y si algunos llevan armas\u201d, afirm\u00f3. <\/strong>Para Jaldo, la prevenci\u00f3n debe comenzar en el \u00e1mbito familiar. \u201cEsto empieza en la casa\u201d, insisti\u00f3, y consider\u00f3 que debe existir responsabilidad de los padres cuando un menor tiene acceso a un arma.<\/p>\n<p><b><u><span style=\"font-size: medium;\">La lucha contra el narcomenudeo<\/span><\/u><\/b><\/p>\n<p>Consultado por las denuncias sobre venta de drogas en las inmediaciones de las escuelas, el gobernador pidi\u00f3 que quienes tengan informaci\u00f3n concreta realicen las denuncias correspondientes. <strong>\u201cSi alguien sabe que se vende droga, que vaya, ponga la denuncia\u201d, afirm\u00f3. En ese marco, defendi\u00f3 la pol\u00edtica de seguridad de su gesti\u00f3n y destac\u00f3 el trabajo conjunto entre la Provincia y la Justicia Federal contra el narcotr\u00e1fico.<\/strong><\/p>\n<p>Jaldo asegur\u00f3 que\u00a0<strong>durante su administraci\u00f3n ya hubo m\u00e1s de 150 condenas por narcomenudeo<\/strong> y sostuvo que nunca antes se hab\u00eda registrado una cifra similar en Tucum\u00e1n.\u00a0<strong>\u201cNunca se habl\u00f3 tanto de la droga como en este gobierno\u201d<\/strong>, afirm\u00f3. Y sostuvo que la administraci\u00f3n provincial est\u00e1 realizando un \u201cgran esfuerzo\u201d para combatir la venta de estupefacientes en los barrios.<\/p>\n<p><strong>PUBLICIDAD<\/strong><img loading=\"lazy\" decoding=\"async\" class=\"alignnone wp-image-18707 size-full\" src=\"https:\/\/cafeprensa.com.ar\/wp-content\/uploads\/2026\/08\/Screenshot_20260422_105453_WhatsApp-1-1024x589-1.jpg\" alt=\"\" width=\"1024\" height=\"589\" srcset=\"https:\/\/cafeprensa.com.ar\/wp-content\/uploads\/2026\/08\/Screenshot_20260422_105453_WhatsApp-1-1024x589-1.jpg 1024w, https:\/\/cafeprensa.com.ar\/wp-content\/uploads\/2026\/08\/Screenshot_20260422_105453_WhatsApp-1-1024x589-1-300x173.jpg 300w, https:\/\/cafeprensa.com.ar\/wp-content\/uploads\/2026\/08\/Screenshot_20260422_105453_WhatsApp-1-1024x589-1-768x442.jpg 768w\" sizes=\"auto, (max-width: 1024px) 100vw, 1024px\" \/><\/p>\n<p><span style=\"font-size: 8pt;\"><strong>FUENTE:https:\/\/www.contextotucuman.com\/nota\/413025\/el-gobernador-jaldo-desafio-a-manzur-lo-espero-a-el-y-a-sus-caniches-el-9-de-mayo-de-2027-en-las-urnas.html<\/strong><\/span><\/p>\n<\/div>\n","protected":false},"excerpt":{"rendered":"<p>El gobernador Jaldo desafi\u00f3 a Manzur: El mandatario cuestion\u00f3 al entorno del ex gobernador y despej\u00f3 especulaciones sobre una interna peronista. Tambi\u00e9n se refiri\u00f3 a las tarifas y la seguridad en las escuelas. PUBLICIDAD\u201cEscucho a esos caniches por ah\u00ed que Manzur los larga a ladrar\u201d, lanz\u00f3 este lunes el gobernador\u00a0Osvaldo Jaldo\u00a0al responder las cr\u00edticas provenientes &hellip;<\/p>\n","protected":false},"author":2,"featured_media":17772,"comment_status":"open","ping_status":"open","sticky":false,"template":"","format":"standard","meta":{"footnotes":""},"categories":[3209,34],"tags":[2723,94,143],"class_list":["post-18942","post","type-post","status-publish","format-standard","has-post-thumbnail","hentry","category-elecciones-20227","category-locales","tag-elecciones-2027","tag-jaldo","tag-manzur"],"_links":{"self":[{"href":"https:\/\/cafeprensa.com.ar\/index.php\/wp-json\/wp\/v2\/posts\/18942","targetHints":{"allow":["GET"]}}],"collection":[{"href":"https:\/\/cafeprensa.com.ar\/index.php\/wp-json\/wp\/v2\/posts"}],"about":[{"href":"https:\/\/cafeprensa.com.ar\/index.php\/wp-json\/wp\/v2\/types\/post"}],"author":[{"embeddable":true,"href":"https:\/\/cafeprensa.com.ar\/index.php\/wp-json\/wp\/v2\/users\/2"}],"replies":[{"embeddable":true,"href":"https:\/\/cafeprensa.com.ar\/index.php\/wp-json\/wp\/v2\/comments?post=18942"}],"version-history":[{"count":1,"href":"https:\/\/cafeprensa.com.ar\/index.php\/wp-json\/wp\/v2\/posts\/18942\/revisions"}],"predecessor-version":[{"id":18943,"href":"https:\/\/cafeprensa.com.ar\/index.php\/wp-json\/wp\/v2\/posts\/18942\/revisions\/18943"}],"wp:featuredmedia":[{"embeddable":true,"href":"https:\/\/cafeprensa.com.ar\/index.php\/wp-json\/wp\/v2\/media\/17772"}],"wp:attachment":[{"href":"https:\/\/cafeprensa.com.ar\/index.php\/wp-json\/wp\/v2\/media?parent=18942"}],"wp:term":[{"taxonomy":"category","embeddable":true,"href":"https:\/\/cafeprensa.com.ar\/index.php\/wp-json\/wp\/v2\/categories?post=18942"},{"taxonomy":"post_tag","embeddable":true,"href":"https:\/\/cafeprensa.com.ar\/index.php\/wp-json\/wp\/v2\/tags?post=18942"}],"curies":[{"name":"wp","href":"https:\/\/api.w.org\/{rel}","templated":true}]}}