{"id":18944,"date":"2026-09-01T08:54:24","date_gmt":"2026-09-01T11:54:24","guid":{"rendered":"https:\/\/cafeprensa.com.ar\/?p=18944"},"modified":"2026-09-01T08:54:24","modified_gmt":"2026-09-01T11:54:24","slug":"el-delegado-sindical-para-que-estan","status":"publish","type":"post","link":"https:\/\/cafeprensa.com.ar\/index.php\/2026\/09\/01\/el-delegado-sindical-para-que-estan\/","title":{"rendered":"El delegado sindical para que estan?"},"content":{"rendered":"<p class=\"page-header fw-semibold d-none d-md-block d-lg-block mb-3 px-2\">Despidieron a una delegada sindical del Hospital Garrahan: argumentaron que no trabaj\u00f3 durante un a\u00f1o.<\/p>\n<p class=\"page-header fw-semibold d-none d-md-block d-lg-block mb-3 px-2\"><strong>PUBLICIDAD<\/strong><img loading=\"lazy\" decoding=\"async\" class=\"alignnone wp-image-18706 size-full\" src=\"https:\/\/cafeprensa.com.ar\/wp-content\/uploads\/2026\/08\/Loteo-las-pircas.jpg\" alt=\"\" width=\"970\" height=\"90\" srcset=\"https:\/\/cafeprensa.com.ar\/wp-content\/uploads\/2026\/08\/Loteo-las-pircas.jpg 970w, https:\/\/cafeprensa.com.ar\/wp-content\/uploads\/2026\/08\/Loteo-las-pircas-300x28.jpg 300w, https:\/\/cafeprensa.com.ar\/wp-content\/uploads\/2026\/08\/Loteo-las-pircas-768x71.jpg 768w\" sizes=\"auto, (max-width: 970px) 100vw, 970px\" \/><span style=\"font-size: 12pt; font-weight: bold;\">Norma Lezana, una nutricionista y referente de la Asociaci\u00f3n de Profesionales y T\u00e9cnicos (APyT) del Hospital Garrahan, fue acusada de no trabajar durante todo el a\u00f1o pasado. <\/span><b>El Gobierno comunic\u00f3, a trav\u00e9s de un comunicado, el despido de Norma Lezana, una nutricionista y referente de la Asociaci\u00f3n de Profesionales y T\u00e9cnicos (APyT) del Hospital Garrahan, acus\u00e1ndola de no haber trabajado en el centro m\u00e9dico durante todo el a\u00f1o pasado.<\/b><br \/>\nEl texto oficial comienza expresando que \u201cel Hospital Garrahan resolvi\u00f3 desvincular a Norma Lezana, nutricionista y referente de la Asociaci\u00f3n de Profesionales y T\u00e9cnicos (APyT), luego de un proceso sumarial iniciado para determinar el cumplimiento de sus funciones durante 2025&#8243;.<\/p>\n<p class=\"page-header fw-semibold d-none d-md-block d-lg-block mb-3 px-2\"><strong>PUBLICIDAD<\/strong><img loading=\"lazy\" decoding=\"async\" class=\"alignnone wp-image-18713 size-full\" src=\"https:\/\/cafeprensa.com.ar\/wp-content\/uploads\/2026\/08\/banner_cesar_gonzalez.jpeg\" alt=\"\" width=\"728\" height=\"90\" srcset=\"https:\/\/cafeprensa.com.ar\/wp-content\/uploads\/2026\/08\/banner_cesar_gonzalez.jpeg 728w, https:\/\/cafeprensa.com.ar\/wp-content\/uploads\/2026\/08\/banner_cesar_gonzalez-300x37.jpeg 300w\" sizes=\"auto, (max-width: 728px) 100vw, 728px\" \/><br \/>\n<strong>Tras esa introducci\u00f3n, aclaran que, \u00abcomo parte del proceso se tom\u00f3 declaraci\u00f3n a trabajadores del hospital, quienes fueron consultados sobre el desempe\u00f1o laboral de Lezana. De acuerdo con las actuaciones del sumario, no se pudo acreditar que hubiera desarrollado tareas asistenciales como nutricionista durante ese per\u00edodo, mientras que s\u00ed se constat\u00f3 su participaci\u00f3n en actividades gremiales\u201d.<\/strong><br \/>\nY luego agrega: \u201cDurante 2025, el hospital atraves\u00f3 un per\u00edodo de alta conflictividad gremial, que incluy\u00f3 numerosas medidas de fuerza, asambleas, movilizaciones y otros episodios que afectaron el normal funcionamiento de la instituci\u00f3n.<\/p>\n<p class=\"page-header fw-semibold d-none d-md-block d-lg-block mb-3 px-2\">En ese contexto, Norma Lezana tuvo una activa en las distintas acciones participaci\u00f3n gremiales desarrolladas durante el a\u00f1o, adem\u00e1s de protagonizar uno de los episodios de mayor impacto institucional: la ocupaci\u00f3n de la oficina de la Direcci\u00f3n M\u00e9dica del hospital\u201d.<br \/>\n<strong>Para cerrar remarcando que \u201cEl proceso sumarial iniciado respecto de Lezana concluy\u00f3 con la decisi\u00f3n de desvincularla, al acreditar que no atendi\u00f3 a ning\u00fan paciente, incumpliendo las tareas correspondientes a su puesto durante el per\u00edodo analizado. <\/strong><\/p>\n<div class=\"col-md-12 col-12 col-lg-12 post-content p-lg-2\">La medida forma parte de una nueva etapa de fortalecimiento de la gesti\u00f3n del Hospital Garrahan, basada en el cumplimiento de las responsabilidades laborales, el uso responsable de los recursos p\u00fablicos y la prioridad de garantizar la atenci\u00f3n de ni\u00f1os y adolescentes\u201d.<\/div>\n<div class=\"col-md-12 col-12 col-lg-12 post-content p-lg-2\"><strong>PUBLICIDAD<\/strong><img loading=\"lazy\" decoding=\"async\" class=\"alignnone wp-image-18698 size-large\" src=\"https:\/\/cafeprensa.com.ar\/wp-content\/uploads\/2026\/08\/655454451_1351226433708218_7599175584347977023_n-1024x110.jpg\" alt=\"\" width=\"1024\" height=\"110\" srcset=\"https:\/\/cafeprensa.com.ar\/wp-content\/uploads\/2026\/08\/655454451_1351226433708218_7599175584347977023_n-1024x110.jpg 1024w, https:\/\/cafeprensa.com.ar\/wp-content\/uploads\/2026\/08\/655454451_1351226433708218_7599175584347977023_n-300x32.jpg 300w, https:\/\/cafeprensa.com.ar\/wp-content\/uploads\/2026\/08\/655454451_1351226433708218_7599175584347977023_n-768x82.jpg 768w, https:\/\/cafeprensa.com.ar\/wp-content\/uploads\/2026\/08\/655454451_1351226433708218_7599175584347977023_n-1536x164.jpg 1536w, https:\/\/cafeprensa.com.ar\/wp-content\/uploads\/2026\/08\/655454451_1351226433708218_7599175584347977023_n.jpg 2048w\" sizes=\"auto, (max-width: 1024px) 100vw, 1024px\" \/><br \/>\n<strong>El ministro de Salud, Mario Lugones, comparti\u00f3 en su cuenta de X el comunicado del Garrahan acompa\u00f1ado por un extenso posteo que lleva por t\u00edtulo \u201cAFUERA POR NO TRABAJAR\u201d.<\/strong><\/p>\n<p>\u201cUn sumario acredit\u00f3 que durante el 2025, la referente gremial del Hospital Garrahan, Norma Lezana, no atendi\u00f3 a ning\u00fan paciente ni cumpli\u00f3 las funciones por las que recib\u00eda un salario, mientras el personal asistencial sosten\u00eda la atenci\u00f3n de los chicos. Por eso, fue desvinculada\u201d, remarc\u00f3 el funcionario.<\/p><\/div>\n<div class=\"col-md-12 col-12 col-lg-12 post-content p-lg-2\">\n<strong>Y agreg\u00f3: \u201cLa actividad sindical no es un privilegio ni puede utilizarse como excusa para no trabajar. En el Garrahan, los recursos son para atender a los pacientes y reconocer a quienes cumplen todos los d\u00edas con su responsabilidad. Bajo la conducci\u00f3n del Presidente Milei, se termin\u00f3 la impunidad de quienes pretend\u00edan vivir del Estado sin trabajar. El que cumple, tiene nuestro respaldo. El que no trabaja, no cobra\u201d.<\/strong><\/div>\n<div class=\"col-md-12 col-12 col-lg-12 post-content p-lg-2\"><strong>PUBLICIDAD<img loading=\"lazy\" decoding=\"async\" class=\"alignnone wp-image-18460 size-large\" src=\"https:\/\/cafeprensa.com.ar\/wp-content\/uploads\/2026\/08\/Screenshot_20260617_111414_Gallery-1024x276.jpg\" alt=\"\" width=\"1024\" height=\"276\" srcset=\"https:\/\/cafeprensa.com.ar\/wp-content\/uploads\/2026\/08\/Screenshot_20260617_111414_Gallery-1024x276.jpg 1024w, https:\/\/cafeprensa.com.ar\/wp-content\/uploads\/2026\/08\/Screenshot_20260617_111414_Gallery-300x81.jpg 300w, https:\/\/cafeprensa.com.ar\/wp-content\/uploads\/2026\/08\/Screenshot_20260617_111414_Gallery-768x207.jpg 768w, https:\/\/cafeprensa.com.ar\/wp-content\/uploads\/2026\/08\/Screenshot_20260617_111414_Gallery-1536x414.jpg 1536w, https:\/\/cafeprensa.com.ar\/wp-content\/uploads\/2026\/08\/Screenshot_20260617_111414_Gallery-2048x552.jpg 2048w\" sizes=\"auto, (max-width: 1024px) 100vw, 1024px\" \/><\/strong><br \/>\n<b><u>La respuesta de Norma Lezana<\/u><\/b><br \/>\nTras conocerse la medida del Gobierno, Lezana public\u00f3 un descargo a trav\u00e9s de la cuenta de X de la <strong>Asociaci\u00f3n de Profesionales y T\u00e9cnicos (APyT) del Hospital Garrahan,<\/strong> donde le respondi\u00f3 al ministro de Salud, Mario Lugones, al Hospital, y al periodista Eduardo Feinmann, quien cont\u00f3 lo ocurrido y la llam\u00f3 \u201cl\u00edder de las tomas del hospital\u201d. Y agreg\u00f3: \u201cEn 2025 no se ocup\u00f3 de un solo ni\u00f1o en el Garrahan, una mujer que cobra m\u00e1s de 4 millones de pesos\u201d.<\/div>\n<div class=\"col-md-12 col-12 col-lg-12 post-content p-lg-2\">\n<strong>La m\u00e9dica comenz\u00f3 remarcando en el video que subi\u00f3: \u201cEl ministro Lugones, el Hospital y el inefable Eduardo Feinmann difunden p\u00fablicamente una mentira: que me despidieron. Lo primero que quiero aclarar es que no fui notificada de ninguna medida, lo cual muestra el m\u00e9todo, autoritario, prepotente, de patr\u00f3n de estancia y de violaci\u00f3n al m\u00e1s elemental derecho a la defensa con el que se manejan Lugones y su grupo de empleados que tienen tomada la direcci\u00f3n del Hospital Garrahan\u00bb.<\/strong><\/p>\n<p>Tras esa introducci\u00f3n, sum\u00f3: \u00abPrimero, no estoy despedida, porque no fui notificada. Segundo, porque tengo protecci\u00f3n gremial como secretaria general del sindicato asociaci\u00f3n de profesionales y t\u00e9cnicos del Hospital Garrahan. Tercero, toda la direcci\u00f3n de jur\u00eddicos que han firmado aberraciones y el ministro Lugones los que van a tener que responder ante la jueza Servini por la denuncia de abuso de autoridad en cumplimiento de funcionario p\u00fablico que ya presentamos\u201d.<\/p><\/div>\n<div class=\"col-md-12 col-12 col-lg-12 post-content p-lg-2\"><strong>PUBLICIDAD<\/strong><img loading=\"lazy\" decoding=\"async\" class=\"alignnone wp-image-18016 size-full\" src=\"https:\/\/cafeprensa.com.ar\/wp-content\/uploads\/2026\/07\/ot4nf2kzaowws010n3ud.gif\" alt=\"\" width=\"970\" height=\"90\" \/><br \/>\n<strong>Y luego agrega: \u201c\u00bfSaben por qu\u00e9 me atacan? Primero, porque soy la \u00fanica secretaria general mujer de todo el hospital, y eso no lo soportan. Despu\u00e9s, porque nunca me callo ni negocio con ninguna gesti\u00f3n. Soy totalmente independiente. Tercero, porque no me perdonan que me toc\u00f3 representar el a\u00f1o pasado una lucha hist\u00f3rica en defensa del Hospital Garrahan ante una sangr\u00eda de renuncias de profesionales valios\u00edsimos ante el ajuste del gobierno nacional\u201d.<\/strong><\/p>\n<p>Para, continuaci\u00f3n, preguntar: \u00bfY saben porque m\u00e1s? Quieren correr el eje y evitar que se discuta por qu\u00e9 gastan cifras millonarias en una empresa de seguridad privada y en polic\u00eda de la ciudad mientras no autorizan pr\u00f3tesis y medicamentos de alto costo a los pacientes ni\u00f1os y adolescentes que los necesitan hoy\u00bb.<\/p>\n<p><strong>Y cerr\u00f3 diciendo: \u00abMe quieren usar como chivo expiatorio para no discutir lo que hay que discutir. Por eso, del Garrahan no me saca ninguna intervenci\u00f3n. Voy a seguir representando a mis compa\u00f1eros tal como me eligieron\u201d.<\/strong><img loading=\"lazy\" decoding=\"async\" class=\"alignnone wp-image-18707 size-full\" src=\"https:\/\/cafeprensa.com.ar\/wp-content\/uploads\/2026\/08\/Screenshot_20260422_105453_WhatsApp-1-1024x589-1.jpg\" alt=\"\" width=\"1024\" height=\"589\" srcset=\"https:\/\/cafeprensa.com.ar\/wp-content\/uploads\/2026\/08\/Screenshot_20260422_105453_WhatsApp-1-1024x589-1.jpg 1024w, https:\/\/cafeprensa.com.ar\/wp-content\/uploads\/2026\/08\/Screenshot_20260422_105453_WhatsApp-1-1024x589-1-300x173.jpg 300w, https:\/\/cafeprensa.com.ar\/wp-content\/uploads\/2026\/08\/Screenshot_20260422_105453_WhatsApp-1-1024x589-1-768x442.jpg 768w\" sizes=\"auto, (max-width: 1024px) 100vw, 1024px\" \/>fuente:\u00a0 \/<a href=\"https:\/\/www.perfil.com\/noticias\/sociedad\/el-gobierno-despidio-a-una-delegada-sindical-del-hospital-garrahan-afirman-que-no-trabajo-durante-un-ano.phtml\">Perfil<\/a><\/div>\n","protected":false},"excerpt":{"rendered":"<p>Despidieron a una delegada sindical del Hospital Garrahan: argumentaron que no trabaj\u00f3 durante un a\u00f1o. PUBLICIDADNorma Lezana, una nutricionista y referente de la Asociaci\u00f3n de Profesionales y T\u00e9cnicos (APyT) del Hospital Garrahan, fue acusada de no trabajar durante todo el a\u00f1o pasado. El Gobierno comunic\u00f3, a trav\u00e9s de un comunicado, el despido de Norma Lezana, &hellip;<\/p>\n","protected":false},"author":2,"featured_media":18945,"comment_status":"open","ping_status":"open","sticky":false,"template":"","format":"standard","meta":{"footnotes":""},"categories":[54,33],"tags":[3550],"class_list":["post-18944","post","type-post","status-publish","format-standard","has-post-thumbnail","hentry","category-interes-ganeral","category-nacionales","tag-hospital-garrahan"],"_links":{"self":[{"href":"https:\/\/cafeprensa.com.ar\/index.php\/wp-json\/wp\/v2\/posts\/18944","targetHints":{"allow":["GET"]}}],"collection":[{"href":"https:\/\/cafeprensa.com.ar\/index.php\/wp-json\/wp\/v2\/posts"}],"about":[{"href":"https:\/\/cafeprensa.com.ar\/index.php\/wp-json\/wp\/v2\/types\/post"}],"author":[{"embeddable":true,"href":"https:\/\/cafeprensa.com.ar\/index.php\/wp-json\/wp\/v2\/users\/2"}],"replies":[{"embeddable":true,"href":"https:\/\/cafeprensa.com.ar\/index.php\/wp-json\/wp\/v2\/comments?post=18944"}],"version-history":[{"count":1,"href":"https:\/\/cafeprensa.com.ar\/index.php\/wp-json\/wp\/v2\/posts\/18944\/revisions"}],"predecessor-version":[{"id":18946,"href":"https:\/\/cafeprensa.com.ar\/index.php\/wp-json\/wp\/v2\/posts\/18944\/revisions\/18946"}],"wp:featuredmedia":[{"embeddable":true,"href":"https:\/\/cafeprensa.com.ar\/index.php\/wp-json\/wp\/v2\/media\/18945"}],"wp:attachment":[{"href":"https:\/\/cafeprensa.com.ar\/index.php\/wp-json\/wp\/v2\/media?parent=18944"}],"wp:term":[{"taxonomy":"category","embeddable":true,"href":"https:\/\/cafeprensa.com.ar\/index.php\/wp-json\/wp\/v2\/categories?post=18944"},{"taxonomy":"post_tag","embeddable":true,"href":"https:\/\/cafeprensa.com.ar\/index.php\/wp-json\/wp\/v2\/tags?post=18944"}],"curies":[{"name":"wp","href":"https:\/\/api.w.org\/{rel}","templated":true}]}}