{"id":18947,"date":"2026-09-01T09:38:17","date_gmt":"2026-09-01T12:38:17","guid":{"rendered":"https:\/\/cafeprensa.com.ar\/?p=18947"},"modified":"2026-09-01T09:38:17","modified_gmt":"2026-09-01T12:38:17","slug":"biocombustibles-el-tren-que-argentina-esta-dejando-pasar","status":"publish","type":"post","link":"https:\/\/cafeprensa.com.ar\/index.php\/2026\/09\/01\/biocombustibles-el-tren-que-argentina-esta-dejando-pasar\/","title":{"rendered":"Biocombustibles, el tren que Argentina est\u00e1 dejando pasar"},"content":{"rendered":"<p class=\"fs-46 mb-4\"><strong><span style=\"font-size: 16px;\">Juan Facciano, director de Essential Energy Holding e integrante de la C\u00e1mara Santafesina de Energ\u00edas Renovables, analiz\u00f3 el presente del sector ante el debate de una nueva ley .<\/span><\/strong><\/p>\n<p class=\"fs-46 mb-4\"><strong><span style=\"font-size: 16px;\">PUBLICIDAD<img loading=\"lazy\" decoding=\"async\" class=\"alignnone wp-image-18460 size-large\" src=\"https:\/\/cafeprensa.com.ar\/wp-content\/uploads\/2026\/08\/Screenshot_20260617_111414_Gallery-1024x276.jpg\" alt=\"\" width=\"1024\" height=\"276\" srcset=\"https:\/\/cafeprensa.com.ar\/wp-content\/uploads\/2026\/08\/Screenshot_20260617_111414_Gallery-1024x276.jpg 1024w, https:\/\/cafeprensa.com.ar\/wp-content\/uploads\/2026\/08\/Screenshot_20260617_111414_Gallery-300x81.jpg 300w, https:\/\/cafeprensa.com.ar\/wp-content\/uploads\/2026\/08\/Screenshot_20260617_111414_Gallery-768x207.jpg 768w, https:\/\/cafeprensa.com.ar\/wp-content\/uploads\/2026\/08\/Screenshot_20260617_111414_Gallery-1536x414.jpg 1536w, https:\/\/cafeprensa.com.ar\/wp-content\/uploads\/2026\/08\/Screenshot_20260617_111414_Gallery-2048x552.jpg 2048w\" sizes=\"auto, (max-width: 1024px) 100vw, 1024px\" \/><\/span><\/strong><strong>\u201cLos biocombustibles lamentablemente nunca fueron considerados como un instrumento de pol\u00edtica de Estado para contribuir a la diversificaci\u00f3n de la matriz energ\u00e9tica y a la descarbonizaci\u00f3n\u201d<\/strong>, dijo\u00a0<strong>Juan Facciano<\/strong>\u00a0director de\u00a0<a href=\"https:\/\/www.linkedin.com\/company\/essential-energy-holding-group\/\">Essential Energy Holding<\/a>\u00a0&#8211; compa\u00f1\u00eda que junto a YPF est\u00e1 al frente de la biorrefiner\u00eda Santa Fe Bio &#8211; y miembro de la C\u00e1mara Santafesina de Energ\u00edas Renovables (Casfer).<\/p>\n<div class=\"post-desarrollo fs-18 clearfix my-7\">\n<p><strong>En medio del debate por el nuevo marco regulatorio en el Congreso (est\u00e1 en tratamiento en la Comisi\u00f3n de Energ\u00eda del Senado) el empresario se\u00f1al\u00f3 que los biocombustibles \u201csiempre fueron utilizados en funci\u00f3n del precio del petr\u00f3leo y si este impacta m\u00e1s o menos en los surtidores\u201d. Por eso, dijo que contar con una nueva ley \u201ces una materia pendiente y toda la industria est\u00e1 luchando por una que tenga alcance federal\u201d.<\/strong><\/p>\n<p><strong>\u00abEstamos discutiendo una versi\u00f3n anal\u00f3gica cuando el mundo est\u00e1 en la fase digital.<\/strong>\u00a0Y no hablo de Europa o Estados Unidos, sino de Brasil, que est\u00e1 aqu\u00ed al lado\u00bb, grafic\u00f3 el ejecutivo santafesino.<br \/>\nBrasil corta biodiesel al 17% y bioetanol en un rango que va del 32% al m\u00e1s del 70%, y a partir del 1\u00b0 de enero de 2027 avanza adem\u00e1s hacia los combustibles del futuro. Argentina, remarc\u00f3 Facciano, tiene una ventaja que casi ning\u00fan otro pa\u00eds re\u00fane: es al mismo tiempo productor de bioetanol de ma\u00edz (como Estados Unidos) y de ca\u00f1a (como Brasil), con Santa Fe, C\u00f3rdoba, San Luis, La Pampa, Entre R\u00edos y Buenos Aires como polos productivos.<\/p>\n<p><strong><span style=\"font-size: 16px;\">PUBLICIDAD<\/span><\/strong><img loading=\"lazy\" decoding=\"async\" class=\"alignnone wp-image-18463 size-full\" src=\"https:\/\/cafeprensa.com.ar\/wp-content\/uploads\/2026\/08\/ot4nf2kzaowws010n3ud.gif\" alt=\"\" width=\"970\" height=\"90\" \/><strong>Sin embargo, la discusi\u00f3n por una nueva ley que le de un nuevo lugar a los biocombustibles, expone tensiones puertas adentro del propio sector, entre las empresas aceiteras integradas (que producen su propia materia prima), y las elaboradoras no integradas, que dependen de comprarla.\u00a0<\/strong><\/p>\n<p>Ante esto, Facciano consider\u00f3 que eso deber\u00eda resolverse por la v\u00eda de la segmentaci\u00f3n, tomando como modelo el esquema que ya rige para el bioetanol: los primeros 12 puntos de corte se reparten entre el complejo sucroalcoholero y el sector maicero, y de ah\u00ed en m\u00e1s rige libre mercado.\u00a0<strong>\u00abNadie pone en duda que a m\u00e1s grande la torta, el beneficio va a ser igual para todos\u201d<\/strong>, dijo con lo cual \u201chay que pelearse por las porciones, pero no por el tama\u00f1o de la torta\u00bb, agreg\u00f3.<\/p>\n<p><strong>En materia de biodiesel, la provincia de Santa Fe elev\u00f3 a los senadores una propuesta que contempla ese mismo criterio de reparto entre integrados y no integrados, algo que Facciano describe como una etapa de transici\u00f3n desde un esquema promocional-regulatorio hacia uno de mercado m\u00e1s abierto, aunque \u00abcon reglas del juego\u00bb, dado que la materia prima representa el 80% del costo del biodiesel.<\/strong><\/p>\n<p><strong><span style=\"font-size: 16px;\">PUBLICIDAD<\/span><\/strong> <img loading=\"lazy\" decoding=\"async\" class=\"alignnone wp-image-18465 size-large\" src=\"https:\/\/cafeprensa.com.ar\/wp-content\/uploads\/2026\/08\/img4-1024x288.webp\" alt=\"\" width=\"1024\" height=\"288\" srcset=\"https:\/\/cafeprensa.com.ar\/wp-content\/uploads\/2026\/08\/img4-1024x288.webp 1024w, https:\/\/cafeprensa.com.ar\/wp-content\/uploads\/2026\/08\/img4-300x84.webp 300w, https:\/\/cafeprensa.com.ar\/wp-content\/uploads\/2026\/08\/img4-768x216.webp 768w, https:\/\/cafeprensa.com.ar\/wp-content\/uploads\/2026\/08\/img4-1536x432.webp 1536w, https:\/\/cafeprensa.com.ar\/wp-content\/uploads\/2026\/08\/img4-2048x576.webp 2048w\" sizes=\"auto, (max-width: 1024px) 100vw, 1024px\" \/><strong><span class=\"texto-destacado-primary\">\u00abEn materia de biocombustibles en Argentina estamos discutiendo una versi\u00f3n anal\u00f3gica cuando el mundo est\u00e1 en la fase digital\u00bb<\/span><\/strong><\/p>\n<p>Esta semana las industrias integradas nucleadas en la C\u00e1mara de Industria Aceitera de la Rep\u00fablica Argentina (Ciara-CEC) junto a Carbio (que nuclea a las grandes empresas exportadoras) sacaron un comunicado en el que llaman a los senadores a incluir al biodiesel dentro del proyecto de ley, algo que a\u00fan no estaba consensuado por estas diferencias intra sector.<\/p>\n<p><strong>Al mismo tiempo, la C\u00e1mara de Empresas Pymes Regionales Elaboradoras de Biocombustibles (Cepreb), cuestion\u00f3 la iniciativa oficial que impulsa la senadora Patricia Bullrich porque incurre en una \u00abprofunda injusticia\u00bb, debido a que &#8211; argumentan &#8211; \u201cperjudica a las pymes, para beneficiar a la industria aceitera, dominada por multinacionales\u201d.<\/strong><\/p>\n<p>El empresario, explic\u00f3 que la clave es resolver la posici\u00f3n de fondo, es decir,<strong>\u00a0\u201cir al m\u00e1ximo de la factibilidad t\u00e9cnica en el corte de biodiesel con gasoil\u201d<\/strong>, hoy en 7,5%, y de bioetanol con naftas, en 12%. \u00abSi una factibilidad t\u00e9cnica dice que est\u00e1 en el 20%, no se entiende por qu\u00e9 no se puede estar por encima del 10% actual\u00bb, plante\u00f3 y agreg\u00f3 que para el etanol no ve motivo para no llegar al 15%.<\/p>\n<p><strong><span style=\"font-size: 16px;\">PUBLICIDAD<\/span><\/strong><img loading=\"lazy\" decoding=\"async\" class=\"alignnone wp-image-17159 size-large\" src=\"https:\/\/cafeprensa.com.ar\/wp-content\/uploads\/2026\/05\/IMG-20260331-WA0032-1-1024x256.jpg\" alt=\"\" width=\"1024\" height=\"256\" srcset=\"https:\/\/cafeprensa.com.ar\/wp-content\/uploads\/2026\/05\/IMG-20260331-WA0032-1-1024x256.jpg 1024w, https:\/\/cafeprensa.com.ar\/wp-content\/uploads\/2026\/05\/IMG-20260331-WA0032-1-300x75.jpg 300w, https:\/\/cafeprensa.com.ar\/wp-content\/uploads\/2026\/05\/IMG-20260331-WA0032-1-768x192.jpg 768w, https:\/\/cafeprensa.com.ar\/wp-content\/uploads\/2026\/05\/IMG-20260331-WA0032-1-1536x384.jpg 1536w, https:\/\/cafeprensa.com.ar\/wp-content\/uploads\/2026\/05\/IMG-20260331-WA0032-1.jpg 1584w\" sizes=\"auto, (max-width: 1024px) 100vw, 1024px\" \/><strong>Por otro lado, de la manera que ocurre con el bioetanol que est\u00e1 segmentado el cupo entre ca\u00f1a y ma\u00edz, desde Santa Fe &#8211; y con respaldo de Casfer &#8211; lo que se busca es \u201csegmentar entre integrados y no integrados\u201d. Para finalmente, \u201cdespu\u00e9s empezar a incursionar en el futuro, que son los biocombustibles avanzados como es el SAF o el HVO\u201d, defini\u00f3.<\/strong><\/p>\n<p>&nbsp;<\/p>\n<p><strong>\u201cLa ley tiene que incorporar estos biocombustibles. Hay que mirar el futuro que es dentro de 15 a\u00f1os, es ma\u00f1ana en este tipo de cosas\u201d,<\/strong>\u00a0afirm\u00f3. Y, en ese camino, tambi\u00e9n \u201cdiscutir con el sector petrolero lo m\u00e1ximo que se pueda para tener una matriz sostenible y sustentable\u201d, plante\u00f3.<\/p>\n<p><strong><span style=\"font-size: 16px;\">PUBLICIDAD<\/span><\/strong><img loading=\"lazy\" decoding=\"async\" class=\"alignnone wp-image-18706 size-full\" src=\"https:\/\/cafeprensa.com.ar\/wp-content\/uploads\/2026\/08\/Loteo-las-pircas.jpg\" alt=\"\" width=\"970\" height=\"90\" srcset=\"https:\/\/cafeprensa.com.ar\/wp-content\/uploads\/2026\/08\/Loteo-las-pircas.jpg 970w, https:\/\/cafeprensa.com.ar\/wp-content\/uploads\/2026\/08\/Loteo-las-pircas-300x28.jpg 300w, https:\/\/cafeprensa.com.ar\/wp-content\/uploads\/2026\/08\/Loteo-las-pircas-768x71.jpg 768w\" sizes=\"auto, (max-width: 970px) 100vw, 970px\" \/><span style=\"font-size: 14pt;\"><strong>Sin retorno<\/strong><\/span><\/p>\n<p><strong>La viabilidad del uso de biocombustibles se apoya en la propia normativa vigente. Seg\u00fan explic\u00f3, la Secretar\u00eda de Energ\u00eda admite hasta 20% de corte para cualquier tipo de diesel, lo que deja en evidencia una \u00abfalla de gobierno\u00bb al sostener el tope actual del 10%, reflexion\u00f3 Facciano.<\/strong><\/p>\n<p>El dato lo us\u00f3 adem\u00e1s para responder a un reparo habitual de la industria automotriz, que argumenta limitaciones t\u00e9cnicas de los motores: \u00abNadie que haya viajado a Brasil de vacaciones tuvo que llevar el combustible de Argentina\u00bb, dijo recordando que la principal exportaci\u00f3n de la industria automotriz cordobesa tiene como destino justamente Brasil, donde los cortes son sustancialmente mayores.<\/p>\n<p>Pero adem\u00e1s, Facciano record\u00f3 que hay\u00a0<strong>experiencias exitosas que demuestran la factibilidad t\u00e9cnica del uso de biocombustibles<\/strong>, y puntualmente de biodiesel, que echan por tierra la negativa a subir los cupos.<\/p>\n<p><strong><span style=\"font-size: 16px;\">PUBLICIDAD<\/span><\/strong><img loading=\"lazy\" decoding=\"async\" class=\"alignnone wp-image-17087 size-large\" src=\"https:\/\/cafeprensa.com.ar\/wp-content\/uploads\/2026\/05\/ATENEO-01-1024x265.jpg\" alt=\"\" width=\"1024\" height=\"265\" srcset=\"https:\/\/cafeprensa.com.ar\/wp-content\/uploads\/2026\/05\/ATENEO-01-1024x265.jpg 1024w, https:\/\/cafeprensa.com.ar\/wp-content\/uploads\/2026\/05\/ATENEO-01-300x78.jpg 300w, https:\/\/cafeprensa.com.ar\/wp-content\/uploads\/2026\/05\/ATENEO-01-768x198.jpg 768w, https:\/\/cafeprensa.com.ar\/wp-content\/uploads\/2026\/05\/ATENEO-01.jpg 1080w\" sizes=\"auto, (max-width: 1024px) 100vw, 1024px\" \/><strong>Cit\u00f3 por ejemplo la prueba del Biobus en Rosario, una experiencia provincial que se discontinu\u00f3 pero mediante la cual m\u00e1s de 600 unidades del transporte urbano circularon durante un a\u00f1o y medio a biodiesel 100% (B100), acumulando m\u00e1s de 40 millones de kil\u00f3metros sin fallas mec\u00e1nicas y con igual eficiencia.<\/strong><\/p>\n<p>Tambi\u00e9n se utiliz\u00f3 biodiesel para contingencias como la \u00faltima sequ\u00eda y la crisis energ\u00e9tica de hace unos a\u00f1os, donde el propio gobierno elev\u00f3 temporariamente el corte al 12,5% para suplir el faltante de gasoil sin generar ning\u00fan colapso en la flota vehicular.<\/p>\n<p><strong>\u00abEs imperdonable que la provincia de Santa Fe tenga capacidad instalada parada en las plantas aceiteras mientras la Argentina sigue importando gasoil\u00bb, concluy\u00f3.<\/strong><\/p>\n<p><strong><span style=\"font-size: 16px;\">PUBLICIDAD<\/span><img loading=\"lazy\" decoding=\"async\" class=\"alignnone wp-image-18527 size-large\" src=\"https:\/\/cafeprensa.com.ar\/wp-content\/uploads\/2026\/08\/file_0000000066748211b9943dded94bea1d-1024x585.png\" alt=\"\" width=\"1024\" height=\"585\" srcset=\"https:\/\/cafeprensa.com.ar\/wp-content\/uploads\/2026\/08\/file_0000000066748211b9943dded94bea1d-1024x585.png 1024w, https:\/\/cafeprensa.com.ar\/wp-content\/uploads\/2026\/08\/file_0000000066748211b9943dded94bea1d-300x171.png 300w, https:\/\/cafeprensa.com.ar\/wp-content\/uploads\/2026\/08\/file_0000000066748211b9943dded94bea1d-768x439.png 768w, https:\/\/cafeprensa.com.ar\/wp-content\/uploads\/2026\/08\/file_0000000066748211b9943dded94bea1d-1536x877.png 1536w, https:\/\/cafeprensa.com.ar\/wp-content\/uploads\/2026\/08\/file_0000000066748211b9943dded94bea1d.png 1660w\" sizes=\"auto, (max-width: 1024px) 100vw, 1024px\" \/><span style=\"font-size: 8pt;\">FUENTE:https:\/\/ecobiz.com.ar\/nota\/1633-Biocombustibles-el-tren-que-Argentina-esta-dejando-pasar<\/span><\/strong><\/p>\n<\/div>\n","protected":false},"excerpt":{"rendered":"<p>Juan Facciano, director de Essential Energy Holding e integrante de la C\u00e1mara Santafesina de Energ\u00edas Renovables, analiz\u00f3 el presente del sector ante el debate de una nueva ley . PUBLICIDAD\u201cLos biocombustibles lamentablemente nunca fueron considerados como un instrumento de pol\u00edtica de Estado para contribuir a la diversificaci\u00f3n de la matriz energ\u00e9tica y a la descarbonizaci\u00f3n\u201d, &hellip;<\/p>\n","protected":false},"author":2,"featured_media":18948,"comment_status":"open","ping_status":"open","sticky":false,"template":"","format":"standard","meta":{"footnotes":""},"categories":[54,33],"tags":[3551],"class_list":["post-18947","post","type-post","status-publish","format-standard","has-post-thumbnail","hentry","category-interes-ganeral","category-nacionales","tag-biocombustibles"],"_links":{"self":[{"href":"https:\/\/cafeprensa.com.ar\/index.php\/wp-json\/wp\/v2\/posts\/18947","targetHints":{"allow":["GET"]}}],"collection":[{"href":"https:\/\/cafeprensa.com.ar\/index.php\/wp-json\/wp\/v2\/posts"}],"about":[{"href":"https:\/\/cafeprensa.com.ar\/index.php\/wp-json\/wp\/v2\/types\/post"}],"author":[{"embeddable":true,"href":"https:\/\/cafeprensa.com.ar\/index.php\/wp-json\/wp\/v2\/users\/2"}],"replies":[{"embeddable":true,"href":"https:\/\/cafeprensa.com.ar\/index.php\/wp-json\/wp\/v2\/comments?post=18947"}],"version-history":[{"count":1,"href":"https:\/\/cafeprensa.com.ar\/index.php\/wp-json\/wp\/v2\/posts\/18947\/revisions"}],"predecessor-version":[{"id":18949,"href":"https:\/\/cafeprensa.com.ar\/index.php\/wp-json\/wp\/v2\/posts\/18947\/revisions\/18949"}],"wp:featuredmedia":[{"embeddable":true,"href":"https:\/\/cafeprensa.com.ar\/index.php\/wp-json\/wp\/v2\/media\/18948"}],"wp:attachment":[{"href":"https:\/\/cafeprensa.com.ar\/index.php\/wp-json\/wp\/v2\/media?parent=18947"}],"wp:term":[{"taxonomy":"category","embeddable":true,"href":"https:\/\/cafeprensa.com.ar\/index.php\/wp-json\/wp\/v2\/categories?post=18947"},{"taxonomy":"post_tag","embeddable":true,"href":"https:\/\/cafeprensa.com.ar\/index.php\/wp-json\/wp\/v2\/tags?post=18947"}],"curies":[{"name":"wp","href":"https:\/\/api.w.org\/{rel}","templated":true}]}}