{"id":18950,"date":"2026-09-02T07:47:46","date_gmt":"2026-09-02T10:47:46","guid":{"rendered":"https:\/\/cafeprensa.com.ar\/?p=18950"},"modified":"2026-09-02T07:47:46","modified_gmt":"2026-09-02T10:47:46","slug":"los-puntos-ciegos-de-la-prision-domiciliaria-de-cristina-kirchner","status":"publish","type":"post","link":"https:\/\/cafeprensa.com.ar\/index.php\/2026\/09\/02\/los-puntos-ciegos-de-la-prision-domiciliaria-de-cristina-kirchner\/","title":{"rendered":"Los puntos ciegos de la prisi\u00f3n domiciliaria de Cristina Kirchner"},"content":{"rendered":"<div class=\"content-article-title\">\n<div class=\"wrapper-layout center-content center_story max-width\">\n<div class=\"col-content\">\n<p class=\"article__title font__display\"><strong>Qu\u00e9 movimientos registra la tobillera electr\u00f3nica. La Justicia solo le solicita al Servicio Penitenciario reportes sobre las salidas de San Jos\u00e9 1111.\u00a0 <\/strong>Si bien el dispositivo permite detectar desplazamientos entre pisos, esos movimientos no forman parte de los informes elevados al tribunal. Los registros indican tres visitas a la terraza y pocas salidas a la calle.<\/p>\n<p class=\"article__title font__display\"><strong>PUBLICIDAD<\/strong><img loading=\"lazy\" decoding=\"async\" class=\"alignnone wp-image-18716 \" src=\"https:\/\/cafeprensa.com.ar\/wp-content\/uploads\/2026\/08\/banner_cesar_gonzalez-1.jpeg\" alt=\"\" width=\"785\" height=\"97\" srcset=\"https:\/\/cafeprensa.com.ar\/wp-content\/uploads\/2026\/08\/banner_cesar_gonzalez-1.jpeg 728w, https:\/\/cafeprensa.com.ar\/wp-content\/uploads\/2026\/08\/banner_cesar_gonzalez-1-300x37.jpeg 300w\" sizes=\"auto, (max-width: 785px) 100vw, 785px\" \/> El sistema que monitorea la <a title=\"https:\/\/tn.com.ar\/politica\/2026\/08\/12\/causa-vialidad-la-justicia-ordeno-embargar-el-departamento-donde-cristina-kirchner-cumple-el-arresto-domiciliario\/\" href=\"https:\/\/tn.com.ar\/politica\/2026\/08\/12\/causa-vialidad-la-justicia-ordeno-embargar-el-departamento-donde-cristina-kirchner-cumple-el-arresto-domiciliario\/\" target=\"_blank\" rel=\"noopener noreferrer\"><b>prisi\u00f3n domiciliaria<\/b><\/a>\u00a0de\u00a0<a title=\"https:\/\/tn.com.ar\/politica\/2026\/08\/22\/tras-una-orden-judicial-la-anses-volvio-a-pagar-de-manera-provisoria-la-pension-de-cristina-kirchner-por-viudez\/\" href=\"https:\/\/tn.com.ar\/politica\/2026\/08\/22\/tras-una-orden-judicial-la-anses-volvio-a-pagar-de-manera-provisoria-la-pension-de-cristina-kirchner-por-viudez\/\" target=\"_blank\" rel=\"noopener noreferrer\"><b>Cristina Kirchner<\/b><\/a>\u00a0registra sus movimientos y puede detectar si la expresidenta sale de su departamento, pero los informes que recibe la Justicia\u00a0<b>no permiten determinar cu\u00e1les fueron los sectores del edificio por los que se movi\u00f3. <\/b>El motivo es que los jueces solo solicitaron al Servicio Penitenciario Federal (SPF) que informe si Kirchner\u00a0<b>entra o sale<\/b>\u00a0del inmueble de San Jos\u00e9 1111, donde cumple la condena por la\u00a0<a title=\"https:\/\/tn.com.ar\/politica\/2026\/07\/02\/causa-vialidad-la-corte-ratifico-que-cristina-kirchner-y-los-otros-condenados-deben-devolver-685000-millones\/\" href=\"https:\/\/tn.com.ar\/politica\/2026\/07\/02\/causa-vialidad-la-corte-ratifico-que-cristina-kirchner-y-los-otros-condenados-deben-devolver-685000-millones\/\" target=\"_blank\" rel=\"noopener noreferrer\"><b>causa Vialidad<\/b><\/a>.<\/p>\n<\/div>\n<\/div>\n<\/div>\n<div class=\"common-layout wrapper-layout center-content center_story max-width story article\">\n<div class=\"col-content\"><main class=\"col-content\"><\/p>\n<div class=\"default-article-color article__body article__article\">\n<div class=\"story-list\" data-mrf-recirculation=\"IL_RNrGCM52Q_ui4aMax3fibg\" data-testid=\"text-html\" data-mrf-experience=\"IL_RNrGCM52Q_ui4aMax3fibg\">\n<article class=\"card__container card__horizontal\">\n<div class=\"card__body\">\n<header>\n<p class=\"card__headline font__display\"><strong><a href=\"https:\/\/tn.com.ar\/politica\/2026\/08\/31\/la-compra-del-departamento-de-abajo-de-cristina-kirchner-deja-expuesto-el-metodo-k-la-trampa-como-forma-de-hacer-politica\/\" target=\"_blank\" rel=\"noopener\" data-mrf-link=\"https:\/\/tn.com.ar\/politica\/2026\/08\/31\/la-compra-del-departamento-de-abajo-de-cristina-kirchner-deja-expuesto-el-metodo-k-la-trampa-como-forma-de-hacer-politica\/\"> La compra del departamento de abajo de Cristina Kirchner deja expuesto el m\u00e9todo K: la trampa como forma de hacer pol\u00edtica <\/a><\/strong><\/p>\n<\/header>\n<\/div>\n<\/article>\n<\/div>\n<p class=\"paragraph font__body-regular\">Seg\u00fan pudo saber, la tobillera electr\u00f3nica que utiliza Cristina Kirchner <b>puede identificar un desplazamiento de un piso hacia otro<\/b>, pero esa informaci\u00f3n no forma parte de los reportes que se elevan a la Justicia, por el simple motivo de que el tribunal no requiere ese grado de detalle.<\/p>\n<p class=\"paragraph font__body-regular\"><strong>PUBLICIDAD<\/strong><img loading=\"lazy\" decoding=\"async\" class=\"alignnone wp-image-18615 \" src=\"https:\/\/cafeprensa.com.ar\/wp-content\/uploads\/2026\/08\/728x90-6.gif\" alt=\"\" width=\"809\" height=\"101\" \/>La cuesti\u00f3n tom\u00f3 relevancia por una pregunta concreta: si es posible que Cristina Kirchner pueda haber bajado al primer piso del edificio, propiedad que \u2014seg\u00fan La Naci\u00f3n revel\u00f3\u2014 fue adquirida en agosto de 2025 por\u00a0<b>Soledad Calle<\/b>, dirigente camporista. La expresidenta reside en el segundo piso de San Jos\u00e9 1111.<\/p>\n<p class=\"paragraph font__body-regular\">\u201cLa Justicia le pide al SPF que informe salidas de San Jos\u00e9 1111, nada m\u00e1s\u201d, explic\u00f3<b>\u00a0<\/b>una fuente vinculada al monitoreo. La tobillera utilizada por la expresidenta es un modelo\u00a0<b>E4\u00a0<\/b>y registra el posicionamiento y los movimientos de quien la lleva. Por eso, t\u00e9cnicamente puede detectar desplazamientos dentro del edificio. \u201cLa tobillera registra posicionamiento y movimientos de CFK.\u00a0<b>Identifica si baja al primer piso, pero la Justicia no pidi\u00f3 control sobre eso<\/b>\u201d, se\u00f1alaron las fuentes.<\/p>\n<p class=\"paragraph font__body-regular\"><strong>PUBLICIDAD<\/strong><img loading=\"lazy\" decoding=\"async\" class=\"alignnone wp-image-18462 size-large\" src=\"https:\/\/cafeprensa.com.ar\/wp-content\/uploads\/2026\/08\/Screenshot_20260617_111352_Gallery-1024x274.jpg\" alt=\"\" width=\"1024\" height=\"274\" srcset=\"https:\/\/cafeprensa.com.ar\/wp-content\/uploads\/2026\/08\/Screenshot_20260617_111352_Gallery-1024x274.jpg 1024w, https:\/\/cafeprensa.com.ar\/wp-content\/uploads\/2026\/08\/Screenshot_20260617_111352_Gallery-300x80.jpg 300w, https:\/\/cafeprensa.com.ar\/wp-content\/uploads\/2026\/08\/Screenshot_20260617_111352_Gallery-768x205.jpg 768w, https:\/\/cafeprensa.com.ar\/wp-content\/uploads\/2026\/08\/Screenshot_20260617_111352_Gallery-1536x410.jpg 1536w, https:\/\/cafeprensa.com.ar\/wp-content\/uploads\/2026\/08\/Screenshot_20260617_111352_Gallery-2048x547.jpg 2048w\" sizes=\"auto, (max-width: 1024px) 100vw, 1024px\" \/>As\u00ed, uno de los aspectos centrales del sistema de vigilancia es tambi\u00e9n uno de sus puntos ciegos: los\u00a0<b>movimientos internos de Cristina Kirchner<\/b>\u00a0no quedan plasmados en los informes enviados a los jueces. La Justicia pidi\u00f3 saber si sali\u00f3 del edificio, no qu\u00e9 recorrido hizo dentro de \u00e9l.<\/p>\n<h2 class=\"font--primary font__display\">Los movimientos de Cristina Kirchner dentro de San Jos\u00e9 1111<\/h2>\n<p class=\"paragraph font__body-regular\">En ese esquema aparecen tres sectores que no forman parte del control solicitado espec\u00edficamente por la Justicia:\u00a0<b>el primer piso, el tercer piso y la terraza<\/b>.<\/p>\n<figure class=\"\" data-testid=\"figure-testid\">\n<div class=\"aspect_ratio__container\"><picture class=\"responsive-image\"><source srcset=\"https:\/\/tn.com.ar\/resizer\/v2\/cfk-vive-en-el-segundo-piso-del-edificio-ubicado-en-san-jose-1111-foto-reuters-CF3I3XTUEEWSAZ2A5B4FK6KWGY.jpg?auth=7aa4b20d8471828a2517a4161b4835076af6823ef9102e502788cc5d3abc5d98&amp;width=767\" type=\"image\/jpg\" media=\"(max-width: 728px)\" \/><source srcset=\"https:\/\/tn.com.ar\/resizer\/v2\/cfk-vive-en-el-segundo-piso-del-edificio-ubicado-en-san-jose-1111-foto-reuters-CF3I3XTUEEWSAZ2A5B4FK6KWGY.jpg?auth=7aa4b20d8471828a2517a4161b4835076af6823ef9102e502788cc5d3abc5d98&amp;width=1023\" type=\"image\/jpg\" media=\"(max-width: 1023px)\" \/><source srcset=\"https:\/\/tn.com.ar\/resizer\/v2\/cfk-vive-en-el-segundo-piso-del-edificio-ubicado-en-san-jose-1111-foto-reuters-CF3I3XTUEEWSAZ2A5B4FK6KWGY.jpg?auth=7aa4b20d8471828a2517a4161b4835076af6823ef9102e502788cc5d3abc5d98&amp;width=1440\" type=\"image\/jpg\" \/><img loading=\"lazy\" decoding=\"async\" class=\"image content-image image_placeholder\" src=\"https:\/\/tn.com.ar\/resizer\/v2\/cfk-vive-en-el-segundo-piso-del-edificio-ubicado-en-san-jose-1111-foto-reuters-CF3I3XTUEEWSAZ2A5B4FK6KWGY.jpg?auth=7aa4b20d8471828a2517a4161b4835076af6823ef9102e502788cc5d3abc5d98&amp;width=767\" alt=\"CFK vive en el segundo piso del edificio ubicado en San Jos\u00e9 1111. (Foto: Reuters)\" width=\"767\" height=\"545\" data-testid=\"loading-testid\" \/><\/picture><\/div><figcaption class=\"caption_image\" data-testid=\"figcaption-testid\">\n<div class=\"image_caption \"><span style=\"font-size: 8pt;\"><strong>CFK vive en el segundo piso del edificio ubicado en San Jos\u00e9 1111.\u00a0<\/strong><\/span><\/div>\n<\/figcaption><\/figure>\n<p class=\"paragraph font__body-regular\">Son considerados\u00a0<b>\u201cpuntos ciegos\u201d<\/b>\u00a0porque nunca se pidi\u00f3 informaci\u00f3n espec\u00edfica sobre esos lugares. La pregunta que ahora buscan responder los jueces es, principalmente, si Cristina Kirchner pudo haber bajado al primer piso y, eventualmente, qu\u00e9 fue a hacer all\u00ed.<\/p>\n<p class=\"paragraph font__body-regular\">Una fuente revel\u00f3<b>\u00a0<\/b>que, al revisar los movimientos registrados por la tobillera, se detect\u00f3 que Cristina Kirchner\u00a0<b>no habr\u00eda bajado nunca al primer piso<\/b>. De todos modos, la misma fuente plante\u00f3 esperar el informe final de la DAPVE, el organismo encargado de elaborar los reportes correspondientes.<\/p>\n<p class=\"paragraph font__body-regular\">Hay varias hip\u00f3tesis en an\u00e1lisis respecto del departamento del primer piso: que haya funcionado como un\u00a0<b>bunker de campa\u00f1a<\/b>, como espacio de\u00a0<b>descanso para las empleadas<\/b>\u00a0dom\u00e9sticas de Cristina Kirchner o para su\u00a0<b>custodia<\/b>. Tambi\u00e9n se plante\u00f3 que pudiera haber sido adquirido para contar con un \u201clugar vac\u00edo\u201d o incluso como otra vivienda ante una eventual subasta del departamento donde cumple actualmente el arresto domiciliario.<\/p>\n<p class=\"paragraph font__body-regular\"><strong>PUBLICIDAD<\/strong><img loading=\"lazy\" decoding=\"async\" class=\"alignnone wp-image-17805 \" src=\"https:\/\/cafeprensa.com.ar\/wp-content\/uploads\/2026\/06\/SAT-JU11-1.jpg\" alt=\"\" width=\"825\" height=\"102\" srcset=\"https:\/\/cafeprensa.com.ar\/wp-content\/uploads\/2026\/06\/SAT-JU11-1.jpg 728w, https:\/\/cafeprensa.com.ar\/wp-content\/uploads\/2026\/06\/SAT-JU11-1-300x37.jpg 300w\" sizes=\"auto, (max-width: 825px) 100vw, 825px\" \/>Pese a todas estas especulaciones, fuentes al tanto del asunto aseguraron que \u201cCristina Kirchner siempre respet\u00f3 las reglas impuestas por la Justicia\u201d.<\/p>\n<p class=\"paragraph font__body-regular\">La\u00a0<b>terraza\u00a0<\/b>es otro de los sectores que forman parte de las dudas sobre el monitoreo. Cristina Kirchner tiene autorizaci\u00f3n para utilizarla dentro de las condiciones establecidas para su prisi\u00f3n domiciliaria. Sin embargo, los registros indican que fueron pocas las ocasiones en las que subi\u00f3. Adem\u00e1s, esas pocas visitas se produjeron durante el\u00a0<b>verano<\/b>. En total, se registraron\u00a0<b>tres salidas a la terraza<\/b>\u00a0durante marzo de 2026, todas dentro del horario permitido, entre las 18 y las 20. La duraci\u00f3n de esos desplazamientos fue inferior a 32 minutos.<\/p>\n<p class=\"paragraph font__body-regular\">El dato contrasta con la frecuencia con la que la expresidenta aparece en el\u00a0<b>balc\u00f3n de su departamento<\/b>. Las im\u00e1genes de sus distintas apariciones muestran que Cristina Kirchner parece pasar m\u00e1s tiempo en ese espacio que en la terraza. Fuera de esas situaciones, las salidas de Cristina Kirchner del edificio fueron escasas. Seg\u00fan los registros relevados, abandon\u00f3 San Jos\u00e9 1111 en pocas oportunidades: cuando debi\u00f3 ser\u00a0<b>internada\u00a0<\/b>y para concurrir al\u00a0<b>dentista<\/b>.<\/p>\n<p class=\"paragraph font__body-regular\">El departamento de San Jos\u00e9 1111 forma parte, adem\u00e1s, de los bienes alcanzados por las nuevas\u00a0<b>medidas cautelares<\/b> dictadas por el Tribunal Oral Federal 2 (TOF 2) en el marco de la ejecuci\u00f3n de la condena de la causa Vialidad. El tribunal incluy\u00f3 esa propiedad entre los activos sobre los que dispuso\u00a0<b>medidas destinadas a preservar su eventual ejecuci\u00f3n<\/b>. La decisi\u00f3n se produjo dentro de una segunda etapa del proceso de decomiso, que contempla 144 bienes entre propiedades y veh\u00edculos, adem\u00e1s de participaciones accionarias en distintas sociedades.<\/p>\n<p class=\"paragraph font__body-regular\"><strong>PUBLICIDAD<\/strong><img loading=\"lazy\" decoding=\"async\" class=\"alignnone wp-image-17801 \" src=\"https:\/\/cafeprensa.com.ar\/wp-content\/uploads\/2026\/06\/IMG-20260331-WA0033-768x192-1.jpg\" alt=\"\" width=\"856\" height=\"214\" srcset=\"https:\/\/cafeprensa.com.ar\/wp-content\/uploads\/2026\/06\/IMG-20260331-WA0033-768x192-1.jpg 768w, https:\/\/cafeprensa.com.ar\/wp-content\/uploads\/2026\/06\/IMG-20260331-WA0033-768x192-1-300x75.jpg 300w\" sizes=\"auto, (max-width: 856px) 100vw, 856px\" \/>Sin embargo, el\u00a0<b>embargo preventivo<\/b>\u00a0no implica que Cristina Kirchner deba abandonar autom\u00e1ticamente el domicilio ni que la propiedad haya sido subastada. El TOF 2 aclar\u00f3 que las medidas cautelares buscan impedir que los bienes sean transferidos, gravados o retirados de la jurisdicci\u00f3n mientras contin\u00faa el procedimiento.<\/p>\n<p class=\"paragraph font__body-regular\">La causa Vialidad estableci\u00f3 una condena cuyo monto alcanza los $685.000 millones y, en ese contexto, la Justicia avanza sobre distintos activos vinculados a los condenados. En el caso de San Jos\u00e9 1111, la propiedad pertenece a\u00a0<b>Los Sauces<\/b>, la sociedad inmobiliaria de la familia Kirchner. El inmueble qued\u00f3 incluido en esta nueva etapa junto con otras propiedades, veh\u00edculos y activos societarios.<img loading=\"lazy\" decoding=\"async\" class=\"alignnone wp-image-18707 size-full\" src=\"https:\/\/cafeprensa.com.ar\/wp-content\/uploads\/2026\/08\/Screenshot_20260422_105453_WhatsApp-1-1024x589-1.jpg\" alt=\"\" width=\"1024\" height=\"589\" srcset=\"https:\/\/cafeprensa.com.ar\/wp-content\/uploads\/2026\/08\/Screenshot_20260422_105453_WhatsApp-1-1024x589-1.jpg 1024w, https:\/\/cafeprensa.com.ar\/wp-content\/uploads\/2026\/08\/Screenshot_20260422_105453_WhatsApp-1-1024x589-1-300x173.jpg 300w, https:\/\/cafeprensa.com.ar\/wp-content\/uploads\/2026\/08\/Screenshot_20260422_105453_WhatsApp-1-1024x589-1-768x442.jpg 768w\" sizes=\"auto, (max-width: 1024px) 100vw, 1024px\" \/><span style=\"font-size: 8pt;\"><strong>Por <a class=\"author__name font__action\" style=\"font-weight: bold;\" href=\"https:\/\/tn.com.ar\/autor\/Brunoyacono\/\" rel=\"author\">Bruno Yacono<\/a><\/strong><\/span><\/p>\n<\/div>\n<p><\/main><\/div>\n<\/div>\n","protected":false},"excerpt":{"rendered":"<p>Qu\u00e9 movimientos registra la tobillera electr\u00f3nica. La Justicia solo le solicita al Servicio Penitenciario reportes sobre las salidas de San Jos\u00e9 1111.\u00a0 Si bien el dispositivo permite detectar desplazamientos entre pisos, esos movimientos no forman parte de los informes elevados al tribunal. Los registros indican tres visitas a la terraza y pocas salidas a la &hellip;<\/p>\n","protected":false},"author":2,"featured_media":18951,"comment_status":"open","ping_status":"open","sticky":false,"template":"","format":"standard","meta":{"footnotes":""},"categories":[47,33],"tags":[1058],"class_list":["post-18950","post","type-post","status-publish","format-standard","has-post-thumbnail","hentry","category-justicia","category-nacionales","tag-cristina-fernandez-de-kirchner"],"_links":{"self":[{"href":"https:\/\/cafeprensa.com.ar\/index.php\/wp-json\/wp\/v2\/posts\/18950","targetHints":{"allow":["GET"]}}],"collection":[{"href":"https:\/\/cafeprensa.com.ar\/index.php\/wp-json\/wp\/v2\/posts"}],"about":[{"href":"https:\/\/cafeprensa.com.ar\/index.php\/wp-json\/wp\/v2\/types\/post"}],"author":[{"embeddable":true,"href":"https:\/\/cafeprensa.com.ar\/index.php\/wp-json\/wp\/v2\/users\/2"}],"replies":[{"embeddable":true,"href":"https:\/\/cafeprensa.com.ar\/index.php\/wp-json\/wp\/v2\/comments?post=18950"}],"version-history":[{"count":1,"href":"https:\/\/cafeprensa.com.ar\/index.php\/wp-json\/wp\/v2\/posts\/18950\/revisions"}],"predecessor-version":[{"id":18952,"href":"https:\/\/cafeprensa.com.ar\/index.php\/wp-json\/wp\/v2\/posts\/18950\/revisions\/18952"}],"wp:featuredmedia":[{"embeddable":true,"href":"https:\/\/cafeprensa.com.ar\/index.php\/wp-json\/wp\/v2\/media\/18951"}],"wp:attachment":[{"href":"https:\/\/cafeprensa.com.ar\/index.php\/wp-json\/wp\/v2\/media?parent=18950"}],"wp:term":[{"taxonomy":"category","embeddable":true,"href":"https:\/\/cafeprensa.com.ar\/index.php\/wp-json\/wp\/v2\/categories?post=18950"},{"taxonomy":"post_tag","embeddable":true,"href":"https:\/\/cafeprensa.com.ar\/index.php\/wp-json\/wp\/v2\/tags?post=18950"}],"curies":[{"name":"wp","href":"https:\/\/api.w.org\/{rel}","templated":true}]}}