{"id":18953,"date":"2026-09-02T08:10:16","date_gmt":"2026-09-02T11:10:16","guid":{"rendered":"https:\/\/cafeprensa.com.ar\/?p=18953"},"modified":"2026-09-02T08:10:54","modified_gmt":"2026-09-02T11:10:54","slug":"la-vida-de-lujo-de-la-gremialista-vecina-de-cristina-kirchner","status":"publish","type":"post","link":"https:\/\/cafeprensa.com.ar\/index.php\/2026\/09\/02\/la-vida-de-lujo-de-la-gremialista-vecina-de-cristina-kirchner\/","title":{"rendered":"La vida de lujo de la gremialista vecina de Cristina Kirchner"},"content":{"rendered":"<div class=\"content-article-title\">\n<div class=\"wrapper-layout center-content center_story max-width\">\n<div class=\"col-content\">\n<p class=\"article__title font__display\"><strong><span style=\"font-size: 12pt;\">La referente de La C\u00e1mpora Mar\u00eda Soledad Calle tiene una extensa lista de bienes a su nombre. Tambi\u00e9n elevados gastos en tarjetas de cr\u00e9dito.<\/span><\/strong><\/p>\n<p><iframe loading=\"lazy\" title=\"YouTube video player\" src=\"https:\/\/www.youtube.com\/embed\/FeHc8xR1uyg?si=kjEZPIpH3i1rvhLy\" width=\"560\" height=\"315\" frameborder=\"0\" allowfullscreen=\"allowfullscreen\"><\/iframe><\/p>\n<\/div>\n<\/div>\n<\/div>\n<div class=\"common-layout wrapper-layout center-content center_story max-width story article\">\n<div class=\"col-content\">\n<div class=\"article__header article__story article__article\">\n<div class=\"article__head\">\n<div class=\"article__headline-byline-container\">\n<div class=\"article__byline\" data-testid=\"byline\">\n<div class=\"author-info\">\n<div class=\"author-image\">D\u00edas atr\u00e1s se conoci\u00f3 la noticia que <b>Mar\u00eda Soledad Calle<\/b>, referente de\u00a0<b>La C\u00e1mpora<\/b>\u00a0en Campana y vinculada a la\u00a0<b>Uni\u00f3n Obrera Metal\u00fargica (UOM)<\/b>, escritur\u00f3 el 20 de agosto de 2025 el departamento del primer piso de\u00a0<b>San Jos\u00e9 1111<\/b>, en Constituci\u00f3n, justo debajo del inmueble donde\u00a0<b>Cristina Kirchner<\/b>\u00a0cumple prisi\u00f3n domiciliaria.<\/div>\n<\/div>\n<\/div>\n<\/div>\n<\/div>\n<\/div>\n<div class=\"default-article-color article__body article__article\">\n<p class=\"paragraph font__body-regular\">La operaci\u00f3n, asentada en el Registro de la Propiedad Inmueble de la Ciudad,\u00a0<b>se declar\u00f3 en 189.000 d\u00f3lares<\/b>. La dirigente est\u00e1 investigada, junto al extitular del gremio\u00a0<b>Abel Furl\u00e1n<\/b>, por el manejo de fondos sindicales.<\/p>\n<p class=\"paragraph font__body-regular\"><strong>PUBLICIDAD<\/strong><img loading=\"lazy\" decoding=\"async\" class=\"alignnone wp-image-18717 \" src=\"https:\/\/cafeprensa.com.ar\/wp-content\/uploads\/2026\/08\/sat.jpg\" alt=\"\" width=\"825\" height=\"102\" srcset=\"https:\/\/cafeprensa.com.ar\/wp-content\/uploads\/2026\/08\/sat.jpg 728w, https:\/\/cafeprensa.com.ar\/wp-content\/uploads\/2026\/08\/sat-300x37.jpg 300w\" sizes=\"auto, (max-width: 825px) 100vw, 825px\" \/><strong>El departamento tiene 252 metros cuadrados. El precio declarado equivale a unos 750 d\u00f3lares por metro cuadrado, por debajo de valores de referencia del mismo edificio: a fines de 2025 un piso similar del tercer piso se ofrec\u00eda en 295.000 d\u00f3lares.<\/strong><\/p>\n<p class=\"paragraph font__body-regular\">Adem\u00e1s del piso en San Jose 1111,\u00a0<b>TN<\/b>\u00a0comprob\u00f3 que Calle tiene entre sus propiedades un<b>\u00a0auto BMW<\/b>\u00a0valuado en 70 mil d\u00f3lares, un\u00a0<b>d\u00faplex de 170 metros cuadrados en el barrio cerrado de lujo \u201cLa Reserva\u201d de Cardales, una casa de tres pisos en Campana y una moto BMW\u00a0<\/b>de 20 mil d\u00f3lares.<\/p>\n<p class=\"paragraph font__body-regular\"><strong>PUBLICIDAD<\/strong><img loading=\"lazy\" decoding=\"async\" class=\"alignnone wp-image-18700 size-large\" src=\"https:\/\/cafeprensa.com.ar\/wp-content\/uploads\/2026\/08\/655454451_1351226433708218_7599175584347977023_n-1-1024x110.jpg\" alt=\"\" width=\"1024\" height=\"110\" srcset=\"https:\/\/cafeprensa.com.ar\/wp-content\/uploads\/2026\/08\/655454451_1351226433708218_7599175584347977023_n-1-1024x110.jpg 1024w, https:\/\/cafeprensa.com.ar\/wp-content\/uploads\/2026\/08\/655454451_1351226433708218_7599175584347977023_n-1-300x32.jpg 300w, https:\/\/cafeprensa.com.ar\/wp-content\/uploads\/2026\/08\/655454451_1351226433708218_7599175584347977023_n-1-768x82.jpg 768w, https:\/\/cafeprensa.com.ar\/wp-content\/uploads\/2026\/08\/655454451_1351226433708218_7599175584347977023_n-1-1536x164.jpg 1536w, https:\/\/cafeprensa.com.ar\/wp-content\/uploads\/2026\/08\/655454451_1351226433708218_7599175584347977023_n-1.jpg 2048w\" sizes=\"auto, (max-width: 1024px) 100vw, 1024px\" \/><strong>TN recorri\u00f3 la zona donde tiene estos domicilios y la casa de Campana est\u00e1 construida en un terreno que fue adquirido por la UOM. Otro punto a destacar es que Calle tiene un sueldo bruto registrado de $3.700.000, que resulta incompatible con su estilo de vida y sus gastos.<\/strong><\/p>\n<figure class=\"\" data-testid=\"figure-testid\">\n<div class=\"aspect_ratio__container\"><picture class=\"responsive-image\"><source srcset=\"https:\/\/tn.com.ar\/resizer\/v2\/la-casa-de-campana-construida-en-un-terreno-de-la-uom-foto-captura-tn-5T54RZ2BONAXFNLU2BYYDCQHNY.jpg?auth=94dfaa900b77b78f758fe9df7f786685641853d8f26f88e2b07b0a449c4cc084&amp;width=767\" media=\"(max-width: 728px)\" \/><source srcset=\"https:\/\/tn.com.ar\/resizer\/v2\/la-casa-de-campana-construida-en-un-terreno-de-la-uom-foto-captura-tn-5T54RZ2BONAXFNLU2BYYDCQHNY.jpg?auth=94dfaa900b77b78f758fe9df7f786685641853d8f26f88e2b07b0a449c4cc084&amp;width=1023\" media=\"(max-width: 1023px)\" \/><source srcset=\"https:\/\/tn.com.ar\/resizer\/v2\/la-casa-de-campana-construida-en-un-terreno-de-la-uom-foto-captura-tn-5T54RZ2BONAXFNLU2BYYDCQHNY.jpg?auth=94dfaa900b77b78f758fe9df7f786685641853d8f26f88e2b07b0a449c4cc084&amp;width=1440\" \/><img loading=\"lazy\" decoding=\"async\" class=\"image content-image image_placeholder\" src=\"https:\/\/tn.com.ar\/resizer\/v2\/la-casa-de-campana-construida-en-un-terreno-de-la-uom-foto-captura-tn-5T54RZ2BONAXFNLU2BYYDCQHNY.jpg?auth=94dfaa900b77b78f758fe9df7f786685641853d8f26f88e2b07b0a449c4cc084&amp;width=767\" alt=\"La casa de Campana construida en un terreno de la UOM. (Foto: captura TN)\" width=\"767\" height=\"431\" data-testid=\"loading-testid\" \/><\/picture><\/div><figcaption class=\"caption_image\" data-testid=\"figcaption-testid\">\n<div class=\"image_caption \"><span style=\"font-size: 8pt;\"><strong>La casa de Campana construida en un terreno de la UOM.\u00a0<\/strong><\/span><\/div>\n<\/figcaption><\/figure>\n<p class=\"paragraph font__body-regular\">Sucede que adem\u00e1s de las propiedades, Calle registra\u00a0<b>gastos millonarios con tarjetas de cr\u00e9dito<\/b>: en enero gast\u00f3 $31.790.000, en febrero $43.760.000, en marzo $43.037.000, en abril $17.532.000, en mayo $28.293.000.<\/p>\n<p class=\"paragraph font__body-regular\"><strong>Finalmente, en junio en total de sus gastos con tarjeta fue de $30.802.000 y en julio $16.507.000.<\/strong><\/p>\n<p class=\"paragraph font__body-regular\">\u201cSoledad Calle estaba en el gremio, la funci\u00f3n que cumpl\u00eda era en un programa de fortalecer lazos internacionales. Siempre la vi en los congresos sentada,\u00a0<b>era una compa\u00f1era a la que nunca vi laburar en una empresa metal\u00fargica<\/b>\u201d, sostuvo Roberto Gonz\u00e1lez, un delegado gremial, a este medio.<\/p>\n<figure class=\"\" data-testid=\"figure-testid\">\n<div class=\"aspect_ratio__container\"><picture class=\"responsive-image\"><source srcset=\"https:\/\/tn.com.ar\/resizer\/v2\/roberto-gonzalez-foto-captura-tn-PWEMTEOHT5CPZHZST3ES6PUEDI.jpg?auth=5059489ede86e384f94f2e27fd8cd342cc044c0145fb5c7b934797c6c092690c&amp;width=767\" media=\"(max-width: 728px)\" \/><source srcset=\"https:\/\/tn.com.ar\/resizer\/v2\/roberto-gonzalez-foto-captura-tn-PWEMTEOHT5CPZHZST3ES6PUEDI.jpg?auth=5059489ede86e384f94f2e27fd8cd342cc044c0145fb5c7b934797c6c092690c&amp;width=1023\" media=\"(max-width: 1023px)\" \/><source srcset=\"https:\/\/tn.com.ar\/resizer\/v2\/roberto-gonzalez-foto-captura-tn-PWEMTEOHT5CPZHZST3ES6PUEDI.jpg?auth=5059489ede86e384f94f2e27fd8cd342cc044c0145fb5c7b934797c6c092690c&amp;width=1440\" \/><img loading=\"lazy\" decoding=\"async\" class=\"image content-image image_placeholder\" src=\"https:\/\/tn.com.ar\/resizer\/v2\/roberto-gonzalez-foto-captura-tn-PWEMTEOHT5CPZHZST3ES6PUEDI.jpg?auth=5059489ede86e384f94f2e27fd8cd342cc044c0145fb5c7b934797c6c092690c&amp;width=767\" alt=\"Roberto Gonz\u00e1lez. (Foto: captura TN)\" width=\"767\" height=\"431\" data-testid=\"loading-testid\" \/><\/picture><\/div><figcaption class=\"caption_image\" data-testid=\"figcaption-testid\">\n<div class=\"image_caption \"><strong>Roberto Gonz\u00e1lez. \u201cNosotros como agrupaci\u00f3n queremos saber que se hace con los fondos de los trabajadores\u201d, reclam\u00f3 Gonz\u00e1lez.<\/strong><\/div>\n<\/figcaption><\/figure>\n<p class=\"font--primary font__display\"><span style=\"font-size: 14pt;\"><strong>La crisis de la UOM<\/strong><\/span><\/p>\n<p class=\"paragraph font__body-regular\">En Campana se encuentra la\u00a0<b>cl\u00ednica \u201cAugusto T. Vandor\u201d<\/b>, que pertenece al gremio metal\u00fargico, y donde las enfermeras cobran con seis meses de atraso. <strong>\u201cAtr\u00e1s de todo esto, hay un mont\u00f3n de familias metal\u00fargicas que no llegan a fin de mes, que se quedaron sin los medicamentos de sus hijos, un mont\u00f3n de operaciones que se postergaron. Hay compa\u00f1eros que fueron separados de sus puestos porque no pudieron ser atendidos, no llegaron sus pr\u00f3tesis\u201d, detall\u00f3 Gonz\u00e1lez.<\/strong><\/p>\n<p class=\"paragraph font__body-regular\"><strong>PUBLICIDAD<img loading=\"lazy\" decoding=\"async\" class=\"alignnone wp-image-18016 size-full\" src=\"https:\/\/cafeprensa.com.ar\/wp-content\/uploads\/2026\/07\/ot4nf2kzaowws010n3ud.gif\" alt=\"\" width=\"970\" height=\"90\" \/><\/strong>Calle construy\u00f3 su carrera en el conurbano norte. Pas\u00f3 por la C\u00e1mara de Diputados bonaerense y por la\u00a0<b>Direcci\u00f3n General de Cultura y Educaci\u00f3n\u00a0<\/b>de la provincia.<\/p>\n<p class=\"paragraph font__body-regular\">En 2015 lleg\u00f3 al\u00a0<b>Concejo Deliberante de Campana<\/b>, donde presidi\u00f3 el bloque de La C\u00e1mpora.<\/p>\n<figure class=\"\" data-testid=\"figure-testid\">\n<div class=\"aspect_ratio__container\"><picture class=\"responsive-image\"><source srcset=\"https:\/\/tn.com.ar\/resizer\/v2\/soledad-calle-dirigente-camporista-foto-instagram-solcalleok-MQ3L2FNUNJB45NDB6ZZ7EIUXR4.jpg?auth=a2f2f93be90ea45745426e874a7df8c4f935792386421ef4953a5d503d136a55&amp;width=767\" media=\"(max-width: 728px)\" \/><source srcset=\"https:\/\/tn.com.ar\/resizer\/v2\/soledad-calle-dirigente-camporista-foto-instagram-solcalleok-MQ3L2FNUNJB45NDB6ZZ7EIUXR4.jpg?auth=a2f2f93be90ea45745426e874a7df8c4f935792386421ef4953a5d503d136a55&amp;width=1023\" media=\"(max-width: 1023px)\" \/><source srcset=\"https:\/\/tn.com.ar\/resizer\/v2\/soledad-calle-dirigente-camporista-foto-instagram-solcalleok-MQ3L2FNUNJB45NDB6ZZ7EIUXR4.jpg?auth=a2f2f93be90ea45745426e874a7df8c4f935792386421ef4953a5d503d136a55&amp;width=1440\" \/><img loading=\"lazy\" decoding=\"async\" class=\"image content-image image_placeholder\" src=\"https:\/\/tn.com.ar\/resizer\/v2\/soledad-calle-dirigente-camporista-foto-instagram-solcalleok-MQ3L2FNUNJB45NDB6ZZ7EIUXR4.jpg?auth=a2f2f93be90ea45745426e874a7df8c4f935792386421ef4953a5d503d136a55&amp;width=767\" alt=\"Soledad Calle, dirigente camporista. (Foto: Instagram @solcalleok)\" width=\"767\" height=\"709\" data-testid=\"loading-testid\" \/><\/picture><\/div><figcaption class=\"caption_image\" data-testid=\"figcaption-testid\">\n<div class=\"image_caption \"><strong>Soledad Calle, dirigente camporista.\u00a0<\/strong><\/div>\n<\/figcaption><\/figure>\n<p class=\"paragraph font__body-regular\">En el \u00e1mbito gremial qued\u00f3\u00a0<b>ligada a la gesti\u00f3n de Furl\u00e1n<\/b>. En diciembre de 2022 fund\u00f3, junto con\u00a0<b>Adalberto Ra\u00fal Braconi<\/b>, la empresa\u00a0<b>USEM S.A<\/b>., que a partir de 2023\u00a0<b>administr\u00f3 parte de los aportes de la UOM mediante un contrato con vigencia prevista hasta 2033<\/b>. Fuentes gremiales estimaron que la firma percib\u00eda una comisi\u00f3n del 0,5 por ciento sobre un flujo que, seg\u00fan esos c\u00e1lculos, le habr\u00eda dejado alrededor de 100 millones de pesos mensuales, lo que explicar\u00eda el nivel de gasto de la funcionaria.<img loading=\"lazy\" decoding=\"async\" class=\"alignnone wp-image-18707 size-full\" src=\"https:\/\/cafeprensa.com.ar\/wp-content\/uploads\/2026\/08\/Screenshot_20260422_105453_WhatsApp-1-1024x589-1.jpg\" alt=\"\" width=\"1024\" height=\"589\" srcset=\"https:\/\/cafeprensa.com.ar\/wp-content\/uploads\/2026\/08\/Screenshot_20260422_105453_WhatsApp-1-1024x589-1.jpg 1024w, https:\/\/cafeprensa.com.ar\/wp-content\/uploads\/2026\/08\/Screenshot_20260422_105453_WhatsApp-1-1024x589-1-300x173.jpg 300w, https:\/\/cafeprensa.com.ar\/wp-content\/uploads\/2026\/08\/Screenshot_20260422_105453_WhatsApp-1-1024x589-1-768x442.jpg 768w\" sizes=\"auto, (max-width: 1024px) 100vw, 1024px\" \/><span style=\"font-size: 8pt;\"><strong><a class=\"author__name font__action\" href=\"https:\/\/tn.com.ar\/autor\/GuadalupeVazquez\/\" rel=\"author\">FUENTE:Guadalupe V\u00e1zquez<\/a><\/strong><\/span><\/p>\n<\/div>\n<\/div>\n<\/div>\n","protected":false},"excerpt":{"rendered":"<p>La referente de La C\u00e1mpora Mar\u00eda Soledad Calle tiene una extensa lista de bienes a su nombre. Tambi\u00e9n elevados gastos en tarjetas de cr\u00e9dito. D\u00edas atr\u00e1s se conoci\u00f3 la noticia que Mar\u00eda Soledad Calle, referente de\u00a0La C\u00e1mpora\u00a0en Campana y vinculada a la\u00a0Uni\u00f3n Obrera Metal\u00fargica (UOM), escritur\u00f3 el 20 de agosto de 2025 el departamento del &hellip;<\/p>\n","protected":false},"author":2,"featured_media":18954,"comment_status":"open","ping_status":"open","sticky":false,"template":"","format":"standard","meta":{"footnotes":""},"categories":[54,33],"tags":[122,3552],"class_list":["post-18953","post","type-post","status-publish","format-standard","has-post-thumbnail","hentry","category-interes-ganeral","category-nacionales","tag-cristina","tag-maria-soledad-calle"],"_links":{"self":[{"href":"https:\/\/cafeprensa.com.ar\/index.php\/wp-json\/wp\/v2\/posts\/18953","targetHints":{"allow":["GET"]}}],"collection":[{"href":"https:\/\/cafeprensa.com.ar\/index.php\/wp-json\/wp\/v2\/posts"}],"about":[{"href":"https:\/\/cafeprensa.com.ar\/index.php\/wp-json\/wp\/v2\/types\/post"}],"author":[{"embeddable":true,"href":"https:\/\/cafeprensa.com.ar\/index.php\/wp-json\/wp\/v2\/users\/2"}],"replies":[{"embeddable":true,"href":"https:\/\/cafeprensa.com.ar\/index.php\/wp-json\/wp\/v2\/comments?post=18953"}],"version-history":[{"count":2,"href":"https:\/\/cafeprensa.com.ar\/index.php\/wp-json\/wp\/v2\/posts\/18953\/revisions"}],"predecessor-version":[{"id":18956,"href":"https:\/\/cafeprensa.com.ar\/index.php\/wp-json\/wp\/v2\/posts\/18953\/revisions\/18956"}],"wp:featuredmedia":[{"embeddable":true,"href":"https:\/\/cafeprensa.com.ar\/index.php\/wp-json\/wp\/v2\/media\/18954"}],"wp:attachment":[{"href":"https:\/\/cafeprensa.com.ar\/index.php\/wp-json\/wp\/v2\/media?parent=18953"}],"wp:term":[{"taxonomy":"category","embeddable":true,"href":"https:\/\/cafeprensa.com.ar\/index.php\/wp-json\/wp\/v2\/categories?post=18953"},{"taxonomy":"post_tag","embeddable":true,"href":"https:\/\/cafeprensa.com.ar\/index.php\/wp-json\/wp\/v2\/tags?post=18953"}],"curies":[{"name":"wp","href":"https:\/\/api.w.org\/{rel}","templated":true}]}}