{"id":18957,"date":"2026-09-02T09:40:52","date_gmt":"2026-09-02T12:40:52","guid":{"rendered":"https:\/\/cafeprensa.com.ar\/?p=18957"},"modified":"2026-09-02T09:40:52","modified_gmt":"2026-09-02T12:40:52","slug":"tres-listas-se-anotaron-en-la-interna-del-radicalismo-tucumano","status":"publish","type":"post","link":"https:\/\/cafeprensa.com.ar\/index.php\/2026\/09\/02\/tres-listas-se-anotaron-en-la-interna-del-radicalismo-tucumano\/","title":{"rendered":"Tres listas se anotaron en la interna del radicalismo tucumano"},"content":{"rendered":"<div class=\"space-y-3\">\n<div class=\"max-w-4xl\">\n<p class=\"__className_c59aa5 text-lg pt-2\"><strong> Despu\u00e9s de la reserva de colores que hab\u00eda dejado planteada una competencia con siete espacios, finalmente tres sectores avanzaron con la presentaci\u00f3n de listas para las elecciones del 20 de septiembre, que definir\u00e1n la nueva conducci\u00f3n partidaria tras m\u00e1s de un a\u00f1o de intervenci\u00f3n.<\/strong><\/p>\n<p class=\"__className_c59aa5 text-lg pt-2\"><strong>PUBLICIDAD<img loading=\"lazy\" decoding=\"async\" class=\"alignnone wp-image-18716 \" src=\"https:\/\/cafeprensa.com.ar\/wp-content\/uploads\/2026\/08\/banner_cesar_gonzalez-1.jpeg\" alt=\"\" width=\"841\" height=\"104\" srcset=\"https:\/\/cafeprensa.com.ar\/wp-content\/uploads\/2026\/08\/banner_cesar_gonzalez-1.jpeg 728w, https:\/\/cafeprensa.com.ar\/wp-content\/uploads\/2026\/08\/banner_cesar_gonzalez-1-300x37.jpeg 300w\" sizes=\"auto, (max-width: 841px) 100vw, 841px\" \/> <\/strong>Por un lado qued\u00f3 formalizada la lista encabezada por el legislador <strong>Agust\u00edn Romano Norri<\/strong>; por otro, la del canismo, que lleva como principal referente al concejal <strong>Jos\u00e9 Mar\u00eda Canelada<\/strong>; y, en tercer lugar, el espacio liderado por\u00a0<strong>Adolfo D\u00edaz Chavero<\/strong>. La principal novedad pol\u00edtica aparece, precisamente, en este \u00faltimo sector.<\/p>\n<p class=\"__className_c59aa5 text-lg pt-2\"><strong>D\u00edaz Chavero<\/strong> mantiene una buena relaci\u00f3n pol\u00edtica con <strong>Romano Norri<\/strong>, por lo que no se descarta que ambos espacios puedan avanzar en un acuerdo antes de la elecci\u00f3n. De concretarse, la interna podr\u00eda reducirse a dos grandes expresiones, con<strong> Romano Norri y Canelada<\/strong> como los principales contendientes. Romano Norri llega a esta instancia con el antecedente de haber sido uno de los dirigentes que m\u00e1s cuestion\u00f3 la intervenci\u00f3n del radicalismo tucumano y que incluso llev\u00f3 ese reclamo a la Justicia.<\/p>\n<p class=\"__className_c59aa5 text-lg pt-2\"><strong>PUBLICIDAD<\/strong><img loading=\"lazy\" decoding=\"async\" class=\"alignnone wp-image-18717 \" src=\"https:\/\/cafeprensa.com.ar\/wp-content\/uploads\/2026\/08\/sat.jpg\" alt=\"\" width=\"849\" height=\"105\" srcset=\"https:\/\/cafeprensa.com.ar\/wp-content\/uploads\/2026\/08\/sat.jpg 728w, https:\/\/cafeprensa.com.ar\/wp-content\/uploads\/2026\/08\/sat-300x37.jpg 300w\" sizes=\"auto, (max-width: 849px) 100vw, 849px\" \/> <strong>En los \u00faltimos d\u00edas confirm\u00f3 que encabezar\u00eda la lista Roja y Blanca y plante\u00f3 la necesidad de recuperar la presencia territorial y generacional de la UCR.<\/strong><\/p>\n<p class=\"__className_c59aa5 text-lg pt-2\"><strong>PUBLICIDAD<img loading=\"lazy\" decoding=\"async\" class=\"alignnone wp-image-18700 size-large\" src=\"https:\/\/cafeprensa.com.ar\/wp-content\/uploads\/2026\/08\/655454451_1351226433708218_7599175584347977023_n-1-1024x110.jpg\" alt=\"\" width=\"1024\" height=\"110\" srcset=\"https:\/\/cafeprensa.com.ar\/wp-content\/uploads\/2026\/08\/655454451_1351226433708218_7599175584347977023_n-1-1024x110.jpg 1024w, https:\/\/cafeprensa.com.ar\/wp-content\/uploads\/2026\/08\/655454451_1351226433708218_7599175584347977023_n-1-300x32.jpg 300w, https:\/\/cafeprensa.com.ar\/wp-content\/uploads\/2026\/08\/655454451_1351226433708218_7599175584347977023_n-1-768x82.jpg 768w, https:\/\/cafeprensa.com.ar\/wp-content\/uploads\/2026\/08\/655454451_1351226433708218_7599175584347977023_n-1-1536x164.jpg 1536w, https:\/\/cafeprensa.com.ar\/wp-content\/uploads\/2026\/08\/655454451_1351226433708218_7599175584347977023_n-1.jpg 2048w\" sizes=\"auto, (max-width: 1024px) 100vw, 1024px\" \/><\/strong>Canelada, en tanto, representa otro de los sectores con peso dentro de la estructura partidaria y aparece como uno de los dirigentes con aspiraciones de disputar la conducci\u00f3n del radicalismo. Su espacio tambi\u00e9n tiene una proyecci\u00f3n pol\u00edtica hacia 2027, en un escenario en el que la UCR deber\u00e1 definir no s\u00f3lo sus autoridades sino tambi\u00e9n su estrategia electoral y su eventual pol\u00edtica de alianzas.<\/p>\n<p class=\"__className_c59aa5 text-lg pt-2\"><strong>PUBLICIDAD<\/strong><img loading=\"lazy\" decoding=\"async\" class=\"alignnone wp-image-18461 size-large\" src=\"https:\/\/cafeprensa.com.ar\/wp-content\/uploads\/2026\/08\/Screenshot_20260617_111408_Gallery-1024x277.jpg\" alt=\"\" width=\"1024\" height=\"277\" srcset=\"https:\/\/cafeprensa.com.ar\/wp-content\/uploads\/2026\/08\/Screenshot_20260617_111408_Gallery-1024x277.jpg 1024w, https:\/\/cafeprensa.com.ar\/wp-content\/uploads\/2026\/08\/Screenshot_20260617_111408_Gallery-300x81.jpg 300w, https:\/\/cafeprensa.com.ar\/wp-content\/uploads\/2026\/08\/Screenshot_20260617_111408_Gallery-768x208.jpg 768w, https:\/\/cafeprensa.com.ar\/wp-content\/uploads\/2026\/08\/Screenshot_20260617_111408_Gallery-1536x415.jpg 1536w, https:\/\/cafeprensa.com.ar\/wp-content\/uploads\/2026\/08\/Screenshot_20260617_111408_Gallery-2048x554.jpg 2048w\" sizes=\"auto, (max-width: 1024px) 100vw, 1024px\" \/><span style=\"font-size: 10.6667px;\"><b>FUENTE:https:\/\/tendenciadenoticias.com.ar\/politica\/tres-listas-se-anotaron-en-la-interna-del-radicalismo-tucumano<\/b><\/span><\/p>\n<\/div>\n<\/div>\n","protected":false},"excerpt":{"rendered":"<p>Despu\u00e9s de la reserva de colores que hab\u00eda dejado planteada una competencia con siete espacios, finalmente tres sectores avanzaron con la presentaci\u00f3n de listas para las elecciones del 20 de septiembre, que definir\u00e1n la nueva conducci\u00f3n partidaria tras m\u00e1s de un a\u00f1o de intervenci\u00f3n. PUBLICIDAD Por un lado qued\u00f3 formalizada la lista encabezada por el &hellip;<\/p>\n","protected":false},"author":2,"featured_media":18958,"comment_status":"open","ping_status":"open","sticky":false,"template":"","format":"standard","meta":{"footnotes":""},"categories":[34,25],"tags":[643,3553,3554,474,160],"class_list":["post-18957","post","type-post","status-publish","format-standard","has-post-thumbnail","hentry","category-locales","category-politica","tag-canelada","tag-diaz-chaveroucr","tag-eleciones","tag-romano-norri","tag-tucuman"],"_links":{"self":[{"href":"https:\/\/cafeprensa.com.ar\/index.php\/wp-json\/wp\/v2\/posts\/18957","targetHints":{"allow":["GET"]}}],"collection":[{"href":"https:\/\/cafeprensa.com.ar\/index.php\/wp-json\/wp\/v2\/posts"}],"about":[{"href":"https:\/\/cafeprensa.com.ar\/index.php\/wp-json\/wp\/v2\/types\/post"}],"author":[{"embeddable":true,"href":"https:\/\/cafeprensa.com.ar\/index.php\/wp-json\/wp\/v2\/users\/2"}],"replies":[{"embeddable":true,"href":"https:\/\/cafeprensa.com.ar\/index.php\/wp-json\/wp\/v2\/comments?post=18957"}],"version-history":[{"count":1,"href":"https:\/\/cafeprensa.com.ar\/index.php\/wp-json\/wp\/v2\/posts\/18957\/revisions"}],"predecessor-version":[{"id":18959,"href":"https:\/\/cafeprensa.com.ar\/index.php\/wp-json\/wp\/v2\/posts\/18957\/revisions\/18959"}],"wp:featuredmedia":[{"embeddable":true,"href":"https:\/\/cafeprensa.com.ar\/index.php\/wp-json\/wp\/v2\/media\/18958"}],"wp:attachment":[{"href":"https:\/\/cafeprensa.com.ar\/index.php\/wp-json\/wp\/v2\/media?parent=18957"}],"wp:term":[{"taxonomy":"category","embeddable":true,"href":"https:\/\/cafeprensa.com.ar\/index.php\/wp-json\/wp\/v2\/categories?post=18957"},{"taxonomy":"post_tag","embeddable":true,"href":"https:\/\/cafeprensa.com.ar\/index.php\/wp-json\/wp\/v2\/tags?post=18957"}],"curies":[{"name":"wp","href":"https:\/\/api.w.org\/{rel}","templated":true}]}}