{"id":18960,"date":"2026-09-02T10:14:03","date_gmt":"2026-09-02T13:14:03","guid":{"rendered":"https:\/\/cafeprensa.com.ar\/?p=18960"},"modified":"2026-09-02T10:14:03","modified_gmt":"2026-09-02T13:14:03","slug":"la-gestion-de-gonzalo-monteros-en-banda-del-rio-sali-no-es-una-administracion-es-una-desgracia","status":"publish","type":"post","link":"https:\/\/cafeprensa.com.ar\/index.php\/2026\/09\/02\/la-gestion-de-gonzalo-monteros-en-banda-del-rio-sali-no-es-una-administracion-es-una-desgracia\/","title":{"rendered":"La gesti\u00f3n de Gonzalo Monteros en Banda del R\u00edo Sal\u00ed: \u201cNo es una administraci\u00f3n, es una desgracia\u201d"},"content":{"rendered":"<div class=\"space-y-3\">\n<div class=\"max-w-4xl\">\n<p class=\"__className_c59aa5 text-lg pt-2\"><strong>El Diputado de La Libertad Avanza cuestion\u00f3 el manejo de los recursos en Banda del R\u00edo Sal\u00ed y vincul\u00f3 la asistencia provincial con el nivel de gasto municipal. \u201cGastan mal, no ordenan nada y despu\u00e9s se endeudan para tapar agujeros\u201d, arremeti\u00f3.<\/strong><\/p>\n<p class=\"__className_c59aa5 text-lg pt-2\"><strong>PUBLICIDAD<img loading=\"lazy\" decoding=\"async\" class=\"alignnone wp-image-18698 size-large\" src=\"https:\/\/cafeprensa.com.ar\/wp-content\/uploads\/2026\/08\/655454451_1351226433708218_7599175584347977023_n-1024x110.jpg\" alt=\"\" width=\"1024\" height=\"110\" srcset=\"https:\/\/cafeprensa.com.ar\/wp-content\/uploads\/2026\/08\/655454451_1351226433708218_7599175584347977023_n-1024x110.jpg 1024w, https:\/\/cafeprensa.com.ar\/wp-content\/uploads\/2026\/08\/655454451_1351226433708218_7599175584347977023_n-300x32.jpg 300w, https:\/\/cafeprensa.com.ar\/wp-content\/uploads\/2026\/08\/655454451_1351226433708218_7599175584347977023_n-768x82.jpg 768w, https:\/\/cafeprensa.com.ar\/wp-content\/uploads\/2026\/08\/655454451_1351226433708218_7599175584347977023_n-1536x164.jpg 1536w, https:\/\/cafeprensa.com.ar\/wp-content\/uploads\/2026\/08\/655454451_1351226433708218_7599175584347977023_n.jpg 2048w\" sizes=\"auto, (max-width: 1024px) 100vw, 1024px\" \/><\/strong>El diputado nacional de La Libertad Avanza (LLA) <strong>Gerardo Huesen<\/strong>\u00a0apunt\u00f3 contra la gesti\u00f3n del intendente de Banda del R\u00edo Sal\u00ed,\u00a0<strong>Gonzalo Monteros<\/strong>, por los fondos otorgados por el Gobierno provincial al municipio para afrontar el pago de salarios. El parlamentario asegur\u00f3 que la asistencia supera los $4.200 millones y cuestion\u00f3 el manejo de los recursos municipales.<\/p>\n<\/div>\n<\/div>\n<div class=\"flex flex-col md:flex-row mt-3 gap-4 relative\">\n<div class=\"grow md:w-[856px] min-w-0 relative\">\n<div class=\"md:flex md:items-start md:justify-between md:gap-8 relative \">\n<div class=\"pb-7 font-thin min-w-0 max-w-full overflow-hidden break-words [&amp;_*]:max-w-full [&amp;_img]:h-auto [&amp;_iframe]:w-full [&amp;_video]:max-w-full [&amp;_table]:block [&amp;_table]:w-full [&amp;_table]:overflow-x-auto [&amp;_pre]:overflow-x-auto [&amp;_pre]:whitespace-pre-wrap [&amp;_figure]:my-6 [&amp;_figure]:mx-auto [&amp;_figure_img]:rounded [&amp;_figure_img]:w-full [&amp;_figure_img]:h-auto [&amp;_figure_img]:object-contain [&amp;_figcaption]:text-sm [&amp;_figcaption]:text-gray-600 [&amp;_figcaption]:italic [&amp;_figcaption]:text-center [&amp;_figcaption]:mt-2 [&amp;_figcaption]:leading-snug\">\n<p class=\"text-lg\">A trav\u00e9s de sus redes sociales, Huesen utiliz\u00f3 como sustento de sus cr\u00edticas el decreto 1809\/3 del Poder Ejecutivo provincial, mediante el cual, seg\u00fan indic\u00f3, el gobierno de\u00a0<strong>Osvaldo Jaldo<\/strong>\u00a0autoriz\u00f3 una asistencia financiera para Banda del R\u00edo Sal\u00ed.<\/p>\n<p class=\"text-lg\"><strong>PUBLICIDAD<\/strong><img loading=\"lazy\" decoding=\"async\" class=\"alignnone wp-image-18706 size-full\" src=\"https:\/\/cafeprensa.com.ar\/wp-content\/uploads\/2026\/08\/Loteo-las-pircas.jpg\" alt=\"\" width=\"970\" height=\"90\" srcset=\"https:\/\/cafeprensa.com.ar\/wp-content\/uploads\/2026\/08\/Loteo-las-pircas.jpg 970w, https:\/\/cafeprensa.com.ar\/wp-content\/uploads\/2026\/08\/Loteo-las-pircas-300x28.jpg 300w, https:\/\/cafeprensa.com.ar\/wp-content\/uploads\/2026\/08\/Loteo-las-pircas-768x71.jpg 768w\" sizes=\"auto, (max-width: 970px) 100vw, 970px\" \/><strong>\u201cM\u00e1s de $4.200 millones de la Provincia para que Banda del R\u00edo Sal\u00ed pueda pagar sueldos municipales. Intendente Monteros: despu\u00e9s de tantos a\u00f1os gobernando, \u00bfesto es gesti\u00f3n? Gastan mal, se endeudan y la cuenta la pagan los vecinos\u201d, escribi\u00f3 el diputado libertario.<\/strong><\/p>\n<p class=\"text-lg\">Huesen acompa\u00f1\u00f3 la publicaci\u00f3n con un video en el que profundiz\u00f3 sus cuestionamientos contra la administraci\u00f3n municipal y busc\u00f3 instalar la discusi\u00f3n sobre la cantidad de empleados y el destino de los recursos de la intendencia.<\/p>\n<p class=\"text-lg\"><strong>PUBLICIDAD<\/strong><img loading=\"lazy\" decoding=\"async\" class=\"alignnone wp-image-18701 size-full\" src=\"https:\/\/cafeprensa.com.ar\/wp-content\/uploads\/2026\/08\/e7vglhmcvfhlxgbkc8gf.gif\" alt=\"\" width=\"970\" height=\"90\" \/><strong>\u201cMir\u00e1 c\u00f3mo gobierna el peronismo kirchnerista en la Municipalidad de Banda de R\u00edo Sal\u00ed. Despu\u00e9s de a\u00f1os manejando el municipio de Banda del R\u00edo Sal\u00ed, \u00bfc\u00f3mo es posible que pidan y reciban m\u00e1s de 4.200 millones de pesos para pagar sueldos estatales? Esto fue autorizado por el gobierno de Osvaldo Jaldo a trav\u00e9s del decreto 1809\/3\u201d, sostuvo.<\/strong><\/p>\n<p class=\"text-lg\">En ese sentido, el dirigente de LLA plante\u00f3 interrogantes sobre la estructura de personal del municipio y cu\u00e1nto del presupuesto queda disponible para atender otras prestaciones. \u201cHabr\u00eda que preguntarle al intendente cu\u00e1ntos empleados tiene el municipio de Banda del R\u00edo Sal\u00ed y cu\u00e1nta plata queda disponible para los servicios b\u00e1sicos\u201d, expres\u00f3.<\/p>\n<p class=\"text-lg\"><strong>PUBLICIDAD<\/strong><img loading=\"lazy\" decoding=\"async\" class=\"alignnone wp-image-18294 size-full\" src=\"https:\/\/cafeprensa.com.ar\/wp-content\/uploads\/2026\/07\/SANTA-ANA-TUCUMAN-1.jpg\" alt=\"\" width=\"780\" height=\"352\" srcset=\"https:\/\/cafeprensa.com.ar\/wp-content\/uploads\/2026\/07\/SANTA-ANA-TUCUMAN-1.jpg 780w, https:\/\/cafeprensa.com.ar\/wp-content\/uploads\/2026\/07\/SANTA-ANA-TUCUMAN-1-300x135.jpg 300w, https:\/\/cafeprensa.com.ar\/wp-content\/uploads\/2026\/07\/SANTA-ANA-TUCUMAN-1-768x347.jpg 768w\" sizes=\"auto, (max-width: 780px) 100vw, 780px\" \/><\/p>\n<blockquote><p><strong>\u201cEsto es un desastre\u201d<\/strong><\/p><\/blockquote>\n<p class=\"text-lg\"><strong>El diputado endureci\u00f3 luego el tono de sus cr\u00edticas contra Monteros y atribuy\u00f3 la necesidad de recurrir a la asistencia provincial a problemas en la administraci\u00f3n de los recursos. \u201cEso no es gesti\u00f3n, se\u00f1or intendente Monteros. Esto es un desastre, gastan mal, no ordenan nada y despu\u00e9s se endeudan para tapar agujeros. Es una verg\u00fcenza\u201d, lanz\u00f3 Huesen.<\/strong><\/p>\n<p class=\"text-lg\">Adem\u00e1s, el parlamentario libertario llev\u00f3 el cuestionamiento al terreno pol\u00edtico y contrapuso el modelo que atribuye al oficialismo provincial con las propuestas de La Libertad Avanza. \u201cLa Banda y el interior tucumano no necesitan m\u00e1s gasto pol\u00edtico, sino m\u00e1s inversi\u00f3n. No necesitan m\u00e1s clientelismo, sino m\u00e1s libertad\u201d, afirm\u00f3.<\/p>\n<p class=\"text-lg\"><strong>Finalmente, Huesen cerr\u00f3 su mensaje con otra dura cr\u00edtica dirigida al jefe municipal: \u201cSe\u00f1or intendente, esto no es una administraci\u00f3n, es una desgracia\u201d.<\/strong><\/p>\n<p class=\"text-lg\"><strong>PUBLICIDAD<img loading=\"lazy\" decoding=\"async\" class=\"alignnone wp-image-18493 size-large\" src=\"https:\/\/cafeprensa.com.ar\/wp-content\/uploads\/2026\/08\/file_000000006cc8820e862d51b9594b78ea-1024x403.png\" alt=\"\" width=\"1024\" height=\"403\" srcset=\"https:\/\/cafeprensa.com.ar\/wp-content\/uploads\/2026\/08\/file_000000006cc8820e862d51b9594b78ea-1024x403.png 1024w, https:\/\/cafeprensa.com.ar\/wp-content\/uploads\/2026\/08\/file_000000006cc8820e862d51b9594b78ea-300x118.png 300w, https:\/\/cafeprensa.com.ar\/wp-content\/uploads\/2026\/08\/file_000000006cc8820e862d51b9594b78ea-768x303.png 768w, https:\/\/cafeprensa.com.ar\/wp-content\/uploads\/2026\/08\/file_000000006cc8820e862d51b9594b78ea-1536x605.png 1536w, https:\/\/cafeprensa.com.ar\/wp-content\/uploads\/2026\/08\/file_000000006cc8820e862d51b9594b78ea.png 1998w\" sizes=\"auto, (max-width: 1024px) 100vw, 1024px\" \/><\/strong><span style=\"font-size: 8pt;\"><strong>FUENTE:https:\/\/tendenciadenoticias.com.ar\/politica\/huesen-apunto-contra-la-gestion-de-monteros-en-banda-del-rio-sali-no-es-una-administracion-es-una-desgracia.<\/strong><\/span><\/p>\n<\/div>\n<\/div>\n<\/div>\n<\/div>\n","protected":false},"excerpt":{"rendered":"<p>El Diputado de La Libertad Avanza cuestion\u00f3 el manejo de los recursos en Banda del R\u00edo Sal\u00ed y vincul\u00f3 la asistencia provincial con el nivel de gasto municipal. \u201cGastan mal, no ordenan nada y despu\u00e9s se endeudan para tapar agujeros\u201d, arremeti\u00f3. PUBLICIDADEl diputado nacional de La Libertad Avanza (LLA) Gerardo Huesen\u00a0apunt\u00f3 contra la gesti\u00f3n del &hellip;<\/p>\n","protected":false},"author":2,"featured_media":18961,"comment_status":"open","ping_status":"open","sticky":false,"template":"","format":"standard","meta":{"footnotes":""},"categories":[34,25],"tags":[1203,3537],"class_list":["post-18960","post","type-post","status-publish","format-standard","has-post-thumbnail","hentry","category-locales","category-politica","tag-diputado-gerardo-huesen","tag-gonzalo-monteros"],"_links":{"self":[{"href":"https:\/\/cafeprensa.com.ar\/index.php\/wp-json\/wp\/v2\/posts\/18960","targetHints":{"allow":["GET"]}}],"collection":[{"href":"https:\/\/cafeprensa.com.ar\/index.php\/wp-json\/wp\/v2\/posts"}],"about":[{"href":"https:\/\/cafeprensa.com.ar\/index.php\/wp-json\/wp\/v2\/types\/post"}],"author":[{"embeddable":true,"href":"https:\/\/cafeprensa.com.ar\/index.php\/wp-json\/wp\/v2\/users\/2"}],"replies":[{"embeddable":true,"href":"https:\/\/cafeprensa.com.ar\/index.php\/wp-json\/wp\/v2\/comments?post=18960"}],"version-history":[{"count":1,"href":"https:\/\/cafeprensa.com.ar\/index.php\/wp-json\/wp\/v2\/posts\/18960\/revisions"}],"predecessor-version":[{"id":18962,"href":"https:\/\/cafeprensa.com.ar\/index.php\/wp-json\/wp\/v2\/posts\/18960\/revisions\/18962"}],"wp:featuredmedia":[{"embeddable":true,"href":"https:\/\/cafeprensa.com.ar\/index.php\/wp-json\/wp\/v2\/media\/18961"}],"wp:attachment":[{"href":"https:\/\/cafeprensa.com.ar\/index.php\/wp-json\/wp\/v2\/media?parent=18960"}],"wp:term":[{"taxonomy":"category","embeddable":true,"href":"https:\/\/cafeprensa.com.ar\/index.php\/wp-json\/wp\/v2\/categories?post=18960"},{"taxonomy":"post_tag","embeddable":true,"href":"https:\/\/cafeprensa.com.ar\/index.php\/wp-json\/wp\/v2\/tags?post=18960"}],"curies":[{"name":"wp","href":"https:\/\/api.w.org\/{rel}","templated":true}]}}