{"id":18963,"date":"2026-09-02T15:30:52","date_gmt":"2026-09-02T18:30:52","guid":{"rendered":"https:\/\/cafeprensa.com.ar\/?p=18963"},"modified":"2026-09-02T15:30:52","modified_gmt":"2026-09-02T18:30:52","slug":"plan-municipal-para-el-transporte-publico-de-pasajeros","status":"publish","type":"post","link":"https:\/\/cafeprensa.com.ar\/index.php\/2026\/09\/02\/plan-municipal-para-el-transporte-publico-de-pasajeros\/","title":{"rendered":"PLAN MUNICIPAL PARA EL TRANSPORTE PUBLICO DE PASAJEROS"},"content":{"rendered":"<p>Se\u00f1ora Intendente San Miguel de Tucum\u00e1n<br \/>\n<strong>Dra. Rossana CHAHLA<\/strong><br \/>\nS U D E S P A C H O.-<\/p>\n<p><strong>De mi mayor consideraci\u00f3n: <\/strong>Impuesto del Proyecto denominado<br \/>\n<strong>\u201cEstrategia de Eficientizaci\u00f3n del Transporte P\u00fablico Urbano de Pasajeros\u201d,<\/strong><br \/>\nimpulsado por vuestra administraci\u00f3n y a t\u00edtulo de colaboraci\u00f3n, respetuosamente digo:<br \/>\n<strong>1) Es cierto que el Servicio de transporte p\u00fablico de pasajeros no es de excelencia, pero si no se considera el contexto se equivocan en el diagn\u00f3stico. La crisis tiene como componentes: quita del subsidio nacional; p\u00e9rdida<\/strong><br \/>\n<strong>del 45% de pasajeros desde la pandemia; Inflaci\u00f3n; aumento indiscriminado de los costos operativos; inestabilidad econ\u00f3mica y financiera del sector; falta de control y fiscalizaci\u00f3n de las aplicaciones de autos y en especial las motos.<\/strong><\/p>\n<p>2) El transporte p\u00fablico de pasajeros reviste la calidad de servicio p\u00fablico no domiciliario, por lo que debe satisfacer las necesidades de car\u00e1cter general en materia de transporte, en igualdad de condiciones para todos los usuarios.<\/p>\n<p><strong>3) Ser\u00eda un grave error dificultar el acceso directo a establecimientos escolares, facultades, hospitales, sanatorios, consultorios e instituciones p\u00fablicas como Subsidio de Salud, PAMI, ANSES etc., por la divisi\u00f3n en 7 anillos.<\/strong><\/p>\n<p>4) Esa divisi\u00f3n en 7 anillos favorecer\u00e1 el uso de LAS APLICACIONES EN DETRIMENTO DEL TRANSPORTE PUBLICO DE PASAJEROS, YA QUE EL USUARIO AL TENER QUE ABORDAR DOS O MAS BONDIS EL COSTO DEL PASAJE SERA<br \/>\nSUPERIOR AL DE LA APLICACION CON LA QUE TENDRA UN VIAJE DE PUNTO A PUNTO, GENERANDO MAYOR PERDIDA DE PASAJEROS AL SECTOR EL TRANSPORTE PUBLICO.<\/p>\n<p><strong>5) LA DIVISI\u00d3N TERRITORIAL EN ANILLOS, TAMPOCO VA A GARANTIZAR UN EFICIENTE E IGUAL DISTRIBUCION DE LA RELACION KM\/PASAJERO, BENEFICIANDO A UNOS Y PERJUDICANDO A OTROS.<\/strong><\/p>\n<p>PROPUESTA:<br \/>\n1) CONVERTIR AL SECTOR EN UNA MEGA UTE O SOCIEDAD ANONIMA CON LAS 14 EMPRESAS ADENTRO, ELIMINANDO LA SUPERPOSICION DE RECORRIDOS, TORNANDO MAS EFICIENTE LA FRECUENCIA HORARIA; SE AMPLIARIAN LOS RECORRIDOS A LAS ZONAS NO CUBIERTAS Y SE PODRIAN FUCIONAR TALLERES Y COMPRAS DE INSUMOS.<\/p>\n<p>2) 10 A\u00d1OS DE INCENTIVOS FISCALES.<\/p>\n<p><strong>3) CREAR UN FONDO FIDUCIARIO POR 10 A\u00d1OS PARA FINANCIAR LA RECONVERSI\u00d3N DEL TRANSPORTE DE PASAJEROS.<\/strong><\/p>\n<p>4) IMPLEMENTAR SERVICIOS DIFERENCIALES DE PUNTO A PUNTO CON POCAS PARADAS.<\/p>\n<p><strong>5) RECONVERTIR EN UNA PRIMERA ETAPA EL SISTEMA DE COMBUSTION PASANDO DE GAS OIL A BIODIESEL; EN UNA SEGUNDA ETAPA PASAR AL GAS CON LA PARTICIPACION DEL ESTADO.<\/strong><\/p>\n<p>6) REGULARIZACION Y CONTROL DE LAS APLICACIONES, donde los conductores POSEAN Licencia de Conducir Profesional, DE TAL MODO QUE TODOS SEAN MAYORES DE 21 A\u00d1OS.<\/p>\n<p><strong>7) LICENCIA DE CONDUCIR PROFESIONAL PARA LOS CONDUCTORES DE APLICACIONES EN MOTO YA QUE<\/strong><br \/>\n<strong>TRANSPORTAN PASAJEROS.<\/strong><\/p>\n<p>8) En el caso particular de la Licencia de Conducir Profesional para CONDUCTOR DE MOTO-APLICACI\u00d3N QUE ESTA TRANSPORTANDO PASAJEROS, la ley 24.449, en su Art. 2\u00b0, prev\u00e9 que: \u201cLa autoridad local correspondiente podr\u00e1 disponer por v\u00eda de excepci\u00f3n, exigencias distintas a las de esta ley y su reglamentaci\u00f3n, cuando as\u00ed lo impongan fundadamente espec\u00edficas circunstancias locales\u201d. De este modo tambi\u00e9n el conductor de MOTO APLICACI\u00d3N deber\u00e1 tener m\u00ednimo 21 a\u00f1os.<\/p>\n<p><strong>9) Que las empresas digitales sean solidariamente responsables con los prestadores del servicio; que tributen todos los impuestos y tasas locales; que est\u00e9n inscriptas en la Secretar\u00eda de Movilidad Urbana;<\/strong><br \/>\n<strong>que est\u00e9n inscriptas en el ARCA Y que tengan seguro de transportado.<\/strong><\/p>\n<p>Sin otro particular, me despido de Ud. reiterando mis saludos de distinguida consideraci\u00f3n <strong>Enrique ROMERO: Ex Director Gral de Transporte de la Provincia \u2013 Ex Director Gral de Transporte de Sgo. Del Estero Y Ex Sub Secretario de Tr\u00e1nsito y Transporte de San Miguel de Tucum\u00e1n.<\/strong><\/p>\n<p><strong><a href=\"https:\/\/cafeprensa.com.ar\/wp-content\/uploads\/2026\/09\/PLAN-MUNICIPAL-PARA-EL-TRANSPORTE-PUBLICO-DE-PASAJEROS.docx\">PLAN MUNICIPAL PARA EL TRANSPORTE PUBLICO DE PASAJEROS<\/a><\/strong><\/p>\n","protected":false},"excerpt":{"rendered":"<p>Se\u00f1ora Intendente San Miguel de Tucum\u00e1n Dra. Rossana CHAHLA S U D E S P A C H O.- De mi mayor consideraci\u00f3n: Impuesto del Proyecto denominado \u201cEstrategia de Eficientizaci\u00f3n del Transporte P\u00fablico Urbano de Pasajeros\u201d, impulsado por vuestra administraci\u00f3n y a t\u00edtulo de colaboraci\u00f3n, respetuosamente digo: 1) Es cierto que el Servicio de transporte &hellip;<\/p>\n","protected":false},"author":2,"featured_media":18964,"comment_status":"open","ping_status":"open","sticky":false,"template":"","format":"standard","meta":{"footnotes":""},"categories":[54,34],"tags":[201,429],"class_list":["post-18963","post","type-post","status-publish","format-standard","has-post-thumbnail","hentry","category-interes-ganeral","category-locales","tag-enrique-romero","tag-rossana-chalha"],"_links":{"self":[{"href":"https:\/\/cafeprensa.com.ar\/index.php\/wp-json\/wp\/v2\/posts\/18963","targetHints":{"allow":["GET"]}}],"collection":[{"href":"https:\/\/cafeprensa.com.ar\/index.php\/wp-json\/wp\/v2\/posts"}],"about":[{"href":"https:\/\/cafeprensa.com.ar\/index.php\/wp-json\/wp\/v2\/types\/post"}],"author":[{"embeddable":true,"href":"https:\/\/cafeprensa.com.ar\/index.php\/wp-json\/wp\/v2\/users\/2"}],"replies":[{"embeddable":true,"href":"https:\/\/cafeprensa.com.ar\/index.php\/wp-json\/wp\/v2\/comments?post=18963"}],"version-history":[{"count":1,"href":"https:\/\/cafeprensa.com.ar\/index.php\/wp-json\/wp\/v2\/posts\/18963\/revisions"}],"predecessor-version":[{"id":18966,"href":"https:\/\/cafeprensa.com.ar\/index.php\/wp-json\/wp\/v2\/posts\/18963\/revisions\/18966"}],"wp:featuredmedia":[{"embeddable":true,"href":"https:\/\/cafeprensa.com.ar\/index.php\/wp-json\/wp\/v2\/media\/18964"}],"wp:attachment":[{"href":"https:\/\/cafeprensa.com.ar\/index.php\/wp-json\/wp\/v2\/media?parent=18963"}],"wp:term":[{"taxonomy":"category","embeddable":true,"href":"https:\/\/cafeprensa.com.ar\/index.php\/wp-json\/wp\/v2\/categories?post=18963"},{"taxonomy":"post_tag","embeddable":true,"href":"https:\/\/cafeprensa.com.ar\/index.php\/wp-json\/wp\/v2\/tags?post=18963"}],"curies":[{"name":"wp","href":"https:\/\/api.w.org\/{rel}","templated":true}]}}