{"id":18967,"date":"2026-09-02T15:42:00","date_gmt":"2026-09-02T18:42:00","guid":{"rendered":"https:\/\/cafeprensa.com.ar\/?p=18967"},"modified":"2026-09-02T15:42:00","modified_gmt":"2026-09-02T18:42:00","slug":"julieta-y-rosario-ortega-volvieron-a-tucuman-y-recorrieron-la-humilde-casa-donde-crecio-palito","status":"publish","type":"post","link":"https:\/\/cafeprensa.com.ar\/index.php\/2026\/09\/02\/julieta-y-rosario-ortega-volvieron-a-tucuman-y-recorrieron-la-humilde-casa-donde-crecio-palito\/","title":{"rendered":"Julieta y Rosario Ortega volvieron a Tucum\u00e1n y recorrieron la humilde casa donde creci\u00f3 Palito"},"content":{"rendered":"<div class=\"col-md-12 col-12 col-lg-12 post-content p-lg-2\"><strong>Julieta y Rosario Ortega regresaron a Tucum\u00e1n y protagonizaron un emotivo recorrido por Lules, la ciudad donde transcurrieron los primeros a\u00f1os de vida de su padre, Ram\u00f3n \u201cPalito\u201d Ortega. <\/strong><\/div>\n<div class=\"col-md-12 col-12 col-lg-12 post-content p-lg-2\">Las hermanas visitaron su antigua casa, la estaci\u00f3n de tren y otros sitios estrechamente vinculados con la historia familiar.<br \/>\n<strong>La visita se produjo en el marco de la gira Muchacho que vas cantando, el espect\u00e1culo con el que Palito repasa los grandes \u00e9xitos de su extensa trayectoria. Aprovechando su paso por la provincia, sus hijas recorrieron los escenarios que formaron parte de la infancia del artista y registraron la experiencia en un \u00e1lbum de fotograf\u00edas que Julieta bautiz\u00f3 como \u201cTucu book\u201d.<\/strong><br \/>\nLas im\u00e1genes publicadas en redes sociales mostraron a las hermanas frente a la vivienda donde vivi\u00f3 el cantante, caminando por los andenes de la estaci\u00f3n ferroviaria y disfrutando de distintos paisajes de la zona, entre ellos la Quebrada de Lules.<\/p>\n<p><span style=\"font-size: 14pt;\"><strong><u>Julieta y Rosario Ortega visitaron la casa donde creci\u00f3 Palito<\/u><\/strong><\/span><\/div>\n<div class=\"col-md-12 col-12 col-lg-12 post-content p-lg-2\">\n<div><strong>Uno de los momentos m\u00e1s especiales del viaje ocurri\u00f3 cuando Julieta y Rosario llegaron hasta la humilde vivienda en la que Palito Ortega vivi\u00f3 junto a su familia.<\/strong><\/div>\n<div>\n<img decoding=\"async\" class=\"img-responsive\" src=\"https:\/\/fotos.perfil.com\/\/2026\/09\/01\/900\/0\/julieta-y-rosario-ortega-2316878.jpg\" width=\"700\" \/><\/div>\n<div><strong>La propiedad pertenece actualmente a vecinos del lugar, quienes decidieron conservarla cerrada y pr\u00e1cticamente sin modificaciones. Las hermanas se sentaron en el umbral para tomarse una fotograf\u00eda y tambi\u00e9n compartieron una antigua imagen de su padre posando en el mismo sitio.<\/strong><img decoding=\"async\" class=\"img-responsive\" src=\"https:\/\/pbs.twimg.com\/media\/HROwqy1a0AEM2KP?format=jpg&amp;name=medium\" width=\"700\" \/><\/div>\n<div><strong>Julieta ya hab\u00eda hablado sobre la emoci\u00f3n que sinti\u00f3 al conocer la casa durante una entrevista con Mirtha Legrand.<\/strong><\/div>\n<p><b>\u201cSe me aflojaron las piernas. No s\u00e9 si hab\u00eda vuelto a visitarla. Aparte, est\u00e1 intacta la casa. La compraron unas personas que viven al lado, pero la mantienen cerrada. Fue impresionante\u201d,\u00a0<\/b>record\u00f3 la actriz.<\/p>\n<p>Adem\u00e1s, explic\u00f3 que la vivienda no pertenec\u00eda originalmente a su familia, sino que formaba parte de las propiedades entregadas por el Ingenio Lules a sus trabajadores.<br \/>\n<b><br \/>\n\u201cMi pap\u00e1 trabajaba en el Ingenio Lules y a cada empleado le daban una casa. Esa es la que les toc\u00f3 a ellos\u201d,<\/b>\u00a0cont\u00f3.<br \/>\n<b><u><br \/>\nEl recorrido por los lugares que marcaron la infancia de Palito Ortega<\/u><\/b><\/p>\n<div><b>La visita tambi\u00e9n incluy\u00f3 una parada en la antigua estaci\u00f3n de trenes de Lules,<\/b>\u00a0otro de los espacios que conserva gran parte de su aspecto original. All\u00ed,\u00a0<b>Julieta y Rosario caminaron por los andenes y se fotografiaron en distintos sectores del edificio<\/b>.<\/div>\n<div><img decoding=\"async\" class=\"img-responsive\" src=\"https:\/\/fotos.perfil.com\/\/2026\/09\/01\/900\/0\/julieta-y-rosario-ortega-2316879.jpg\" width=\"700\" \/><\/div>\n<div><strong>Las hermanas tambi\u00e9n recorrieron la Quebrada de Lules, probaron productos de la gastronom\u00eda regional y compartieron un encuentro con vecinos de la zona. Entre las postales difundidas apareci\u00f3 una caja de frutillas, uno de los productos caracter\u00edsticos de la localidad.<\/strong><\/div>\n<div><\/div>\n<div><img decoding=\"async\" class=\"img-responsive\" src=\"https:\/\/fotos.perfil.com\/\/2026\/09\/01\/900\/0\/julieta-y-rosario-ortega-2316882.jpg\" width=\"700\" \/><\/div>\n<div><strong>De esta manera, Julieta y Rosario Ortega reconstruyeron parte de la historia de su padre y mostraron los lugares de Tucum\u00e1n que acompa\u00f1aron los primeros a\u00f1os de quien luego se convertir\u00eda en una de las figuras m\u00e1s importantes de la m\u00fasica popular argentina.<\/strong><\/div>\n<div><strong>PUBLICIDAD<img loading=\"lazy\" decoding=\"async\" class=\"alignnone wp-image-18707 size-full\" src=\"https:\/\/cafeprensa.com.ar\/wp-content\/uploads\/2026\/08\/Screenshot_20260422_105453_WhatsApp-1-1024x589-1.jpg\" alt=\"\" width=\"1024\" height=\"589\" srcset=\"https:\/\/cafeprensa.com.ar\/wp-content\/uploads\/2026\/08\/Screenshot_20260422_105453_WhatsApp-1-1024x589-1.jpg 1024w, https:\/\/cafeprensa.com.ar\/wp-content\/uploads\/2026\/08\/Screenshot_20260422_105453_WhatsApp-1-1024x589-1-300x173.jpg 300w, https:\/\/cafeprensa.com.ar\/wp-content\/uploads\/2026\/08\/Screenshot_20260422_105453_WhatsApp-1-1024x589-1-768x442.jpg 768w\" sizes=\"auto, (max-width: 1024px) 100vw, 1024px\" \/><\/strong><\/div>\n<div><span style=\"font-size: 8pt;\"><strong>FUENTE:https:\/\/www.contextotucuman.com\/nota\/413744\/tucu-book-julieta-y-rosario-ortega-volvieron-a-tucuman-y-recorrieron-la-humilde-casa-donde-crecio-palito.html<\/strong><\/span><\/div>\n<\/div>\n","protected":false},"excerpt":{"rendered":"<p>Julieta y Rosario Ortega regresaron a Tucum\u00e1n y protagonizaron un emotivo recorrido por Lules, la ciudad donde transcurrieron los primeros a\u00f1os de vida de su padre, Ram\u00f3n \u201cPalito\u201d Ortega. Las hermanas visitaron su antigua casa, la estaci\u00f3n de tren y otros sitios estrechamente vinculados con la historia familiar. La visita se produjo en el marco &hellip;<\/p>\n","protected":false},"author":2,"featured_media":18968,"comment_status":"open","ping_status":"open","sticky":false,"template":"","format":"standard","meta":{"footnotes":""},"categories":[54,34],"tags":[2115,3555,3556],"class_list":["post-18967","post","type-post","status-publish","format-standard","has-post-thumbnail","hentry","category-interes-ganeral","category-locales","tag-lules","tag-ortega","tag-palito"],"_links":{"self":[{"href":"https:\/\/cafeprensa.com.ar\/index.php\/wp-json\/wp\/v2\/posts\/18967","targetHints":{"allow":["GET"]}}],"collection":[{"href":"https:\/\/cafeprensa.com.ar\/index.php\/wp-json\/wp\/v2\/posts"}],"about":[{"href":"https:\/\/cafeprensa.com.ar\/index.php\/wp-json\/wp\/v2\/types\/post"}],"author":[{"embeddable":true,"href":"https:\/\/cafeprensa.com.ar\/index.php\/wp-json\/wp\/v2\/users\/2"}],"replies":[{"embeddable":true,"href":"https:\/\/cafeprensa.com.ar\/index.php\/wp-json\/wp\/v2\/comments?post=18967"}],"version-history":[{"count":1,"href":"https:\/\/cafeprensa.com.ar\/index.php\/wp-json\/wp\/v2\/posts\/18967\/revisions"}],"predecessor-version":[{"id":18969,"href":"https:\/\/cafeprensa.com.ar\/index.php\/wp-json\/wp\/v2\/posts\/18967\/revisions\/18969"}],"wp:featuredmedia":[{"embeddable":true,"href":"https:\/\/cafeprensa.com.ar\/index.php\/wp-json\/wp\/v2\/media\/18968"}],"wp:attachment":[{"href":"https:\/\/cafeprensa.com.ar\/index.php\/wp-json\/wp\/v2\/media?parent=18967"}],"wp:term":[{"taxonomy":"category","embeddable":true,"href":"https:\/\/cafeprensa.com.ar\/index.php\/wp-json\/wp\/v2\/categories?post=18967"},{"taxonomy":"post_tag","embeddable":true,"href":"https:\/\/cafeprensa.com.ar\/index.php\/wp-json\/wp\/v2\/tags?post=18967"}],"curies":[{"name":"wp","href":"https:\/\/api.w.org\/{rel}","templated":true}]}}