{"id":18970,"date":"2026-09-03T08:37:39","date_gmt":"2026-09-03T11:37:39","guid":{"rendered":"https:\/\/cafeprensa.com.ar\/?p=18970"},"modified":"2026-09-03T08:55:48","modified_gmt":"2026-09-03T11:55:48","slug":"de-las-talitas-a-colombia","status":"publish","type":"post","link":"https:\/\/cafeprensa.com.ar\/index.php\/2026\/09\/03\/de-las-talitas-a-colombia\/","title":{"rendered":"De Las Talitas a Colombia"},"content":{"rendered":"<div dir=\"auto\">Ayudemos a Pablo y a Maxi a cumplir su sue\u00f1o.<\/div>\n<div dir=\"auto\"><strong>PUBLICIDAD<\/strong><img loading=\"lazy\" decoding=\"async\" class=\"alignnone wp-image-18713 size-full\" src=\"https:\/\/cafeprensa.com.ar\/wp-content\/uploads\/2026\/08\/banner_cesar_gonzalez.jpeg\" alt=\"\" width=\"728\" height=\"90\" srcset=\"https:\/\/cafeprensa.com.ar\/wp-content\/uploads\/2026\/08\/banner_cesar_gonzalez.jpeg 728w, https:\/\/cafeprensa.com.ar\/wp-content\/uploads\/2026\/08\/banner_cesar_gonzalez-300x37.jpeg 300w\" sizes=\"auto, (max-width: 728px) 100vw, 728px\" \/><\/div>\n<div dir=\"auto\"><strong>Desde la *Fundaci\u00f3n Madre Teresa de Calcuta, de Las Talitas*, mantuvimos un nuevo encuentro con Paola y Anal\u00eda, las mam\u00e1s de Maxi y Pablo, dos j\u00f3venes deportistas de Las Talitas que tienen por delante un gran desaf\u00edo<\/strong>.<\/div>\n<div dir=\"auto\">En octubre, ambos formar\u00e1n parte del seleccionado nacional de kickboxing que representar\u00e1 a Tucum\u00e1n y a la Argentina en un campeonato internacional en Cartagena de Indias, Colombia.<\/div>\n<div dir=\"auto\"><strong>PUBLICIDAD<\/strong><img loading=\"lazy\" decoding=\"async\" class=\"alignnone wp-image-18534 size-large\" src=\"https:\/\/cafeprensa.com.ar\/wp-content\/uploads\/2026\/08\/file_00000000aa00720e9be105e0905bddd62-1024x254.jpg\" alt=\"\" width=\"1024\" height=\"254\" srcset=\"https:\/\/cafeprensa.com.ar\/wp-content\/uploads\/2026\/08\/file_00000000aa00720e9be105e0905bddd62-1024x254.jpg 1024w, https:\/\/cafeprensa.com.ar\/wp-content\/uploads\/2026\/08\/file_00000000aa00720e9be105e0905bddd62-300x74.jpg 300w, https:\/\/cafeprensa.com.ar\/wp-content\/uploads\/2026\/08\/file_00000000aa00720e9be105e0905bddd62-768x190.jpg 768w, https:\/\/cafeprensa.com.ar\/wp-content\/uploads\/2026\/08\/file_00000000aa00720e9be105e0905bddd62-1536x380.jpg 1536w, https:\/\/cafeprensa.com.ar\/wp-content\/uploads\/2026\/08\/file_00000000aa00720e9be105e0905bddd62.jpg 1951w\" sizes=\"auto, (max-width: 1024px) 100vw, 1024px\" \/><\/div>\n<div dir=\"auto\">Este viaje implica un gran esfuerzo para sus familias y todav\u00eda quedan gastos por cubrir.<\/div>\n<div dir=\"auto\">Por eso queremos convocar a quienes, desde el \u00e1mbito p\u00fablico o privado, quieran colaborar para que Maxi y Pablo puedan vivir esta experiencia y representar a nuestra provincia y a nuestro pa\u00eds.<\/div>\n<div dir=\"auto\"><strong>PUBLICIDAD<\/strong><img loading=\"lazy\" decoding=\"async\" class=\"alignnone wp-image-17801 size-full\" src=\"https:\/\/cafeprensa.com.ar\/wp-content\/uploads\/2026\/06\/IMG-20260331-WA0033-768x192-1.jpg\" alt=\"\" width=\"768\" height=\"192\" srcset=\"https:\/\/cafeprensa.com.ar\/wp-content\/uploads\/2026\/06\/IMG-20260331-WA0033-768x192-1.jpg 768w, https:\/\/cafeprensa.com.ar\/wp-content\/uploads\/2026\/06\/IMG-20260331-WA0033-768x192-1-300x75.jpg 300w\" sizes=\"auto, (max-width: 768px) 100vw, 768px\" \/><\/div>\n<div dir=\"auto\">Quienes deseen brindar su ayuda pueden comunicarse directamente con sus mam\u00e1s:<\/div>\n<div dir=\"auto\"><strong>*Paola Mansilla: 381 661-1915*\u00a0<\/strong><\/div>\n<div dir=\"auto\"><strong>*Anal\u00eda Duarte: 381 577-3844*<\/strong><\/div>\n<div dir=\"auto\">\n<p>Cada aporte suma. Acompa\u00f1ar a nuestros j\u00f3venes es apoyar el deporte, el esfuerzo y sus ganas de seguir creciendo.<\/p>\n<div style=\"width: 478px;\" class=\"wp-video\"><video class=\"wp-video-shortcode\" id=\"video-18970-1\" width=\"478\" height=\"850\" preload=\"metadata\" controls=\"controls\"><source type=\"video\/mp4\" src=\"https:\/\/cafeprensa.com.ar\/wp-content\/uploads\/2026\/09\/VID-20260903-WA0003.mp4?_=1\" \/><a href=\"https:\/\/cafeprensa.com.ar\/wp-content\/uploads\/2026\/09\/VID-20260903-WA0003.mp4\">https:\/\/cafeprensa.com.ar\/wp-content\/uploads\/2026\/09\/VID-20260903-WA0003.mp4<\/a><\/video><\/div>\n<\/div>\n","protected":false},"excerpt":{"rendered":"<p>Ayudemos a Pablo y a Maxi a cumplir su sue\u00f1o. PUBLICIDAD Desde la *Fundaci\u00f3n Madre Teresa de Calcuta, de Las Talitas*, mantuvimos un nuevo encuentro con Paola y Anal\u00eda, las mam\u00e1s de Maxi y Pablo, dos j\u00f3venes deportistas de Las Talitas que tienen por delante un gran desaf\u00edo. En octubre, ambos formar\u00e1n parte del seleccionado &hellip;<\/p>\n","protected":false},"author":2,"featured_media":18975,"comment_status":"open","ping_status":"open","sticky":false,"template":"","format":"standard","meta":{"footnotes":""},"categories":[29,34],"tags":[3557],"class_list":["post-18970","post","type-post","status-publish","format-standard","has-post-thumbnail","hentry","category-deportes","category-locales","tag-de-las-talitas-a-colombia"],"_links":{"self":[{"href":"https:\/\/cafeprensa.com.ar\/index.php\/wp-json\/wp\/v2\/posts\/18970","targetHints":{"allow":["GET"]}}],"collection":[{"href":"https:\/\/cafeprensa.com.ar\/index.php\/wp-json\/wp\/v2\/posts"}],"about":[{"href":"https:\/\/cafeprensa.com.ar\/index.php\/wp-json\/wp\/v2\/types\/post"}],"author":[{"embeddable":true,"href":"https:\/\/cafeprensa.com.ar\/index.php\/wp-json\/wp\/v2\/users\/2"}],"replies":[{"embeddable":true,"href":"https:\/\/cafeprensa.com.ar\/index.php\/wp-json\/wp\/v2\/comments?post=18970"}],"version-history":[{"count":2,"href":"https:\/\/cafeprensa.com.ar\/index.php\/wp-json\/wp\/v2\/posts\/18970\/revisions"}],"predecessor-version":[{"id":18976,"href":"https:\/\/cafeprensa.com.ar\/index.php\/wp-json\/wp\/v2\/posts\/18970\/revisions\/18976"}],"wp:featuredmedia":[{"embeddable":true,"href":"https:\/\/cafeprensa.com.ar\/index.php\/wp-json\/wp\/v2\/media\/18975"}],"wp:attachment":[{"href":"https:\/\/cafeprensa.com.ar\/index.php\/wp-json\/wp\/v2\/media?parent=18970"}],"wp:term":[{"taxonomy":"category","embeddable":true,"href":"https:\/\/cafeprensa.com.ar\/index.php\/wp-json\/wp\/v2\/categories?post=18970"},{"taxonomy":"post_tag","embeddable":true,"href":"https:\/\/cafeprensa.com.ar\/index.php\/wp-json\/wp\/v2\/tags?post=18970"}],"curies":[{"name":"wp","href":"https:\/\/api.w.org\/{rel}","templated":true}]}}