{"id":18977,"date":"2026-09-03T11:28:02","date_gmt":"2026-09-03T14:28:02","guid":{"rendered":"https:\/\/cafeprensa.com.ar\/?p=18977"},"modified":"2026-09-03T11:28:02","modified_gmt":"2026-09-03T14:28:02","slug":"tucuman-quedo-segunda-en-el-ranking-nacional-de-presos-alojados-en-comisarias","status":"publish","type":"post","link":"https:\/\/cafeprensa.com.ar\/index.php\/2026\/09\/03\/tucuman-quedo-segunda-en-el-ranking-nacional-de-presos-alojados-en-comisarias\/","title":{"rendered":"Tucum\u00e1n qued\u00f3 segunda en el ranking nacional de presos alojados en comisar\u00edas"},"content":{"rendered":"<div id=\"tdi_62\" class=\"tdc-row stretch_row_1200 td-stretch-content\">\n<div class=\"vc_row tdi_63 wpb_row td-pb-row\">\n<div class=\"vc_column tdi_65 wpb_column vc_column_container tdc-column td-pb-span12\">\n<div class=\"wpb_wrapper\">\n<div class=\"td_block_wrap tdb_title tdi_68 tdb-single-title td-pb-border-top td_block_template_1\" data-td-block-uid=\"tdi_68\">\n<div class=\"tdb-block-inner td-fix-index\">\n<div>Casi la mitad de las personas privadas de la libertad en la provincia permanece en dependencias policiales.<\/div>\n<div><\/div>\n<div><strong>Un informe del INECIP revel\u00f3 que Tucum\u00e1n registra una de las tasas m\u00e1s altas del pa\u00eds y que la permanencia promedio supera el a\u00f1o. La Comisi\u00f3n Provincial de Prevenci\u00f3n de la Tortura advirti\u00f3 por el hacinamiento.<\/strong><\/div>\n<div><strong>PUBLICIDAD<img loading=\"lazy\" decoding=\"async\" class=\"alignnone wp-image-18717 size-full\" src=\"https:\/\/cafeprensa.com.ar\/wp-content\/uploads\/2026\/08\/sat.jpg\" alt=\"\" width=\"728\" height=\"90\" srcset=\"https:\/\/cafeprensa.com.ar\/wp-content\/uploads\/2026\/08\/sat.jpg 728w, https:\/\/cafeprensa.com.ar\/wp-content\/uploads\/2026\/08\/sat-300x37.jpg 300w\" sizes=\"auto, (max-width: 728px) 100vw, 728px\" \/><\/strong><\/div>\n<\/div>\n<\/div>\n<\/div>\n<\/div>\n<\/div>\n<\/div>\n<div id=\"tdi_70\" class=\"tdc-row stretch_row_1200 td-stretch-content\">\n<div class=\"vc_row tdi_71 wpb_row td-pb-row\">\n<div class=\"vc_column tdi_73 wpb_column vc_column_container tdc-column td-pb-span8\">\n<div class=\"wpb_wrapper\">\n<div class=\"td_block_wrap tdb_single_bg_featured_image tdi_74 tdb-content-horiz-left td-pb-border-top td_block_template_1\" data-td-block-uid=\"tdi_74\">\n<div class=\"tdb-featured-image-bg\">La situaci\u00f3n carcelaria de Tucum\u00e1n volvi\u00f3 a quedar bajo la lupa. <strong>El 49,2% de las personas privadas de la libertad en la provincia est\u00e1 alojado en comisar\u00edas<\/strong>, seg\u00fan un informe del Instituto de Estudios Comparados en Ciencias Penales y Sociales (INECIP).<img loading=\"lazy\" decoding=\"async\" class=\"alignnone wp-image-18979 size-full\" src=\"https:\/\/cafeprensa.com.ar\/wp-content\/uploads\/2026\/09\/WhatsApp-Image-2024-07-30-at-12.31.48-1024x683-1.jpg\" alt=\"\" width=\"1024\" height=\"683\" srcset=\"https:\/\/cafeprensa.com.ar\/wp-content\/uploads\/2026\/09\/WhatsApp-Image-2024-07-30-at-12.31.48-1024x683-1.jpg 1024w, https:\/\/cafeprensa.com.ar\/wp-content\/uploads\/2026\/09\/WhatsApp-Image-2024-07-30-at-12.31.48-1024x683-1-300x200.jpg 300w, https:\/\/cafeprensa.com.ar\/wp-content\/uploads\/2026\/09\/WhatsApp-Image-2024-07-30-at-12.31.48-1024x683-1-768x512.jpg 768w\" sizes=\"auto, (max-width: 1024px) 100vw, 1024px\" \/><\/div>\n<\/div>\n<div class=\"td_block_wrap tdb_single_content tdi_75 td-pb-border-top td_block_template_1 td-post-content tagdiv-type\" data-td-block-uid=\"tdi_75\">\n<div class=\"tdb-block-inner td-fix-index\">\n<p class=\"isSelectedEnd\">El dato ubica a Tucum\u00e1n en el\u00a0<strong>segundo puesto del ranking nacional de encierro en dependencias policiales<\/strong>. La estad\u00edstica corresponde a diciembre de 2024 y expone el peso que tienen las comisar\u00edas dentro del sistema de detenci\u00f3n provincial.<\/p>\n<p class=\"isSelectedEnd\">De acuerdo con el relevamiento, Tucum\u00e1n ten\u00eda entonces\u00a0<strong>3.431 personas detenidas<\/strong>. De ese total,\u00a0<strong>1.689 permanec\u00edan en comisar\u00edas<\/strong>. El problema no se limita a la cantidad de personas alojadas en esos espacios: el tiempo de permanencia tambi\u00e9n aparece como un dato cr\u00edtico.<\/p>\n<p class=\"isSelectedEnd\">El promedio alcanz\u00f3 los\u00a0<strong>448 d\u00edas<\/strong>, una cifra que supera de manera considerable la media registrada a nivel nacional.<\/p>\n<p class=\"isSelectedEnd\"><strong>PUBLICIDAD<img loading=\"lazy\" decoding=\"async\" class=\"alignnone wp-image-18615 \" src=\"https:\/\/cafeprensa.com.ar\/wp-content\/uploads\/2026\/08\/728x90-6.gif\" alt=\"\" width=\"793\" height=\"99\" \/><\/strong><strong>Desde el INECIP plantearon que la soluci\u00f3n requiere l\u00edmites claros para las condiciones de detenci\u00f3n y apuntaron directamente al Poder Judicial. \u201cUn requisito fundamental para construir soluciones perdurables a este problema es que existan l\u00edmites infranqueables en materia de condiciones de detenci\u00f3n. Garantizar esos l\u00edmites al poder estatal es el rol esencial de los jueces penales\u201d, sostuvo el instituto.<\/strong><\/p>\n<p class=\"isSelectedEnd\">La advertencia tambi\u00e9n surgi\u00f3 desde la Comisi\u00f3n Provincial de Prevenci\u00f3n de la Tortura.\u00a0<strong>Fernando Korstanje<\/strong>, integrante del organismo, describi\u00f3 un escenario cr\u00edtico dentro de las dependencias policiales. <strong>\u201cEs bastante evidente que las comisar\u00edas siguen absolutamente abarrotadas\u201d,<\/strong> afirm\u00f3.<\/p>\n<h2>La c\u00e1rcel de Benjam\u00edn Paz no alcanza<\/h2>\n<p class=\"isSelectedEnd\">La construcci\u00f3n de la c\u00e1rcel de Benjam\u00edn Paz representa una de las principales apuestas del gobierno de\u00a0<strong>Osvaldo Jaldo<\/strong>\u00a0en materia de seguridad. El establecimiento comenz\u00f3 a recibir personas privadas de la libertad hacia fines de 2024 y fue presentado como una respuesta frente a la falta de capacidad del sistema.<\/p>\n<p class=\"isSelectedEnd\"><strong>Sin embargo, para la Comisi\u00f3n Provincial de Prevenci\u00f3n de la Tortura, la nueva unidad no resuelve por s\u00ed sola el problema.<\/strong><\/p>\n<p class=\"isSelectedEnd\">Korstanje sostuvo que una proyecci\u00f3n del organismo ya advert\u00eda que\u00a0<strong>el hacinamiento volver\u00eda a afectar al sistema carcelario provincial a mediados de 2025<\/strong>. El motivo principal estar\u00eda en la diferencia entre el ingreso de nuevos condenados y las personas que recuperan su libertad.<\/p>\n<p class=\"isSelectedEnd\"><strong>PUBLICIDAD<\/strong><img loading=\"lazy\" decoding=\"async\" class=\"alignnone wp-image-18461 size-large\" src=\"https:\/\/cafeprensa.com.ar\/wp-content\/uploads\/2026\/08\/Screenshot_20260617_111408_Gallery-1024x277.jpg\" alt=\"\" width=\"1024\" height=\"277\" srcset=\"https:\/\/cafeprensa.com.ar\/wp-content\/uploads\/2026\/08\/Screenshot_20260617_111408_Gallery-1024x277.jpg 1024w, https:\/\/cafeprensa.com.ar\/wp-content\/uploads\/2026\/08\/Screenshot_20260617_111408_Gallery-300x81.jpg 300w, https:\/\/cafeprensa.com.ar\/wp-content\/uploads\/2026\/08\/Screenshot_20260617_111408_Gallery-768x208.jpg 768w, https:\/\/cafeprensa.com.ar\/wp-content\/uploads\/2026\/08\/Screenshot_20260617_111408_Gallery-1536x415.jpg 1536w, https:\/\/cafeprensa.com.ar\/wp-content\/uploads\/2026\/08\/Screenshot_20260617_111408_Gallery-2048x554.jpg 2048w\" sizes=\"auto, (max-width: 1024px) 100vw, 1024px\" \/><strong>\u201cSe condenan seis personas por d\u00eda. Una persona por d\u00eda recupera la libertad por cumplimiento de condena. A este ritmo, hacen falta cinco cupos diarios. No hay c\u00e1rcel que aguante. Ah\u00ed est\u00e1 el principal cuello de botella\u201d, explic\u00f3.<\/strong><\/p>\n<p class=\"isSelectedEnd\">El diagn\u00f3stico plantea un problema que va m\u00e1s all\u00e1 de la construcci\u00f3n de nuevos establecimientos.\u00a0<strong>La capacidad disponible no crece al mismo ritmo que la cantidad de personas que ingresan al sistema penitenciario.<\/strong><\/p>\n<h2>Traslados que no terminan con el hacinamiento<\/h2>\n<p class=\"isSelectedEnd\"><strong>La Comisi\u00f3n tambi\u00e9n cuestion\u00f3 el modo en que el Gobierno provincial exhibe los traslados de detenidos desde las comisar\u00edas hacia Benjam\u00edn Paz. Seg\u00fan Korstanje, las im\u00e1genes de los operativos pueden generar la impresi\u00f3n de que las dependencias policiales quedan liberadas de presos. Para el organismo, esa percepci\u00f3n no coincide con la realidad.<\/strong><\/p>\n<p class=\"isSelectedEnd\">\u201cTodos los d\u00edas vemos traslados de las comisar\u00edas hacia Benjam\u00edn Paz, como si quedaran vac\u00edas. Pero eso no es verdad, se vuelven a llenar. Es un enga\u00f1o, una sobreactuaci\u00f3n\u201d, afirm\u00f3.El integrante de la Comisi\u00f3n tambi\u00e9n cuestion\u00f3 las condiciones de detenci\u00f3n y sostuvo que existe una exposici\u00f3n propagand\u00edstica que, a su criterio, muestra una \u201ctortura expl\u00edcita\u201d.<\/p>\n<p class=\"isSelectedEnd\">El INECIP incorpor\u00f3 una advertencia similar en su informe. El organismo record\u00f3 que\u00a0<strong>el Comit\u00e9 contra la Tortura de la Organizaci\u00f3n de las Naciones Unidas consider\u00f3 la detenci\u00f3n prolongada en comisar\u00edas y alcaid\u00edas policiales como una violaci\u00f3n de los compromisos internacionales para prevenir la tortura<\/strong>.<\/p>\n<p><strong>El informe cerr\u00f3 con una definici\u00f3n dirigida a quienes tienen responsabilidad sobre las condiciones de encierro. \u201cEste mensaje tiene un claro destinatario: el Poder Judicial\u201d, concluy\u00f3 el INECIP.<\/strong><\/p>\n<p><strong>PUBLICIDAD<img loading=\"lazy\" decoding=\"async\" class=\"alignnone wp-image-18707 size-full\" src=\"https:\/\/cafeprensa.com.ar\/wp-content\/uploads\/2026\/08\/Screenshot_20260422_105453_WhatsApp-1-1024x589-1.jpg\" alt=\"\" width=\"1024\" height=\"589\" srcset=\"https:\/\/cafeprensa.com.ar\/wp-content\/uploads\/2026\/08\/Screenshot_20260422_105453_WhatsApp-1-1024x589-1.jpg 1024w, https:\/\/cafeprensa.com.ar\/wp-content\/uploads\/2026\/08\/Screenshot_20260422_105453_WhatsApp-1-1024x589-1-300x173.jpg 300w, https:\/\/cafeprensa.com.ar\/wp-content\/uploads\/2026\/08\/Screenshot_20260422_105453_WhatsApp-1-1024x589-1-768x442.jpg 768w\" sizes=\"auto, (max-width: 1024px) 100vw, 1024px\" \/><\/strong><span style=\"font-size: 8pt;\"><strong>FUENTE:https:\/\/elfederalista.com\/2026\/09\/03\/tucuman-quedo-segunda-en-el-ranking-nacional-de-presos-alojados-en-comisarias\/<\/strong><\/span><\/p>\n<\/div>\n<\/div>\n<\/div>\n<\/div>\n<\/div>\n<\/div>\n","protected":false},"excerpt":{"rendered":"<p>Casi la mitad de las personas privadas de la libertad en la provincia permanece en dependencias policiales. Un informe del INECIP revel\u00f3 que Tucum\u00e1n registra una de las tasas m\u00e1s altas del pa\u00eds y que la permanencia promedio supera el a\u00f1o. La Comisi\u00f3n Provincial de Prevenci\u00f3n de la Tortura advirti\u00f3 por el hacinamiento. PUBLICIDAD La &hellip;<\/p>\n","protected":false},"author":2,"featured_media":18979,"comment_status":"open","ping_status":"open","sticky":false,"template":"","format":"standard","meta":{"footnotes":""},"categories":[47,34],"tags":[],"class_list":["post-18977","post","type-post","status-publish","format-standard","has-post-thumbnail","hentry","category-justicia","category-locales"],"_links":{"self":[{"href":"https:\/\/cafeprensa.com.ar\/index.php\/wp-json\/wp\/v2\/posts\/18977","targetHints":{"allow":["GET"]}}],"collection":[{"href":"https:\/\/cafeprensa.com.ar\/index.php\/wp-json\/wp\/v2\/posts"}],"about":[{"href":"https:\/\/cafeprensa.com.ar\/index.php\/wp-json\/wp\/v2\/types\/post"}],"author":[{"embeddable":true,"href":"https:\/\/cafeprensa.com.ar\/index.php\/wp-json\/wp\/v2\/users\/2"}],"replies":[{"embeddable":true,"href":"https:\/\/cafeprensa.com.ar\/index.php\/wp-json\/wp\/v2\/comments?post=18977"}],"version-history":[{"count":1,"href":"https:\/\/cafeprensa.com.ar\/index.php\/wp-json\/wp\/v2\/posts\/18977\/revisions"}],"predecessor-version":[{"id":18982,"href":"https:\/\/cafeprensa.com.ar\/index.php\/wp-json\/wp\/v2\/posts\/18977\/revisions\/18982"}],"wp:featuredmedia":[{"embeddable":true,"href":"https:\/\/cafeprensa.com.ar\/index.php\/wp-json\/wp\/v2\/media\/18979"}],"wp:attachment":[{"href":"https:\/\/cafeprensa.com.ar\/index.php\/wp-json\/wp\/v2\/media?parent=18977"}],"wp:term":[{"taxonomy":"category","embeddable":true,"href":"https:\/\/cafeprensa.com.ar\/index.php\/wp-json\/wp\/v2\/categories?post=18977"},{"taxonomy":"post_tag","embeddable":true,"href":"https:\/\/cafeprensa.com.ar\/index.php\/wp-json\/wp\/v2\/tags?post=18977"}],"curies":[{"name":"wp","href":"https:\/\/api.w.org\/{rel}","templated":true}]}}