{"id":18984,"date":"2026-09-05T13:02:16","date_gmt":"2026-09-05T16:02:16","guid":{"rendered":"https:\/\/cafeprensa.com.ar\/?p=18984"},"modified":"2026-09-05T13:02:16","modified_gmt":"2026-09-05T16:02:16","slug":"barrionuevo-saben-que-soy-un-dirigente-muy-presente-en-las-empresas-nunca-sere-un-dirigente-de-escritorio","status":"publish","type":"post","link":"https:\/\/cafeprensa.com.ar\/index.php\/2026\/09\/05\/barrionuevo-saben-que-soy-un-dirigente-muy-presente-en-las-empresas-nunca-sere-un-dirigente-de-escritorio\/","title":{"rendered":"Barrionuevo: \u00abSaben que soy un dirigente muy presente en las empresas, nunca ser\u00e9 un dirigente de escritorio\u00bb"},"content":{"rendered":"<p><strong>Luis Eduardo Barrionuevo<\/strong>, candidato a secretario general del Sindicato de Camioneros por la Lista Verde, dialog\u00f3 con Caf\u00e9 Prensa sobre las pr\u00f3ximas elecciones del gremio. Adem\u00e1s, detall\u00f3 las principales propuestas de su espacio y analiz\u00f3 la situaci\u00f3n de los trabajadores frente al actual contexto econ\u00f3mico y los cambios registrados en el sector del transporte.<\/p>\n<h3>Elecciones en Camioneros<\/h3>\n<p>Barrionuevo se\u00f1al\u00f3 que actualmente compiten cinco listas y explic\u00f3 que los comicios se desarrollar\u00e1n durante dos jornadas debido a las caracter\u00edsticas de la actividad. \u00abLas elecciones son el 17 y 18 de octubre porque tenemos la particularidad de que muchos de nuestros trabajadores realizan viajes de larga distancia\u00bb, indic\u00f3.<\/p>\n<p>En ese sentido, remarc\u00f3 que se tomaron los recaudos necesarios para garantizar el normal desarrollo del proceso electoral. \u00abSeg\u00fan la ley, esto es una jornada y tomamos la precauci\u00f3n de mantener todo dentro del marco legal para evitar la judicializaci\u00f3n y lograr la representaci\u00f3n correspondiente de los trabajadores\u00bb, explic\u00f3.<\/p>\n<p>Para los comicios estar\u00e1n habilitados cuatro lugares de votaci\u00f3n: la sede del sindicato, ubicada en Catamarca 841; la delegaci\u00f3n de Concepci\u00f3n; la sede de Transporte 9 de Julio; y la correspondiente a Transporte La Sevillanita.<\/p>\n<p>Seg\u00fan detall\u00f3 Barrionuevo, el gremio cuenta con aproximadamente 6.000 afiliados. Sobre la conformaci\u00f3n de la Lista Verde, destac\u00f3 que combina dirigentes con trayectoria y representantes de nuevas generaciones. \u00abHace 12 a\u00f1os que estoy en la Secretar\u00eda Gremial y varios compa\u00f1eros vienen acompa\u00f1\u00e1ndome. Tenemos un mix entre compa\u00f1eros con experiencia y j\u00f3venes que son importantes para el proyecto, adem\u00e1s de una participaci\u00f3n activa de mujeres en la lista\u00bb, se\u00f1al\u00f3.<\/p>\n<h3>La situaci\u00f3n econ\u00f3mica y el poder adquisitivo<\/h3>\n<p>Al referirse a las principales preocupaciones de su espacio, Barrionuevo puso el foco en la retracci\u00f3n de la actividad y en la situaci\u00f3n salarial. Consider\u00f3 que actualmente existe \u00abpoca actividad econ\u00f3mica\u00bb y advirti\u00f3 sobre \u00abla ca\u00edda del poder de compra del salario a un nivel alarmante\u00bb.<\/p>\n<p>Frente a este escenario, explic\u00f3 que uno de los objetivos de su propuesta es fortalecer el acompa\u00f1amiento a los trabajadores y avanzar en medidas que permitan mejorar su calidad de vida y la de sus familias.<\/p>\n<p>Tambi\u00e9n destac\u00f3 la incorporaci\u00f3n de las mujeres dentro de la actividad. \u00abTenemos la inclusi\u00f3n de la parte femenina gracias a nuestro dirigente Hugo Moyano. Tienen los mismos derechos que todos los trabajadores y el mismo salario\u00bb, sostuvo.<\/p>\n<h3>Una Secretar\u00eda de la Juventud<\/h3>\n<p>Entre sus propuestas, Barrionuevo adelant\u00f3 que pretende impulsar una modificaci\u00f3n del estatuto para crear una Secretar\u00eda de la Juventud y otorgar mayor participaci\u00f3n a los trabajadores m\u00e1s j\u00f3venes. \u00abNuestro gremio es muy amplio. Una de mis propuestas es generar la Secretar\u00eda de la Juventud e incluir a los trabajadores m\u00e1s j\u00f3venes, que tienen otras metas y proyectos para llevar adelante\u00bb, explic\u00f3.<\/p>\n<p>El dirigente consider\u00f3 que la renovaci\u00f3n generacional debe complementarse con la experiencia acumulada dentro de la organizaci\u00f3n. \u00abTengo 30 a\u00f1os de gremio y considero que hay que incorporar a los j\u00f3venes a la lucha sindical. Su integraci\u00f3n es clave, sobre todo en un gremio que abarca alrededor de 30 ramas de trabajo\u00bb, remarc\u00f3.<\/p>\n<h3>La salida de C\u00e9sar Torres<\/h3>\n<p>Durante la entrevista, Barrionuevo tambi\u00e9n se refiri\u00f3 a la salida de C\u00e9sar Torres de la conducci\u00f3n de Camioneros y explic\u00f3 que el proceso se desarroll\u00f3 mediante los mecanismos internos establecidos por el estatuto.<\/p>\n<p>\u00abFue apartado mediante reuniones realizadas de acuerdo con nuestro estatuto para tratar cuestiones que no estaban claras. A trav\u00e9s de una carta documento, en 2024, fue notificado por la Comisi\u00f3n Directiva y el 31 de mayo se sent\u00f3 a hablar conmigo\u00bb, relat\u00f3.<\/p>\n<p>Seg\u00fan Barrionuevo, posteriormente Torres present\u00f3 una nota en la que solicit\u00f3 una licencia de su cargo en el sindicato. Adem\u00e1s, indic\u00f3 que \u00abrenunci\u00f3 a su cargo en la mutual y al que ten\u00eda en la Secretar\u00eda de Prensa\u00bb.<\/p>\n<h3>Desregulaci\u00f3n y cambios en el transporte<\/h3>\n<p>Al analizar las condiciones laborales del sector, Barrionuevo reconoci\u00f3 que pueden existir empresas que no cumplan correctamente con las escalas salariales, principalmente en aquellos establecimientos con pocos empleados y sin delegados internos.<\/p>\n<p>\u00abDebe haber alguna empresa que no paga como corresponde, algo que puede ocurrir cuando no hay delegados internos que observen la situaci\u00f3n. Pero si se adecuaran a nuestro convenio, los trabajadores cobrar\u00edan una remuneraci\u00f3n acorde, que es una de las mejores del rubro\u00bb, afirm\u00f3.<\/p>\n<p>Asimismo, cuestion\u00f3 el impacto de la desregulaci\u00f3n del transporte sobre determinadas actividades. \u00abNos gener\u00f3 problemas porque hay actividades vinculadas al transporte de larga distancia y esto perjudic\u00f3 a varios trabajadores. Ha permitido que las empresas que contienen a nuestros trabajadores se vean vulneradas\u00bb, sostuvo.<\/p>\n<p>En cuanto a los cambios producidos por nuevas modalidades de comercializaci\u00f3n y distribuci\u00f3n, mencion\u00f3 particularmente a Mercado Libre. \u00abTuvimos que adecuarnos a una manera diferente de hacer log\u00edstica\u00bb, explic\u00f3, aunque aclar\u00f3 que estas transformaciones se producen en medio de \u00abuna recesi\u00f3n econ\u00f3mica que atraviesa a todas las actividades\u00bb.<\/p>\n<h3>Paritarias y salarios<\/h3>\n<p>Barrionuevo se\u00f1al\u00f3 que el escenario econ\u00f3mico tambi\u00e9n modific\u00f3 la frecuencia de las negociaciones salariales. Seg\u00fan explic\u00f3, el gremio pas\u00f3 de realizar una paritaria anual a negociar cada tres meses.\u00bbLa situaci\u00f3n econ\u00f3mica del pa\u00eds nos obliga a hacerlo. La pr\u00f3xima ser\u00e1 en septiembre y el primer problema es que la Secretar\u00eda de Trabajo no nos homologa los convenios\u00bb, manifest\u00f3.<\/p>\n<p>En ese sentido, cuestion\u00f3 los par\u00e1metros utilizados para las negociaciones y advirti\u00f3 que las dificultades para homologar los acuerdos terminan repercutiendo sobre los ingresos de los trabajadores.<\/p>\n<h3>El mensaje a los afiliados<\/h3>\n<p>Finalmente, Barrionuevo dirigi\u00f3 un mensaje a los trabajadores de cara a las elecciones y asegur\u00f3 que, en caso de llegar a la conducci\u00f3n, buscar\u00e1 mantener una presencia activa en los lugares de trabajo. \u00abMe conocen desde hace varios a\u00f1os y saben que soy un dirigente muy presente en las empresas. No ser\u00e9 un dirigente de escritorio\u00bb, afirm\u00f3.<\/p>\n<p>Entre sus prioridades, mencion\u00f3 el fortalecimiento de las prestaciones para los afiliados y una mayor participaci\u00f3n de las nuevas generaciones. \u00abVoy a jerarquizar la obra social y, sobre todo, dejar espacio a los j\u00f3venes. Con toda la experiencia que tenemos, todas las actividades estar\u00e1n contempladas y los trabajadores ser\u00e1n acompa\u00f1ados como corresponde\u00bb, concluy\u00f3.<\/p>\n","protected":false},"excerpt":{"rendered":"<p>Luis Eduardo Barrionuevo, candidato a secretario general del Sindicato de Camioneros por la Lista Verde, dialog\u00f3 con Caf\u00e9 Prensa sobre las pr\u00f3ximas elecciones del gremio. Adem\u00e1s, detall\u00f3 las principales propuestas de su espacio y analiz\u00f3 la situaci\u00f3n de los trabajadores frente al actual contexto econ\u00f3mico y los cambios registrados en el sector del transporte. Elecciones &hellip;<\/p>\n","protected":false},"author":2,"featured_media":18997,"comment_status":"open","ping_status":"open","sticky":false,"template":"","format":"standard","meta":{"footnotes":""},"categories":[34],"tags":[3559,3558,3560,160],"class_list":["post-18984","post","type-post","status-publish","format-standard","has-post-thumbnail","hentry","category-locales","tag-elecciones-en-camioneros","tag-luis-eduardo-barrionuevo","tag-sindicato-de-camioneros","tag-tucuman"],"_links":{"self":[{"href":"https:\/\/cafeprensa.com.ar\/index.php\/wp-json\/wp\/v2\/posts\/18984","targetHints":{"allow":["GET"]}}],"collection":[{"href":"https:\/\/cafeprensa.com.ar\/index.php\/wp-json\/wp\/v2\/posts"}],"about":[{"href":"https:\/\/cafeprensa.com.ar\/index.php\/wp-json\/wp\/v2\/types\/post"}],"author":[{"embeddable":true,"href":"https:\/\/cafeprensa.com.ar\/index.php\/wp-json\/wp\/v2\/users\/2"}],"replies":[{"embeddable":true,"href":"https:\/\/cafeprensa.com.ar\/index.php\/wp-json\/wp\/v2\/comments?post=18984"}],"version-history":[{"count":3,"href":"https:\/\/cafeprensa.com.ar\/index.php\/wp-json\/wp\/v2\/posts\/18984\/revisions"}],"predecessor-version":[{"id":18999,"href":"https:\/\/cafeprensa.com.ar\/index.php\/wp-json\/wp\/v2\/posts\/18984\/revisions\/18999"}],"wp:featuredmedia":[{"embeddable":true,"href":"https:\/\/cafeprensa.com.ar\/index.php\/wp-json\/wp\/v2\/media\/18997"}],"wp:attachment":[{"href":"https:\/\/cafeprensa.com.ar\/index.php\/wp-json\/wp\/v2\/media?parent=18984"}],"wp:term":[{"taxonomy":"category","embeddable":true,"href":"https:\/\/cafeprensa.com.ar\/index.php\/wp-json\/wp\/v2\/categories?post=18984"},{"taxonomy":"post_tag","embeddable":true,"href":"https:\/\/cafeprensa.com.ar\/index.php\/wp-json\/wp\/v2\/tags?post=18984"}],"curies":[{"name":"wp","href":"https:\/\/api.w.org\/{rel}","templated":true}]}}