{"id":18986,"date":"2026-09-05T11:51:46","date_gmt":"2026-09-05T14:51:46","guid":{"rendered":"https:\/\/cafeprensa.com.ar\/?p=18986"},"modified":"2026-09-05T12:01:06","modified_gmt":"2026-09-05T15:01:06","slug":"acevedo-no-entiendo-que-esta-buscando-manzur-porque-con-el-gobernador-jaldo-hacemos-peronismo-en-tucuman","status":"publish","type":"post","link":"https:\/\/cafeprensa.com.ar\/index.php\/2026\/09\/05\/acevedo-no-entiendo-que-esta-buscando-manzur-porque-con-el-gobernador-jaldo-hacemos-peronismo-en-tucuman\/","title":{"rendered":"Acevedo: \u00abNo entiendo qu\u00e9 est\u00e1 buscando Manzur, porque con el Gobernador Jaldo hacemos peronismo en Tucum\u00e1n\u00bb"},"content":{"rendered":"<p>El vicegobernador <strong>Miguel Acevedo<\/strong>, en di\u00e1logo con Caf\u00e9 Prensa, se refiri\u00f3 a la gesti\u00f3n que lleva adelante junto al gobernador Osvaldo Jaldo y analiz\u00f3 la situaci\u00f3n econ\u00f3mica nacional. Adem\u00e1s, respondi\u00f3 a los cuestionamientos sobre el presupuesto de la Legislatura y habl\u00f3 sobre el escenario pol\u00edtico del peronismo de cara a las elecciones provinciales de 2027.<\/p>\n<h3>Gesti\u00f3n y escenario electoral<\/h3>\n<p>Acevedo destac\u00f3 el trabajo territorial que realiza junto al mandatario provincial y asegur\u00f3 que la agenda de gesti\u00f3n continuar\u00e1 independientemente de la proximidad de los comicios. \u00abFue una semana intensa, con mi\u00e9rcoles y jueves de corrido porque visitamos junto al gobernador Aguilares y La Cocha, donde aprovechamos para mantener reuniones con dirigentes y conversar. Terminamos hasta tarde, pero hay que estar\u00bb, manifest\u00f3.<\/p>\n<p>De cara a 2027, consider\u00f3 fundamental encontrar un equilibrio entre la actividad pol\u00edtica y las responsabilidades institucionales. \u00abHay que mantener la gesti\u00f3n y la institucionalidad junto con el aspecto pol\u00edtico. No concibo que descuidemos una cosa en pos de la otra\u00bb, afirm\u00f3.<\/p>\n<p>En ese sentido, sostuvo que tanto \u00e9l como Jaldo mantienen una din\u00e1mica de trabajo permanente. \u00abEl gobernador es 24\/7, haya campa\u00f1a o no, y en mi caso tambi\u00e9n. Adem\u00e1s, somos f\u00f3rmula. Mi objetivo, m\u00e1s all\u00e1 de lo pol\u00edtico, es hacer una gesti\u00f3n para los tucumanos que implique un paso adelante, a pesar de los tiempos complejos que nos tocaron. Es un compromiso que mantendremos hasta el \u00faltimo d\u00eda\u00bb, enfatiz\u00f3.<\/p>\n<h3>Econom\u00eda y diferencias con el Gobierno nacional<\/h3>\n<p>Al analizar la situaci\u00f3n nacional, Acevedo plante\u00f3 diferencias entre los indicadores macroecon\u00f3micos y lo que ocurre diariamente con el poder adquisitivo. \u00abLo venimos advirtiendo desde hace tiempo: el Gobierno nacional debe tomar medidas que apunten a la microeconom\u00eda. Si bien en los n\u00fameros te\u00f3ricamente est\u00e1 contenida, el bolsillo no marca lo mismo. Veamos cu\u00e1nto costaba un kilo de carne en diciembre de 2023 y cu\u00e1nto cuesta hoy; los \u00edndices no son compatibles con esos n\u00fameros\u00bb, reflexion\u00f3.<\/p>\n<p>Asimismo, manifest\u00f3 su preocupaci\u00f3n por la situaci\u00f3n del empleo y las dificultades que atraviesan las peque\u00f1as y medianas empresas. \u00abEn materia de trabajo no vemos desarrollo y, por ende, tampoco generaci\u00f3n de empleo. Si no hay consumo, no hay actividad, y a eso debemos sumarle que a los peque\u00f1os negocios y a las pymes se les hace muy dif\u00edcil atravesar este momento\u00bb, analiz\u00f3.<\/p>\n<p>Frente a ese escenario, expres\u00f3 que espera modificaciones en la pol\u00edtica econ\u00f3mica nacional. \u00abEspero que haya medidas que reviertan esta situaci\u00f3n. Se ve dif\u00edcil, pero siempre tenemos la esperanza de que haya un golpe de tim\u00f3n\u00bb, agreg\u00f3.<\/p>\n<h3>Obra p\u00fablica e infraestructura<\/h3>\n<p>Acevedo diferenci\u00f3 la pol\u00edtica provincial de la implementada por Naci\u00f3n y destac\u00f3 la decisi\u00f3n de Jaldo de sostener la obra p\u00fablica. \u00abSi uno reactiva la obra p\u00fablica, se dinamiza enormemente todo aquello que hoy vemos caer. Con el gobernador Osvaldo Jaldo tomamos un camino diferente: no dejamos de hacer obra p\u00fablica. No se detuvo y eso marc\u00f3 una diferencia, aunque tuvimos que avanzar a un ritmo m\u00e1s lento del que pretend\u00edamos\u00bb, argument\u00f3.<\/p>\n<p>En ese marco, valor\u00f3 las herramientas aprobadas desde la Legislatura para acompa\u00f1ar la gesti\u00f3n. \u00abFelizmente, aqu\u00ed el gobernador Jaldo tom\u00f3 la decisi\u00f3n de continuar con la obra p\u00fablica, una medida que acompa\u00f1amos desde la Legislatura. Hoy vemos c\u00f3mo se siguieron generando viviendas, sobre todo en el interior\u00bb, indic\u00f3.<\/p>\n<p>Respecto de la infraestructura vial nacional, mencion\u00f3 los avances vinculados a la Ruta Nacional 9 y consider\u00f3 que Naci\u00f3n debe asumir la responsabilidad sobre las obras de su competencia. \u00abHay una licitaci\u00f3n de la Ruta 9 y se est\u00e1 avanzando, pero nuestra postura es que, al tratarse de rutas nacionales, debe hacerse cargo la Naci\u00f3n. Es una responsabilidad que no puede delegar\u00bb, sostuvo.<\/p>\n<p>Adem\u00e1s, remarc\u00f3 que el estado de las rutas repercute directamente sobre la actividad productiva. \u00abEsto afecta no solamente el traslado de personas, sino tambi\u00e9n nuestra producci\u00f3n. Visitamos los Balcanes y observamos c\u00f3mo organizan la log\u00edstica para llevar sus productos hasta los puertos. Esa es una tarea de la que deber\u00eda ocuparse Naci\u00f3n para facilitar el traslado de nuestras producciones\u00bb, agreg\u00f3.<\/p>\n<h3>El cierre de los ingenios y una mirada federal<\/h3>\n<p>En otro tramo de la entrevista, Acevedo reflexion\u00f3 sobre los 61 a\u00f1os del cierre de ingenios azucareros y las consecuencias sociales que tuvo aquella decisi\u00f3n para Tucum\u00e1n.<\/p>\n<p>\u00abHay mucha gente que no conoce c\u00f3mo se desarrolla la actividad azucarera y tenemos que explicarles a los m\u00e1s j\u00f3venes lo que signific\u00f3 aquello. Muchos creen que los ingenios se desarrollaban alrededor de las ciudades, cuando en realidad las ciudades crecieron alrededor de los ingenios\u00bb, se\u00f1al\u00f3.<\/p>\n<p>Seg\u00fan explic\u00f3, el cierre de esas fuentes productivas provoc\u00f3 un fuerte impacto demogr\u00e1fico y econ\u00f3mico. \u00abSe produjo un \u00e9xodo masivo de personas y eso ocurre cuando se toman medidas sin contemplar al interior. Ser\u00eda bueno que se adopten pol\u00edticas verdaderamente federales, mirando las necesidades de las provincias\u00bb, manifest\u00f3.<\/p>\n<h3>Fondos nacionales y subsidios<\/h3>\n<p>El vicegobernador tambi\u00e9n cuestion\u00f3 la pol\u00edtica fiscal de Naci\u00f3n y asegur\u00f3 que existen recursos que corresponden a las provincias y no est\u00e1n siendo transferidos.<\/p>\n<p>\u00abEl Gobierno nacional no solo no abre la billetera, sino que tambi\u00e9n la cierra. Naci\u00f3n pone como bandera el equilibrio fiscal y entendemos que no se debe gastar m\u00e1s de lo que ingresa, pero eso no puede implicar dejar de enviar recursos que les corresponden a las provincias\u00bb, expres\u00f3.<\/p>\n<p>Como ejemplo, mencion\u00f3 los tributos vinculados a los combustibles. \u00abCada vez que una persona carga combustible paga un impuesto que debe ser destinado a las provincias para construir rutas. Son muchos fondos que no se giran. A veces se malinterpreta la cuesti\u00f3n porque Naci\u00f3n no &#8216;da&#8217; nada: distribuye recursos provenientes de la riqueza que generan las provincias\u00bb, sostuvo.<\/p>\n<p>Acevedo asegur\u00f3 que esta situaci\u00f3n obliga al Gobierno provincial a realizar un esfuerzo adicional para sostener diferentes servicios. \u00abEsos fondos no se devuelven como corresponde y tenemos que hacer un gran esfuerzo para que la gente no lo sienta. A veces no se toma dimensi\u00f3n de ese esfuerzo. Podemos hacer todas las cr\u00edticas necesarias a nuestro transporte p\u00fablico, porque hay que modificarlo, pero sin los subsidios provinciales el boleto costar\u00eda mucho m\u00e1s\u00bb, ejemplific\u00f3.<\/p>\n<p>A su criterio, se trata de responsabilidades que asumi\u00f3 la Provincia para evitar un mayor impacto social. \u00abSon aspectos de los que la Provincia se hizo cargo para mantener cierto equilibrio. Si el gobernador no hubiera tomado esa decisi\u00f3n, hoy estar\u00edamos mucho m\u00e1s complicados\u00bb, afirm\u00f3.<\/p>\n<h3>Cr\u00edticas al presupuesto de la Legislatura<\/h3>\n<p>Consultado sobre los cuestionamientos al presupuesto de la Legislatura, Acevedo defendi\u00f3 el destino de los recursos y destac\u00f3 el acompa\u00f1amiento que se brinda a instituciones sociales y deportivas.<\/p>\n<p>\u00abEl presupuesto tambi\u00e9n tiene que ver con eso, con las instituciones deportivas y con la situaci\u00f3n que atraviesan. Hay muchas organizaciones que necesitan nuestro apoyo y agradezco a aquellas instituciones intermedias que nos acercan casos de personas que requieren acompa\u00f1amiento para resolver alguna situaci\u00f3n\u00bb, explic\u00f3.<\/p>\n<p>En ese sentido, destac\u00f3 la funci\u00f3n social de clubes y organizaciones frente al creciente tiempo que ni\u00f1os y adolescentes pasan frente a las pantallas. \u00abHoy hay algo que no estamos valorando suficientemente y es el tiempo que los chicos pasan frente a una pantalla. Eso genera un individualismo que nos complica como sociedad. Los clubes y las organizaciones brindan espacios de socializaci\u00f3n y contenci\u00f3n para nuestros j\u00f3venes\u00bb, consider\u00f3.<\/p>\n<p>Tambi\u00e9n valor\u00f3 el trabajo realizado sobre los espacios verdes y defendi\u00f3 la autonom\u00eda presupuestaria del Poder Legislativo. \u00abCuando uno se vincula con c\u00e1maras de otras provincias, destacan la independencia que tenemos para manejarnos. De cada 100 pesos, 3,69 corresponden a la Legislatura. No voy a pelearme con las cr\u00edticas; sabemos lo que estamos haciendo y cu\u00e1l es el camino que queremos seguir\u00bb, sostuvo.<\/p>\n<p>Acevedo afirm\u00f3 que uno de sus objetivos es acercar la instituci\u00f3n a los ciudadanos. \u00abQueremos que la Legislatura sea abierta y\u00a0 cercana con la sociedad, porque aqu\u00ed est\u00e1n los representantes del pueblo y abrimos las puertas a todos\u00bb, expres\u00f3. En esa l\u00ednea, mencion\u00f3 la apertura de canales de di\u00e1logo, las herramientas disponibles en el sitio web y otras medidas orientadas a \u00abgenerar leyes que impacten en la sociedad y no terminen siendo letra muerta\u00bb.<\/p>\n<h3>Peronismo, Juan Manzur e internas<\/h3>\n<p>Sobre la situaci\u00f3n interna del peronismo tucumano, Acevedo asegur\u00f3 que no percibe un malestar generalizado por las decisiones que tom\u00f3 el oficialismo provincial respecto de su relaci\u00f3n institucional con Naci\u00f3n. \u00abNo se nota molestia. No digo que no exista, pero no se percibe. Al contrario, vemos mucha adhesi\u00f3n y agradecimiento de compa\u00f1eros, compa\u00f1eras y tambi\u00e9n de tucumanos que no pertenecen al espacio\u00bb, afirm\u00f3.<\/p>\n<p>En ese sentido, record\u00f3 que desde el inicio de la gesti\u00f3n plantearon gobernar para toda la provincia. \u00abCon Jaldo dijimos desde el d\u00eda uno que gobernamos para todos los tucumanos y tucumanas. Cumpliremos los compromisos institucionales. Puede haber concesiones que no gustaron, pero hacemos un gran esfuerzo y buscamos un equilibrio para mantener el di\u00e1logo con Naci\u00f3n y conseguir los recursos necesarios para gestionar\u00bb, explic\u00f3.<\/p>\n<p>Asimismo, reivindic\u00f3 la identidad pol\u00edtica de la administraci\u00f3n provincial. \u00abEn Tucum\u00e1n jam\u00e1s se dej\u00f3 de hacer peronismo. Tenemos principios que defendemos, como la salud y la educaci\u00f3n p\u00fablicas. Con todas las dificultades existentes, seguimos tomando decisiones para sostener la obra p\u00fablica y destinar recursos a esas \u00e1reas\u00bb, asegur\u00f3.<\/p>\n<p>\u00abRealmente estamos haciendo peronismo. Nos estamos haciendo cargo de viviendas que hab\u00edan quedado paralizadas y eso lo hace un espacio que tiene una mirada social\u00bb, agreg\u00f3. Al mismo tiempo, sostuvo que el Estado provincial debe \u00abgenerar las condiciones para que las empresas promuevan el desarrollo\u00bb, adem\u00e1s de asumir aquellas responsabilidades que corresponden al Gobierno.<\/p>\n<p>Finalmente, Acevedo habl\u00f3 sobre las \u00faltimas apariciones p\u00fablicas de Juan Manzur y las versiones sobre una eventual candidatura a gobernador en 2027. \u00abManzur todav\u00eda no lo manifest\u00f3 abiertamente. Con todo el cari\u00f1o y el respeto que le tengo, no entiendo qu\u00e9 est\u00e1 buscando. No lo entiendo porque con el Gobierno de Jaldo estamos haciendo peronismo y llevando adelante sus bases\u00bb, manifest\u00f3.<\/p>\n<p>De todos modos, asegur\u00f3 que el oficialismo mantiene abierta la posibilidad de di\u00e1logo. \u00abNo entiendo esa postura ni s\u00e9 si finalmente llegar\u00e1 a concretarla. Con Jaldo dijimos que tenemos los brazos abiertos y el partido abierto para todos los que quieran sumarse. Tambi\u00e9n contamos con internas para resolver estas cuestiones\u00bb, indic\u00f3.<\/p>\n<p>Por \u00faltimo, advirti\u00f3 sobre las consecuencias que podr\u00eda tener una fractura del justicialismo en los pr\u00f3ximos comicios. \u00abSi llegamos divididos, quien divida al peronismo ser\u00e1 funcional a la oposici\u00f3n, porque eso es lo que le conviene. No se es m\u00e1s o menos peronista por tomar una decisi\u00f3n de ese tipo\u00bb, concluy\u00f3.<\/p>\n<p>&nbsp;<\/p>\n","protected":false},"excerpt":{"rendered":"<p>El vicegobernador Miguel Acevedo, en di\u00e1logo con Caf\u00e9 Prensa, se refiri\u00f3 a la gesti\u00f3n que lleva adelante junto al gobernador Osvaldo Jaldo y analiz\u00f3 la situaci\u00f3n econ\u00f3mica nacional. Adem\u00e1s, respondi\u00f3 a los cuestionamientos sobre el presupuesto de la Legislatura y habl\u00f3 sobre el escenario pol\u00edtico del peronismo de cara a las elecciones provinciales de 2027. &hellip;<\/p>\n","protected":false},"author":2,"featured_media":18990,"comment_status":"open","ping_status":"open","sticky":false,"template":"","format":"standard","meta":{"footnotes":""},"categories":[34],"tags":[2723,342,451,265,770,160],"class_list":["post-18986","post","type-post","status-publish","format-standard","has-post-thumbnail","hentry","category-locales","tag-elecciones-2027","tag-juan-manzur","tag-miguel-acevedo","tag-osvaldo-jaldo","tag-peronismo","tag-tucuman"],"_links":{"self":[{"href":"https:\/\/cafeprensa.com.ar\/index.php\/wp-json\/wp\/v2\/posts\/18986","targetHints":{"allow":["GET"]}}],"collection":[{"href":"https:\/\/cafeprensa.com.ar\/index.php\/wp-json\/wp\/v2\/posts"}],"about":[{"href":"https:\/\/cafeprensa.com.ar\/index.php\/wp-json\/wp\/v2\/types\/post"}],"author":[{"embeddable":true,"href":"https:\/\/cafeprensa.com.ar\/index.php\/wp-json\/wp\/v2\/users\/2"}],"replies":[{"embeddable":true,"href":"https:\/\/cafeprensa.com.ar\/index.php\/wp-json\/wp\/v2\/comments?post=18986"}],"version-history":[{"count":4,"href":"https:\/\/cafeprensa.com.ar\/index.php\/wp-json\/wp\/v2\/posts\/18986\/revisions"}],"predecessor-version":[{"id":18994,"href":"https:\/\/cafeprensa.com.ar\/index.php\/wp-json\/wp\/v2\/posts\/18986\/revisions\/18994"}],"wp:featuredmedia":[{"embeddable":true,"href":"https:\/\/cafeprensa.com.ar\/index.php\/wp-json\/wp\/v2\/media\/18990"}],"wp:attachment":[{"href":"https:\/\/cafeprensa.com.ar\/index.php\/wp-json\/wp\/v2\/media?parent=18986"}],"wp:term":[{"taxonomy":"category","embeddable":true,"href":"https:\/\/cafeprensa.com.ar\/index.php\/wp-json\/wp\/v2\/categories?post=18986"},{"taxonomy":"post_tag","embeddable":true,"href":"https:\/\/cafeprensa.com.ar\/index.php\/wp-json\/wp\/v2\/tags?post=18986"}],"curies":[{"name":"wp","href":"https:\/\/api.w.org\/{rel}","templated":true}]}}