{"id":18988,"date":"2026-09-05T12:34:51","date_gmt":"2026-09-05T15:34:51","guid":{"rendered":"https:\/\/cafeprensa.com.ar\/?p=18988"},"modified":"2026-09-05T12:34:57","modified_gmt":"2026-09-05T15:34:57","slug":"mendoza-manzur-no-tiene-la-fuerza-para-dividir-al-peronismo-pero-si-esta-mirando-quienes-estan-de-acuerdo-y-quienes-no","status":"publish","type":"post","link":"https:\/\/cafeprensa.com.ar\/index.php\/2026\/09\/05\/mendoza-manzur-no-tiene-la-fuerza-para-dividir-al-peronismo-pero-si-esta-mirando-quienes-estan-de-acuerdo-y-quienes-no\/","title":{"rendered":"Mendoza: \u00abManzur no tiene la fuerza para dividir al peronismo, pero s\u00ed est\u00e1 mirando qui\u00e9nes est\u00e1n de acuerdo y qui\u00e9nes no\u00bb"},"content":{"rendered":"<p>La senadora Sandra Mendoza, en di\u00e1logo con Caf\u00e9 Prensa, analiz\u00f3 el contexto econ\u00f3mico y pol\u00edtico actual de cara a las elecciones de 2027. Adem\u00e1s, se refiri\u00f3 al escenario nacional y a la interna del peronismo tucumano.<\/p>\n<h3>Situaci\u00f3n econ\u00f3mica y escenario nacional<\/h3>\n<p>Mendoza manifest\u00f3 su preocupaci\u00f3n por la p\u00e9rdida del poder adquisitivo y las dificultades que atraviesan comerciantes y familias. \u00abLa ciudadan\u00eda est\u00e1 peor, los negocios est\u00e1n mal porque no pueden pagar el alquiler y no hay consumo. La gente se endeuda para comer y no puede pagar; eso es lo m\u00e1s grave, porque no llega. Cobra, paga sus obligaciones y no le queda nada para el resto del mes\u00bb, analiz\u00f3.<\/p>\n<p>En cuanto al escenario pol\u00edtico nacional, consider\u00f3 que dentro de la oposici\u00f3n comienzan a perfilarse diferentes dirigentes con aspiraciones electorales. \u00abSe perfilan cuatro o cinco candidatos que trabajan cada uno por su lado. Creo que tienen que llegar a un entendimiento y para eso existen las PASO. No deber\u00edan eliminarlas, porque la gente debe decidir y es una herramienta sana\u00bb, sostuvo.<\/p>\n<p>Para la senadora, una eventual alternativa electoral deber\u00e1 presentar propuestas concretas y evitar concentrarse \u00fanicamente en cuestionar experiencias anteriores. \u00abQuienes puedan ser candidatos tienen que llevar un mensaje claro, que permita avizorar un futuro mejor, con una propuesta concreta y un plan de gobierno, sin mirar permanentemente qu\u00e9 hicieron los gobiernos anteriores ni hacer promesas como la del actual Gobierno de que los j\u00f3venes cobrar\u00edan en d\u00f3lares\u00bb, afirm\u00f3.<\/p>\n<p>En ese sentido, pidi\u00f3 dejar de lado las aspiraciones individuales para priorizar la construcci\u00f3n colectiva. \u00abHay que tener una cuota de humildad. No es primero yo; el movimiento indica que primero est\u00e1 la patria y hoy est\u00e1 en peligro y sufriendo. No pueden estar primero los egos personales\u00bb, advirti\u00f3.<\/p>\n<h3>La interna del peronismo tucumano<\/h3>\n<p>Al trasladar el an\u00e1lisis al escenario provincial, Mendoza sostuvo que el justicialismo debe priorizar el di\u00e1logo de cara a 2027. \u00abEl peronismo en Tucum\u00e1n tiene que seguir esa l\u00ednea de conversar y dialogar. No discutir desde el &#8216;yo quiero ser&#8217;, sino pensar qu\u00e9 queremos para los tucumanos. Mal o bien, tenemos que gobernar para todos\u00bb, expres\u00f3.<\/p>\n<p>En ese marco, respald\u00f3 el trabajo del gobernador Osvaldo Jaldo y del vicegobernador Miguel Acevedo. \u00abTenemos que tener esa humildad y valorar a quienes vienen trabajando. Jaldo y Acevedo vienen trabajando para la provincia y hay herramientas que debemos profundizar. Aunque faltan muchas cosas, tambi\u00e9n hay otras que se hicieron muy bien\u00bb, consider\u00f3.<\/p>\n<p>Como ejemplo, destac\u00f3 la decisi\u00f3n provincial de sostener la obra p\u00fablica frente al recorte de fondos nacionales. \u00abJaldo prioriz\u00f3 la obra p\u00fablica cuando el Gobierno nacional elimin\u00f3 todo esto. Naci\u00f3n dej\u00f3 a Famaill\u00e1 sin un hospital regional que estaba aprobado y ten\u00eda un avance del 15%, pero con estas medidas qued\u00f3 paralizado\u00bb, cuestion\u00f3.<\/p>\n<p>Mendoza tambi\u00e9n mencion\u00f3 la continuidad de los programas habitacionales y el pago de los salarios estatales. \u00abTucum\u00e1n tom\u00f3 cartas en el asunto y prioriz\u00f3 la construcci\u00f3n de viviendas para la gente. Fue una pol\u00edtica de Estado impulsada por Osvaldo Jaldo, manteniendo adem\u00e1s la paz social. Entiendo que los empleados p\u00fablicos no tienen el mejor sueldo que podr\u00edan tener, pero al menos cobran al d\u00eda\u00bb, sostuvo.<\/p>\n<h3>Manzur y el escenario de 2027<\/h3>\n<p>Consultada sobre el rol del exgobernador Juan Manzur y una eventual disputa dentro del justicialismo, Mendoza consider\u00f3 que actualmente no tendr\u00eda el respaldo suficiente para provocar una fractura partidaria. \u00abManzur no tiene la fuerza para dividir al peronismo, pero s\u00ed est\u00e1 mirando qui\u00e9nes est\u00e1n de acuerdo y qui\u00e9nes no. Ya se ha demostrado que m\u00e1s del 90% est\u00e1 de acuerdo con Osvaldo Jaldo. Esas definiciones las medir\u00e1 y las tomar\u00e1 \u00e9l\u00bb, se\u00f1al\u00f3.<\/p>\n<p>Finalmente, la senadora identific\u00f3 a La Libertad Avanza como el principal adversario electoral del oficialismo provincial. \u00abSe avizora que el rival es LLA porque estamos en desacuerdo con un Gobierno que cort\u00f3 cuestiones que beneficiaban a la provincia\u00bb, manifest\u00f3. En ese sentido, cuestion\u00f3 al referente libertario Lisandro Catal\u00e1n, al considerar que \u00abviene de afuera, no conoce c\u00f3mo funciona Tucum\u00e1n y promete, por ejemplo, hacer desaparecer las comunas\u00bb, concluy\u00f3.<\/p>\n<p>&nbsp;<\/p>\n","protected":false},"excerpt":{"rendered":"<p>La senadora Sandra Mendoza, en di\u00e1logo con Caf\u00e9 Prensa, analiz\u00f3 el contexto econ\u00f3mico y pol\u00edtico actual de cara a las elecciones de 2027. Adem\u00e1s, se refiri\u00f3 al escenario nacional y a la interna del peronismo tucumano. Situaci\u00f3n econ\u00f3mica y escenario nacional Mendoza manifest\u00f3 su preocupaci\u00f3n por la p\u00e9rdida del poder adquisitivo y las dificultades que &hellip;<\/p>\n","protected":false},"author":2,"featured_media":18995,"comment_status":"open","ping_status":"open","sticky":false,"template":"","format":"standard","meta":{"footnotes":""},"categories":[34],"tags":[2723,342,265,770,714],"class_list":["post-18988","post","type-post","status-publish","format-standard","has-post-thumbnail","hentry","category-locales","tag-elecciones-2027","tag-juan-manzur","tag-osvaldo-jaldo","tag-peronismo","tag-sandra-mendoza"],"_links":{"self":[{"href":"https:\/\/cafeprensa.com.ar\/index.php\/wp-json\/wp\/v2\/posts\/18988","targetHints":{"allow":["GET"]}}],"collection":[{"href":"https:\/\/cafeprensa.com.ar\/index.php\/wp-json\/wp\/v2\/posts"}],"about":[{"href":"https:\/\/cafeprensa.com.ar\/index.php\/wp-json\/wp\/v2\/types\/post"}],"author":[{"embeddable":true,"href":"https:\/\/cafeprensa.com.ar\/index.php\/wp-json\/wp\/v2\/users\/2"}],"replies":[{"embeddable":true,"href":"https:\/\/cafeprensa.com.ar\/index.php\/wp-json\/wp\/v2\/comments?post=18988"}],"version-history":[{"count":3,"href":"https:\/\/cafeprensa.com.ar\/index.php\/wp-json\/wp\/v2\/posts\/18988\/revisions"}],"predecessor-version":[{"id":18996,"href":"https:\/\/cafeprensa.com.ar\/index.php\/wp-json\/wp\/v2\/posts\/18988\/revisions\/18996"}],"wp:featuredmedia":[{"embeddable":true,"href":"https:\/\/cafeprensa.com.ar\/index.php\/wp-json\/wp\/v2\/media\/18995"}],"wp:attachment":[{"href":"https:\/\/cafeprensa.com.ar\/index.php\/wp-json\/wp\/v2\/media?parent=18988"}],"wp:term":[{"taxonomy":"category","embeddable":true,"href":"https:\/\/cafeprensa.com.ar\/index.php\/wp-json\/wp\/v2\/categories?post=18988"},{"taxonomy":"post_tag","embeddable":true,"href":"https:\/\/cafeprensa.com.ar\/index.php\/wp-json\/wp\/v2\/tags?post=18988"}],"curies":[{"name":"wp","href":"https:\/\/api.w.org\/{rel}","templated":true}]}}