{"id":19000,"date":"2026-09-05T18:40:23","date_gmt":"2026-09-05T21:40:23","guid":{"rendered":"https:\/\/cafeprensa.com.ar\/?p=19000"},"modified":"2026-09-05T18:40:33","modified_gmt":"2026-09-05T21:40:33","slug":"siete-empleados-quedaron-imputados-por-una-presunta-maniobra-para-robar-combustible-de-camiones-municipales","status":"publish","type":"post","link":"https:\/\/cafeprensa.com.ar\/index.php\/2026\/09\/05\/siete-empleados-quedaron-imputados-por-una-presunta-maniobra-para-robar-combustible-de-camiones-municipales\/","title":{"rendered":"Siete empleados quedaron imputados por una presunta maniobra para robar combustible de camiones municipales"},"content":{"rendered":"<div id=\"tdi_62\" class=\"tdc-row stretch_row_1200 td-stretch-content\">\n<div class=\"vc_row tdi_63 wpb_row td-pb-row\">\n<div class=\"vc_column tdi_65 wpb_column vc_column_container tdc-column td-pb-span12\">\n<div class=\"wpb_wrapper\">\n<div class=\"td_block_wrap tdb_title tdi_68 tdb-single-title td-pb-border-top td_block_template_1\" data-td-block-uid=\"tdi_68\">\n<div class=\"tdb-block-inner td-fix-index\">\n<div><strong>La Fiscal\u00eda acus\u00f3 a seis ex empleados y a un trabajador que todav\u00eda presta funciones en la Municipalidad de Alderetes. Seg\u00fan la investigaci\u00f3n, desviaban los camiones de recolecci\u00f3n hasta el barrio 40 Viviendas y extra\u00edan gasoil de los tanques para colocarlo en bidones. La Justicia orden\u00f3 peritar sus celulares para determinar si existieron contactos con otras personas.<\/strong><\/div>\n<div><strong>PUBLICIDAD<\/strong><img loading=\"lazy\" decoding=\"async\" class=\"alignnone wp-image-18717 size-full\" src=\"https:\/\/cafeprensa.com.ar\/wp-content\/uploads\/2026\/08\/sat.jpg\" alt=\"\" width=\"728\" height=\"90\" srcset=\"https:\/\/cafeprensa.com.ar\/wp-content\/uploads\/2026\/08\/sat.jpg 728w, https:\/\/cafeprensa.com.ar\/wp-content\/uploads\/2026\/08\/sat-300x37.jpg 300w\" sizes=\"auto, (max-width: 728px) 100vw, 728px\" \/><\/div>\n<\/div>\n<\/div>\n<\/div>\n<\/div>\n<\/div>\n<\/div>\n<div id=\"tdi_70\" class=\"tdc-row stretch_row_1200 td-stretch-content\">\n<div class=\"vc_row tdi_71 wpb_row td-pb-row\">\n<div class=\"vc_column tdi_73 wpb_column vc_column_container tdc-column td-pb-span8\">\n<div class=\"wpb_wrapper\">\n<div class=\"td_block_wrap tdb_single_content tdi_75 td-pb-border-top td_block_template_1 td-post-content tagdiv-type\" data-td-block-uid=\"tdi_75\">\n<div class=\"tdb-block-inner td-fix-index\">\n<p class=\"isSelectedEnd\">Una investigaci\u00f3n de la Unidad Fiscal de Delitos Complejos puso bajo la lupa a\u00a0<strong>siete trabajadores vinculados al servicio de recolecci\u00f3n de residuos de Alderetes<\/strong>. La Fiscal\u00eda sostiene que los acusados aprovecharon el acceso a los camiones municipales para retirar combustible destinado al funcionamiento de la flota oficial.<\/p>\n<p class=\"isSelectedEnd\">La fiscala\u00a0<strong>Mariana Rivadeneira<\/strong>\u00a0conduce la pesquisa. Durante la audiencia de formalizaci\u00f3n de cargos, el auxiliar fiscal\u00a0<strong>Federico Liz\u00e1rraga<\/strong> expuso ante la jueza la hip\u00f3tesis del Ministerio P\u00fablico Fiscal (MPF). El expediente tiene a\u00a0<strong>seis ex empleados municipales y a un s\u00e9ptimo acusado que todav\u00eda trabaja bajo contrato en la administraci\u00f3n local<\/strong>. Todos quedaron imputados por el presunto delito de\u00a0<strong>peculado<\/strong>.<\/p>\n<h3>El recorrido de los camiones, bajo la lupa<\/h3>\n<p class=\"isSelectedEnd\">La Fiscal\u00eda sostiene que los sospechosos actuaron\u00a0<strong>de com\u00fan acuerdo y en distintas oportunidades<\/strong>. El mecanismo habr\u00eda comenzado durante los recorridos habituales de los camiones afectados a la recolecci\u00f3n de residuos.<\/p>\n<p class=\"isSelectedEnd\"><strong>PUBLICIDAD<\/strong><img loading=\"lazy\" decoding=\"async\" class=\"alignnone wp-image-18700 size-large\" src=\"https:\/\/cafeprensa.com.ar\/wp-content\/uploads\/2026\/08\/655454451_1351226433708218_7599175584347977023_n-1-1024x110.jpg\" alt=\"\" width=\"1024\" height=\"110\" srcset=\"https:\/\/cafeprensa.com.ar\/wp-content\/uploads\/2026\/08\/655454451_1351226433708218_7599175584347977023_n-1-1024x110.jpg 1024w, https:\/\/cafeprensa.com.ar\/wp-content\/uploads\/2026\/08\/655454451_1351226433708218_7599175584347977023_n-1-300x32.jpg 300w, https:\/\/cafeprensa.com.ar\/wp-content\/uploads\/2026\/08\/655454451_1351226433708218_7599175584347977023_n-1-768x82.jpg 768w, https:\/\/cafeprensa.com.ar\/wp-content\/uploads\/2026\/08\/655454451_1351226433708218_7599175584347977023_n-1-1536x164.jpg 1536w, https:\/\/cafeprensa.com.ar\/wp-content\/uploads\/2026\/08\/655454451_1351226433708218_7599175584347977023_n-1.jpg 2048w\" sizes=\"auto, (max-width: 1024px) 100vw, 1024px\" \/>Seg\u00fan la acusaci\u00f3n, los veh\u00edculos\u00a0<strong>se apartaban de los recorridos asignados y llegaban hasta las inmediaciones de una vivienda ubicada en el barrio 40 Viviendas<\/strong>. El lugar estar\u00eda vinculado con una persona conocida por el apodo de\u00a0<strong>\u201cPiluca\u201d<\/strong>. Una vez all\u00ed, los investigadores sostienen que los acusados retiraban combustible de los tanques de los camiones. El gasoil era colocado en\u00a0<strong>bidones y otros recipientes<\/strong>.<\/p>\n<p class=\"isSelectedEnd\"><strong>La maniobra, seg\u00fan la Fiscal\u00eda, permit\u00eda sacar el combustible de la custodia municipal y darle un destino ajeno a la prestaci\u00f3n del servicio p\u00fablico. Esa mec\u00e1nica aparece de forma coincidente en las distintas publicaciones que reprodujeron la acusaci\u00f3n fiscal.<\/strong><\/p>\n<p class=\"isSelectedEnd\">Liz\u00e1rraga describi\u00f3 ante la Justicia el supuesto perjuicio que la maniobra provoc\u00f3 sobre las arcas municipales y sobre la prestaci\u00f3n del servicio.<\/p>\n<p class=\"isSelectedEnd\"><strong>PUBLICIDAD<\/strong><img loading=\"lazy\" decoding=\"async\" class=\"alignnone wp-image-18699 size-full\" src=\"https:\/\/cafeprensa.com.ar\/wp-content\/uploads\/2026\/08\/8_260108111211.gif\" alt=\"\" width=\"970\" height=\"90\" \/><strong><em>\u201cCon su accionar no solo generaron un perjuicio econ\u00f3mico directo al erario p\u00fablico, sino que adem\u00e1s provocaban demoras y serios inconvenientes en el normal desempe\u00f1o de la recolecci\u00f3n de residuos en la ciudad\u201d<\/em>, sostuvo el auxiliar fiscal durante la audiencia.<\/strong><\/p>\n<h3>Cu\u00e1ndo habr\u00eda ocurrido la maniobra<\/h3>\n<p class=\"isSelectedEnd\">Otro punto que surge del expediente es el per\u00edodo bajo investigaci\u00f3n.\u00a0<strong>Los hechos que analiza la Fiscal\u00eda ocurrieron entre el 10 y el 25 de abril de 2026<\/strong>, seg\u00fan las publicaciones que reprodujeron la informaci\u00f3n del MPF. <strong>La investigaci\u00f3n, sin embargo, no descarta que el mecanismo haya funcionado durante un lapso mayor. Por ese motivo, todav\u00eda quedan medidas pendientes para establecer el alcance total de la presunta maniobra.<\/strong><\/p>\n<h3>Los celulares pueden aportar nuevas pistas<\/h3>\n<p class=\"isSelectedEnd\">Uno de los pr\u00f3ximos pasos de la causa ser\u00e1 el\u00a0<strong>an\u00e1lisis de los tel\u00e9fonos celulares secuestrados a los imputados<\/strong>. Para la Fiscal\u00eda, ese peritaje puede resultar clave. El objetivo ser\u00e1 determinar si existieron conversaciones entre los acusados y si hubo contacto con\u00a0<strong>terceras personas vinculadas con el supuesto destino del combustible extra\u00eddo<\/strong>.<\/p>\n<p class=\"isSelectedEnd\"><strong><em>\u201cResulta especialmente relevante para confirmar o descartar la existencia de comunicaciones entre los propios acusados y eventualmente con terceras personas vinculadas con el destino del combustible extra\u00eddo\u201d<\/em>, explic\u00f3 Liz\u00e1rraga.<\/strong><\/p>\n<p class=\"isSelectedEnd\"><strong>PUBLICIDAD<img loading=\"lazy\" decoding=\"async\" class=\"alignnone wp-image-18683 size-full\" src=\"https:\/\/cafeprensa.com.ar\/wp-content\/uploads\/2026\/08\/3.png\" alt=\"\" width=\"900\" height=\"150\" srcset=\"https:\/\/cafeprensa.com.ar\/wp-content\/uploads\/2026\/08\/3.png 900w, https:\/\/cafeprensa.com.ar\/wp-content\/uploads\/2026\/08\/3-300x50.png 300w, https:\/\/cafeprensa.com.ar\/wp-content\/uploads\/2026\/08\/3-768x128.png 768w\" sizes=\"auto, (max-width: 900px) 100vw, 900px\" \/><\/strong>El resultado de esos an\u00e1lisis podr\u00eda aportar elementos para determinar\u00a0<strong>si los siete imputados actuaron solos o si existi\u00f3 una estructura m\u00e1s amplia<\/strong>.<\/p>\n<h3>Seis fueron desvinculados del municipio<\/h3>\n<p class=\"isSelectedEnd\">La situaci\u00f3n laboral de los acusados tambi\u00e9n cambi\u00f3 a partir de la investigaci\u00f3n.\u00a0<strong>Seis de los siete ya dejaron de pertenecer a la planta municipal<\/strong>, mientras que el restante contin\u00faa contratado por la Municipalidad de Alderetes. La Fiscal\u00eda no solicit\u00f3 prisi\u00f3n preventiva. Liz\u00e1rraga pidi\u00f3\u00a0<strong>medidas de menor intensidad y no privativas de la libertad<\/strong>\u00a0durante los seis meses correspondientes a la etapa de investigaci\u00f3n penal preparatoria. La jueza interviniente acept\u00f3 el planteo.<\/p>\n<h3>Qu\u00e9 implica la acusaci\u00f3n por peculado<\/h3>\n<p class=\"isSelectedEnd\">El caso qued\u00f3 bajo la figura de\u00a0<strong>peculado<\/strong>, prevista en el art\u00edculo 261 del C\u00f3digo Penal. La norma establece una pena de\u00a0<strong>dos a diez a\u00f1os de prisi\u00f3n e inhabilitaci\u00f3n absoluta perpetua<\/strong> para el funcionario p\u00fablico que sustraiga caudales o efectos cuya administraci\u00f3n, percepci\u00f3n o custodia le haya sido confiada por raz\u00f3n de su cargo. La investigaci\u00f3n todav\u00eda est\u00e1 abierta. La Fiscal\u00eda deber\u00e1 avanzar con los peritajes pendientes y con otras medidas destinadas a\u00a0<strong>determinar cu\u00e1nto combustible habr\u00eda sido sustra\u00eddo, durante cu\u00e1nto tiempo funcion\u00f3 el mecanismo y si hubo m\u00e1s personas involucradas<\/strong>.<\/p>\n<p><strong>PUBLICIDAD<\/strong><img loading=\"lazy\" decoding=\"async\" class=\"alignnone wp-image-18493 size-large\" src=\"https:\/\/cafeprensa.com.ar\/wp-content\/uploads\/2026\/08\/file_000000006cc8820e862d51b9594b78ea-1024x403.png\" alt=\"\" width=\"1024\" height=\"403\" srcset=\"https:\/\/cafeprensa.com.ar\/wp-content\/uploads\/2026\/08\/file_000000006cc8820e862d51b9594b78ea-1024x403.png 1024w, https:\/\/cafeprensa.com.ar\/wp-content\/uploads\/2026\/08\/file_000000006cc8820e862d51b9594b78ea-300x118.png 300w, https:\/\/cafeprensa.com.ar\/wp-content\/uploads\/2026\/08\/file_000000006cc8820e862d51b9594b78ea-768x303.png 768w, https:\/\/cafeprensa.com.ar\/wp-content\/uploads\/2026\/08\/file_000000006cc8820e862d51b9594b78ea-1536x605.png 1536w, https:\/\/cafeprensa.com.ar\/wp-content\/uploads\/2026\/08\/file_000000006cc8820e862d51b9594b78ea.png 1998w\" sizes=\"auto, (max-width: 1024px) 100vw, 1024px\" \/><span style=\"font-size: 8pt;\"><strong>FUENTE: https:\/\/elfederalista.com\/2026\/09\/05\/alderetes-siete-empleados-quedaron-imputados-por-una-presunta-maniobra-para-robar-combustible-de-camiones-municipales\/<\/strong><\/span><\/p>\n<\/div>\n<\/div>\n<\/div>\n<\/div>\n<\/div>\n<\/div>\n","protected":false},"excerpt":{"rendered":"<p>La Fiscal\u00eda acus\u00f3 a seis ex empleados y a un trabajador que todav\u00eda presta funciones en la Municipalidad de Alderetes. Seg\u00fan la investigaci\u00f3n, desviaban los camiones de recolecci\u00f3n hasta el barrio 40 Viviendas y extra\u00edan gasoil de los tanques para colocarlo en bidones. La Justicia orden\u00f3 peritar sus celulares para determinar si existieron contactos con &hellip;<\/p>\n","protected":false},"author":2,"featured_media":19001,"comment_status":"open","ping_status":"open","sticky":false,"template":"","format":"standard","meta":{"footnotes":""},"categories":[47,34],"tags":[2195],"class_list":["post-19000","post","type-post","status-publish","format-standard","has-post-thumbnail","hentry","category-justicia","category-locales","tag-alderete"],"_links":{"self":[{"href":"https:\/\/cafeprensa.com.ar\/index.php\/wp-json\/wp\/v2\/posts\/19000","targetHints":{"allow":["GET"]}}],"collection":[{"href":"https:\/\/cafeprensa.com.ar\/index.php\/wp-json\/wp\/v2\/posts"}],"about":[{"href":"https:\/\/cafeprensa.com.ar\/index.php\/wp-json\/wp\/v2\/types\/post"}],"author":[{"embeddable":true,"href":"https:\/\/cafeprensa.com.ar\/index.php\/wp-json\/wp\/v2\/users\/2"}],"replies":[{"embeddable":true,"href":"https:\/\/cafeprensa.com.ar\/index.php\/wp-json\/wp\/v2\/comments?post=19000"}],"version-history":[{"count":2,"href":"https:\/\/cafeprensa.com.ar\/index.php\/wp-json\/wp\/v2\/posts\/19000\/revisions"}],"predecessor-version":[{"id":19003,"href":"https:\/\/cafeprensa.com.ar\/index.php\/wp-json\/wp\/v2\/posts\/19000\/revisions\/19003"}],"wp:featuredmedia":[{"embeddable":true,"href":"https:\/\/cafeprensa.com.ar\/index.php\/wp-json\/wp\/v2\/media\/19001"}],"wp:attachment":[{"href":"https:\/\/cafeprensa.com.ar\/index.php\/wp-json\/wp\/v2\/media?parent=19000"}],"wp:term":[{"taxonomy":"category","embeddable":true,"href":"https:\/\/cafeprensa.com.ar\/index.php\/wp-json\/wp\/v2\/categories?post=19000"},{"taxonomy":"post_tag","embeddable":true,"href":"https:\/\/cafeprensa.com.ar\/index.php\/wp-json\/wp\/v2\/tags?post=19000"}],"curies":[{"name":"wp","href":"https:\/\/api.w.org\/{rel}","templated":true}]}}