{"id":19012,"date":"2026-09-06T07:56:53","date_gmt":"2026-09-06T10:56:53","guid":{"rendered":"https:\/\/cafeprensa.com.ar\/?p=19012"},"modified":"2026-09-06T07:56:53","modified_gmt":"2026-09-06T10:56:53","slug":"el-cambalache-tucumano-la-vieja-politica-que-se-niega-a-jubilarse","status":"publish","type":"post","link":"https:\/\/cafeprensa.com.ar\/index.php\/2026\/09\/06\/el-cambalache-tucumano-la-vieja-politica-que-se-niega-a-jubilarse\/","title":{"rendered":"El cambalache tucumano: la vieja pol\u00edtica que se niega a jubilarse"},"content":{"rendered":"<div class=\"single-page\">\n<div class=\"post-thumbnail\"><strong>\u201cSi quer\u00e9s resultados distintos, no hagas siempre lo mismo\u201d<\/strong>. La m\u00e1xima atribuida a Einstein resuena en Tucum\u00e1n desde hace cuatro d\u00e9cadas con la fuerza de un diagn\u00f3stico no atendido. Elecci\u00f3n tras elecci\u00f3n, la oferta electoral reedita los mismos apellidos, los mismos esl\u00f3ganes caducos y las mismas disputas de comit\u00e9.<\/div>\n<div class=\"post-thumbnail\"><strong>PUBLICIDAD<\/strong><\/div>\n<div><img loading=\"lazy\" decoding=\"async\" class=\"alignnone wp-image-18706 size-full\" src=\"https:\/\/cafeprensa.com.ar\/wp-content\/uploads\/2026\/08\/Loteo-las-pircas.jpg\" alt=\"\" width=\"970\" height=\"90\" srcset=\"https:\/\/cafeprensa.com.ar\/wp-content\/uploads\/2026\/08\/Loteo-las-pircas.jpg 970w, https:\/\/cafeprensa.com.ar\/wp-content\/uploads\/2026\/08\/Loteo-las-pircas-300x28.jpg 300w, https:\/\/cafeprensa.com.ar\/wp-content\/uploads\/2026\/08\/Loteo-las-pircas-768x71.jpg 768w\" sizes=\"auto, (max-width: 970px) 100vw, 970px\" \/><\/div>\n<\/div>\n<div class=\"entry-content\">\n<p><strong>Existe una desconexi\u00f3n metodol\u00f3gica en la dirigencia local. Operan bajo el supuesto de que la opini\u00f3n p\u00fablica se moldea a trav\u00e9s del consumo tradicional de medios informativos, omitiendo que la penetraci\u00f3n de la conectividad y las redes sociales alter\u00f3 los flujos de comunicaci\u00f3n. La construcci\u00f3n de legitimidad basada en el acarreo territorial coexiste hoy con un electorado que contrasta el discurso oficialista u opositor con su realidad cotidiana inmediata: transporte, seguridad, precios e infraestructura urbana.<\/strong><\/p>\n<p><strong>El Peronismo: 40 a\u00f1os de hegemon\u00eda e interna permanente<\/strong><\/p>\n<p>Con la sola excepci\u00f3n del per\u00edodo 1995-1999 (gobernado por Fuerza Republicana), el Partido Justicialista administra la provincia desde la restituci\u00f3n democr\u00e1tica de 1983. Esta continuidad coloca la responsabilidad de la situaci\u00f3n socioecon\u00f3mica de Tucum\u00e1n sobre el oficialismo local, que oscila entre el ejercicio del poder y la escenificaci\u00f3n peri\u00f3dica de sus fricciones internas.<\/p>\n<p><strong>PUBLICIDAD<\/strong><img loading=\"lazy\" decoding=\"async\" class=\"alignnone wp-image-18683 size-full\" src=\"https:\/\/cafeprensa.com.ar\/wp-content\/uploads\/2026\/08\/3.png\" alt=\"\" width=\"900\" height=\"150\" srcset=\"https:\/\/cafeprensa.com.ar\/wp-content\/uploads\/2026\/08\/3.png 900w, https:\/\/cafeprensa.com.ar\/wp-content\/uploads\/2026\/08\/3-300x50.png 300w, https:\/\/cafeprensa.com.ar\/wp-content\/uploads\/2026\/08\/3-768x128.png 768w\" sizes=\"auto, (max-width: 900px) 100vw, 900px\" \/><span style=\"font-size: 14pt;\"><strong>El frente Manzur-Jaldo<\/strong><\/span><\/p>\n<p><strong>Juan Manzur:<\/strong>\u00a0Tras desempe\u00f1arse como Ministro de Salud, Vicegobernador (dos per\u00edodos), Gobernador (dos per\u00edodos), Jefe de Gabinete Nacional y su vigencia en el Senado, sus movimientos para disputar, nuevamente, el Poder Ejecutivo reflejan la resistencia de los liderazgos tradicionales a la transici\u00f3n generacional.<\/p>\n<p><strong>Osvaldo Jaldo:<\/strong>\u00a0En su rol de Gobernador, adopt\u00f3 una postura de alineamiento pragm\u00e1tico con la Administraci\u00f3n de\u00a0<strong>Javier Milei<\/strong>, argumentando la necesidad de garantizar las transferencias de recursos y la gobernabilidad provincial.<\/p>\n<p><strong>El enfrentamiento ret\u00f3rico \u2014con acusaciones cruzadas de traici\u00f3n o pactos externos\u2014 suele anteceder a instancias de reordenamiento pragm\u00e1tico. La fijaci\u00f3n del calendario electoral provinciales para mayo de 2027 reabre el interrogante sobre si el peronismo ir\u00e1 dividido o apelar\u00e1 nuevamente a la unidad como herramienta de retenci\u00f3n del poder.<\/strong><\/p>\n<p><strong>PUBLICIDAD<img loading=\"lazy\" decoding=\"async\" class=\"alignnone wp-image-18700 size-large\" src=\"https:\/\/cafeprensa.com.ar\/wp-content\/uploads\/2026\/08\/655454451_1351226433708218_7599175584347977023_n-1-1024x110.jpg\" alt=\"\" width=\"1024\" height=\"110\" srcset=\"https:\/\/cafeprensa.com.ar\/wp-content\/uploads\/2026\/08\/655454451_1351226433708218_7599175584347977023_n-1-1024x110.jpg 1024w, https:\/\/cafeprensa.com.ar\/wp-content\/uploads\/2026\/08\/655454451_1351226433708218_7599175584347977023_n-1-300x32.jpg 300w, https:\/\/cafeprensa.com.ar\/wp-content\/uploads\/2026\/08\/655454451_1351226433708218_7599175584347977023_n-1-768x82.jpg 768w, https:\/\/cafeprensa.com.ar\/wp-content\/uploads\/2026\/08\/655454451_1351226433708218_7599175584347977023_n-1-1536x164.jpg 1536w, https:\/\/cafeprensa.com.ar\/wp-content\/uploads\/2026\/08\/655454451_1351226433708218_7599175584347977023_n-1.jpg 2048w\" sizes=\"auto, (max-width: 1024px) 100vw, 1024px\" \/><\/strong><span style=\"font-size: 14pt;\"><strong>La Oposici\u00f3n: Fragmentaci\u00f3n y la emergencia de LLA<\/strong><\/span><\/p>\n<p>La oposici\u00f3n tradicional en Tucum\u00e1n (articulada hist\u00f3ricamente en torno al radicalismo, Fuerza Republicana, PRO y otros partidos provinciales) ha mostrado dificultades sistem\u00e1ticas para consolidar una alternativa competitiva, afectadas por personalismos y fisuras internas en momentos decisivos.<\/p>\n<p>Dirigentes tradicionales ven disputado su espacio de representaci\u00f3n ante la irrupci\u00f3n de nuevas opciones pol\u00edticas como\u00a0<strong>La Libertad Avanza (LLA)<\/strong>. Registra una penetraci\u00f3n directa alineada con la din\u00e1mica nacional, posicion\u00e1ndose como la principal fuerza de cambio en el electorado.<strong> No obstante, enfrenta desaf\u00edos estructurales como la construcci\u00f3n de cuadros territoriales propios, la falta de conocimiento masivo de algunos candidatos y la gesti\u00f3n de alianzas con figuras del radicalismo o del liberalismo local sin reproducir las din\u00e1micas de fragmentaci\u00f3n previas.\u00a0<\/strong><\/p>\n<p><strong>Perspectiva electoral<\/strong><\/p>\n<p>El escenario de cara a los pr\u00f3ximos comicios plantea un dilema estructural para la provincia: la continuidad de las din\u00e1micas pol\u00edticas hegem\u00f3nicas o la consolidaci\u00f3n de un esquema renovado dentro del marco democr\u00e1tico.<\/p>\n<p>La decisi\u00f3n recaer\u00e1 en la capacidad del electorado para definir entre la oferta tradicional y los nuevos proyectos que emergen.<strong> Entre lo viejo conocido o lo nuevo por conocer.<\/strong><\/p>\n<p><strong>PUBLICIDAD<img loading=\"lazy\" decoding=\"async\" class=\"alignnone wp-image-18707 size-full\" src=\"https:\/\/cafeprensa.com.ar\/wp-content\/uploads\/2026\/08\/Screenshot_20260422_105453_WhatsApp-1-1024x589-1.jpg\" alt=\"\" width=\"1024\" height=\"589\" srcset=\"https:\/\/cafeprensa.com.ar\/wp-content\/uploads\/2026\/08\/Screenshot_20260422_105453_WhatsApp-1-1024x589-1.jpg 1024w, https:\/\/cafeprensa.com.ar\/wp-content\/uploads\/2026\/08\/Screenshot_20260422_105453_WhatsApp-1-1024x589-1-300x173.jpg 300w, https:\/\/cafeprensa.com.ar\/wp-content\/uploads\/2026\/08\/Screenshot_20260422_105453_WhatsApp-1-1024x589-1-768x442.jpg 768w\" sizes=\"auto, (max-width: 1024px) 100vw, 1024px\" \/><\/strong><span style=\"font-size: 8pt;\"><strong>FUENTE: https:\/\/sincodigotucuman.com\/el-cambalache-tucumano-la-vieja-politica-que-se-niega-a-jubilarse\/<\/strong><\/span><\/p>\n<\/div>\n","protected":false},"excerpt":{"rendered":"<p>\u201cSi quer\u00e9s resultados distintos, no hagas siempre lo mismo\u201d. La m\u00e1xima atribuida a Einstein resuena en Tucum\u00e1n desde hace cuatro d\u00e9cadas con la fuerza de un diagn\u00f3stico no atendido. Elecci\u00f3n tras elecci\u00f3n, la oferta electoral reedita los mismos apellidos, los mismos esl\u00f3ganes caducos y las mismas disputas de comit\u00e9. PUBLICIDAD Existe una desconexi\u00f3n metodol\u00f3gica en &hellip;<\/p>\n","protected":false},"author":2,"featured_media":19013,"comment_status":"open","ping_status":"open","sticky":false,"template":"","format":"standard","meta":{"footnotes":""},"categories":[34,25],"tags":[1034,1804,94,143],"class_list":["post-19012","post","type-post","status-publish","format-standard","has-post-thumbnail","hentry","category-locales","category-politica","tag-campero","tag-catalan","tag-jaldo","tag-manzur"],"_links":{"self":[{"href":"https:\/\/cafeprensa.com.ar\/index.php\/wp-json\/wp\/v2\/posts\/19012","targetHints":{"allow":["GET"]}}],"collection":[{"href":"https:\/\/cafeprensa.com.ar\/index.php\/wp-json\/wp\/v2\/posts"}],"about":[{"href":"https:\/\/cafeprensa.com.ar\/index.php\/wp-json\/wp\/v2\/types\/post"}],"author":[{"embeddable":true,"href":"https:\/\/cafeprensa.com.ar\/index.php\/wp-json\/wp\/v2\/users\/2"}],"replies":[{"embeddable":true,"href":"https:\/\/cafeprensa.com.ar\/index.php\/wp-json\/wp\/v2\/comments?post=19012"}],"version-history":[{"count":1,"href":"https:\/\/cafeprensa.com.ar\/index.php\/wp-json\/wp\/v2\/posts\/19012\/revisions"}],"predecessor-version":[{"id":19014,"href":"https:\/\/cafeprensa.com.ar\/index.php\/wp-json\/wp\/v2\/posts\/19012\/revisions\/19014"}],"wp:featuredmedia":[{"embeddable":true,"href":"https:\/\/cafeprensa.com.ar\/index.php\/wp-json\/wp\/v2\/media\/19013"}],"wp:attachment":[{"href":"https:\/\/cafeprensa.com.ar\/index.php\/wp-json\/wp\/v2\/media?parent=19012"}],"wp:term":[{"taxonomy":"category","embeddable":true,"href":"https:\/\/cafeprensa.com.ar\/index.php\/wp-json\/wp\/v2\/categories?post=19012"},{"taxonomy":"post_tag","embeddable":true,"href":"https:\/\/cafeprensa.com.ar\/index.php\/wp-json\/wp\/v2\/tags?post=19012"}],"curies":[{"name":"wp","href":"https:\/\/api.w.org\/{rel}","templated":true}]}}