{"id":19022,"date":"2026-09-06T08:47:22","date_gmt":"2026-09-06T11:47:22","guid":{"rendered":"https:\/\/cafeprensa.com.ar\/?p=19022"},"modified":"2026-09-06T08:47:22","modified_gmt":"2026-09-06T11:47:22","slug":"juan-bautista-alberdi-ya-tiene-su-merecido-homenaje","status":"publish","type":"post","link":"https:\/\/cafeprensa.com.ar\/index.php\/2026\/09\/06\/juan-bautista-alberdi-ya-tiene-su-merecido-homenaje\/","title":{"rendered":"Juan Bautista Alberdi ya tiene su merecido homenaje"},"content":{"rendered":"<p><strong>En un acto encabezado por la intendente Rossana Chahla, junto al gobernador Osvaldo Jaldo, la Municipalidad inaugur\u00f3 el Paseo \u201cAlberdi IA\u201d en 24 de Septiembre y 25 de Mayo, en el sitio vinculado a la casa natal del pr\u00f3cer tucumano. \u201cEsto genera continuidad, encuentro y conocimiento\u201d, valor\u00f3 la jefa municipal.<\/strong><\/p>\n<p><strong><img loading=\"lazy\" decoding=\"async\" class=\"alignnone wp-image-19023 size-large\" src=\"https:\/\/cafeprensa.com.ar\/wp-content\/uploads\/2026\/09\/multimedia.normal.818213f6265cc513.bm9ybWFsLndlYnA-1024x683.webp\" alt=\"\" width=\"1024\" height=\"683\" srcset=\"https:\/\/cafeprensa.com.ar\/wp-content\/uploads\/2026\/09\/multimedia.normal.818213f6265cc513.bm9ybWFsLndlYnA-1024x683.webp 1024w, https:\/\/cafeprensa.com.ar\/wp-content\/uploads\/2026\/09\/multimedia.normal.818213f6265cc513.bm9ybWFsLndlYnA-300x200.webp 300w, https:\/\/cafeprensa.com.ar\/wp-content\/uploads\/2026\/09\/multimedia.normal.818213f6265cc513.bm9ybWFsLndlYnA-768x512.webp 768w, https:\/\/cafeprensa.com.ar\/wp-content\/uploads\/2026\/09\/multimedia.normal.818213f6265cc513.bm9ybWFsLndlYnA.webp 1280w\" sizes=\"auto, (max-width: 1024px) 100vw, 1024px\" \/><\/strong><\/p>\n<p><strong>PUBLICIDAD<img loading=\"lazy\" decoding=\"async\" class=\"alignnone wp-image-18717 \" src=\"https:\/\/cafeprensa.com.ar\/wp-content\/uploads\/2026\/08\/sat.jpg\" alt=\"\" width=\"808\" height=\"100\" srcset=\"https:\/\/cafeprensa.com.ar\/wp-content\/uploads\/2026\/08\/sat.jpg 728w, https:\/\/cafeprensa.com.ar\/wp-content\/uploads\/2026\/08\/sat-300x37.jpg 300w\" sizes=\"auto, (max-width: 808px) 100vw, 808px\" \/>La Municipalidad de San Miguel de Tucum\u00e1n inaugur\u00f3 este jueves el Paseo Urbano y Homenaje a Juan Bautista Alberdi, un nuevo espacio p\u00fablico de car\u00e1cter cultural y patrimonial emplazado en la esquina de 24 de Septiembre y 25 de Mayo, en un sector hist\u00f3rico de la ciudad donde estuvo ubicada la casa natal del pr\u00f3cer tucumano.<\/strong><\/p>\n<p>El acto fue encabezado por la intendente\u00a0<strong>Rossana Chahla<\/strong>, junto al gobernador\u00a0<strong>Osvaldo Jaldo;\u00a0<\/strong>el presidente del Concejo Deliberante,<strong>\u00a0Fernando Juri<\/strong>; y\u00a0<strong>Marcela Ruiz<\/strong>, presidenta de la Federaci\u00f3n Argentina de la Magistratura y la Funci\u00f3n Judicial (FAM), quienes dejaron oficialmente habilitada la intervenci\u00f3n realizada por el Municipio en la tradicional esquina, frente a la Plaza Independencia, en el frente del local de<strong> \u201c<em>La Pizzada<\/em>\u201d (antes\u00a0<em>La Recova<\/em>).<\/strong> De la ceremonia tambi\u00e9n participaron autoridades provinciales, los legisladores\u00a0<strong>Ger\u00f3nimo Vargas Aignasse\u00a0<\/strong>y\u00a0<strong>Hugo Ledesma<\/strong>, concejales, funcionarios municipales y vecinos.<\/p>\n<p>El proyecto del\u00a0<strong>\u201cPaseo Alberdi IA\u201d<\/strong>, como se denomina la obra, busca recuperar el valor hist\u00f3rico y simb\u00f3lico del lugar y, al mismo tiempo, incorporarlo a la din\u00e1mica cotidiana del centro de la Capital como un \u00e1mbito para el encuentro, el aprendizaje y la reflexi\u00f3n. La propuesta combina patrimonio, arte, tecnolog\u00eda, paisajismo y criterios de accesibilidad.<img loading=\"lazy\" decoding=\"async\" class=\"alignnone wp-image-19025 size-large\" src=\"https:\/\/cafeprensa.com.ar\/wp-content\/uploads\/2026\/09\/multimedia.normal.aceb6b80c55a59ab.bm9ybWFsLndlYnA-1024x683.webp\" alt=\"\" width=\"1024\" height=\"683\" srcset=\"https:\/\/cafeprensa.com.ar\/wp-content\/uploads\/2026\/09\/multimedia.normal.aceb6b80c55a59ab.bm9ybWFsLndlYnA-1024x683.webp 1024w, https:\/\/cafeprensa.com.ar\/wp-content\/uploads\/2026\/09\/multimedia.normal.aceb6b80c55a59ab.bm9ybWFsLndlYnA-300x200.webp 300w, https:\/\/cafeprensa.com.ar\/wp-content\/uploads\/2026\/09\/multimedia.normal.aceb6b80c55a59ab.bm9ybWFsLndlYnA-768x512.webp 768w, https:\/\/cafeprensa.com.ar\/wp-content\/uploads\/2026\/09\/multimedia.normal.aceb6b80c55a59ab.bm9ybWFsLndlYnA.webp 1280w\" sizes=\"auto, (max-width: 1024px) 100vw, 1024px\" \/><strong>Uno de los rasgos distintivos del nuevo paseo es que el homenaje a Alberdi no se limita a un monumento tradicional. La intervenci\u00f3n fue concebida alrededor de tres elementos centrales: un busto del pr\u00f3cer, un t\u00f3tem interactivo y una fuente escult\u00f3rica con forma de libro abierto.<\/strong><\/p>\n<p><strong>PUBLICIDAD<img loading=\"lazy\" decoding=\"async\" class=\"alignnone wp-image-18713 \" src=\"https:\/\/cafeprensa.com.ar\/wp-content\/uploads\/2026\/08\/banner_cesar_gonzalez.jpeg\" alt=\"\" width=\"793\" height=\"98\" srcset=\"https:\/\/cafeprensa.com.ar\/wp-content\/uploads\/2026\/08\/banner_cesar_gonzalez.jpeg 728w, https:\/\/cafeprensa.com.ar\/wp-content\/uploads\/2026\/08\/banner_cesar_gonzalez-300x37.jpeg 300w\" sizes=\"auto, (max-width: 793px) 100vw, 793px\" \/><span style=\"font-size: 14pt;\">\u201cEsto genera comunidad, encuentro y conocimiento\u201d<\/span><\/strong><\/p>\n<p><strong>Tras la inauguraci\u00f3n, la intendente Chahla destac\u00f3 que el Paseo Alberdi IA fue pensado no solamente como una intervenci\u00f3n para recuperar el espacio p\u00fablico, sino tambi\u00e9n como una herramienta para acercar la historia y el legado del pr\u00f3cer tucumano a vecinos, j\u00f3venes y turistas. <\/strong><\/p>\n<p>\u201cAc\u00e1 estamos con el acompa\u00f1amiento del se\u00f1or gobernador Osvaldo Jaldo, quien apoy\u00f3 desde el principio este proyecto. Para nosotros, darle un lugar m\u00e1s de encuentro a todos los tucumanos y a todos los turistas es muy bueno, pero tambi\u00e9n generando cultura en los ni\u00f1os, educando a los j\u00f3venes para que conozcan nuestra cultura y nuestras ra\u00edces\u201d, expres\u00f3.<\/p>\n<p><strong>Chahla remarc\u00f3 especialmente el valor hist\u00f3rico de haber realizado el homenaje en la esquina de 24 de Septiembre y 25 de Mayo, vinculada al sitio donde estuvo emplazada la casa natal de Juan Bautista Alberdi. El proyecto municipal fue concebido precisamente para recuperar ese punto de la ciudad y combinar patrimonio, arte y nuevas tecnolog\u00edas.<\/strong><\/p>\n<p>\u201cJuan Bautista Alberdi ha sido una persona que ha hecho mucho por nuestra querida patria, por nuestra Argentina, por nuestra Rep\u00fablica. Y conocer m\u00e1s de \u00e9l y d\u00f3nde naci\u00f3, exactamente el lugar donde naci\u00f3, quer\u00edamos tener un lugar que realmente sea un homenaje\u201d, explic\u00f3 la intendente.<img loading=\"lazy\" decoding=\"async\" class=\"alignnone wp-image-19024 size-large\" src=\"https:\/\/cafeprensa.com.ar\/wp-content\/uploads\/2026\/09\/multimedia.normal.acd796319062219f.bm9ybWFsLndlYnA-1024x683.webp\" alt=\"\" width=\"1024\" height=\"683\" srcset=\"https:\/\/cafeprensa.com.ar\/wp-content\/uploads\/2026\/09\/multimedia.normal.acd796319062219f.bm9ybWFsLndlYnA-1024x683.webp 1024w, https:\/\/cafeprensa.com.ar\/wp-content\/uploads\/2026\/09\/multimedia.normal.acd796319062219f.bm9ybWFsLndlYnA-300x200.webp 300w, https:\/\/cafeprensa.com.ar\/wp-content\/uploads\/2026\/09\/multimedia.normal.acd796319062219f.bm9ybWFsLndlYnA-768x512.webp 768w, https:\/\/cafeprensa.com.ar\/wp-content\/uploads\/2026\/09\/multimedia.normal.acd796319062219f.bm9ybWFsLndlYnA.webp 1280w\" sizes=\"auto, (max-width: 1024px) 100vw, 1024px\" \/><\/p>\n<p>La jefa municipal destac\u00f3 adem\u00e1s la participaci\u00f3n de los especialistas y artistas que trabajaron en el proyecto. Entre ellos mencion\u00f3 al muse\u00f3logo<strong>\u00a0Gabriel Miremont<\/strong>\u00a0y al escultor\u00a0<strong>Carlos Benav\u00eddez<\/strong>, autor del busto de Alberdi que ocupa uno de los lugares centrales del paseo.<\/p>\n<p><strong>Chahla agradeci\u00f3 tambi\u00e9n a los comerciantes y vecinos del sector por acompa\u00f1ar el desarrollo de los trabajos y defini\u00f3 el sentido que el Municipio busc\u00f3 darle al nuevo espacio. \u201cSabemos que esto genera comunidad, genera encuentro, genera tambi\u00e9n conocimiento\u201d, sostuvo. Y agreg\u00f3: \u201cHoy estamos inaugurando esto para todos los sanmiguelinos, como yo digo, pero tambi\u00e9n es para toda la provincia y para todos nuestros turistas\u201d.<\/strong><\/p>\n<p><strong>PUBLICIDAD<img loading=\"lazy\" decoding=\"async\" class=\"alignnone wp-image-18704 size-large\" src=\"https:\/\/cafeprensa.com.ar\/wp-content\/uploads\/2026\/08\/IMG-20260404-WA0022-1024x256.jpg\" alt=\"\" width=\"1024\" height=\"256\" srcset=\"https:\/\/cafeprensa.com.ar\/wp-content\/uploads\/2026\/08\/IMG-20260404-WA0022-1024x256.jpg 1024w, https:\/\/cafeprensa.com.ar\/wp-content\/uploads\/2026\/08\/IMG-20260404-WA0022-300x75.jpg 300w, https:\/\/cafeprensa.com.ar\/wp-content\/uploads\/2026\/08\/IMG-20260404-WA0022-768x192.jpg 768w, https:\/\/cafeprensa.com.ar\/wp-content\/uploads\/2026\/08\/IMG-20260404-WA0022-1536x384.jpg 1536w, https:\/\/cafeprensa.com.ar\/wp-content\/uploads\/2026\/08\/IMG-20260404-WA0022-2048x512.jpg 2048w\" sizes=\"auto, (max-width: 1024px) 100vw, 1024px\" \/><span style=\"font-size: 14pt;\">\u201cEstamos empezando a saldar una deuda con nuestros pr\u00f3ceres\u201d<\/span><\/strong><\/p>\n<p>A continuaci\u00f3n, el gobernador Jaldo destac\u00f3 la recuperaci\u00f3n del espacio p\u00fablico y consider\u00f3 que el homenaje a Alberdi permite comenzar a reconocer con mayor fuerza el aporte de los tucumanos que tuvieron una participaci\u00f3n decisiva en la historia argentina.<\/p>\n<p><strong>\u201cQuer\u00edamos estar acompa\u00f1ando a la se\u00f1ora intendente en la inauguraci\u00f3n de este hermoso Paseo Alberdi. Debemos agradecer a todos los que colaboraron, todos los que pusieron un granito de arena para que hoy los tucumanos tengamos este hermoso paseo digno de disfrutar, un espacio p\u00fablico recuperado\u201d, se\u00f1al\u00f3.<\/strong><\/p>\n<p>El mandatario reconoci\u00f3 tambi\u00e9n el aporte de los comerciantes del lugar que colaboraron con la intervenci\u00f3n y plante\u00f3: \u201cLos tucumanos estamos empezando a saldar una deuda con nuestros pr\u00f3ceres\u201d.<\/p>\n<p><strong>El gobernador record\u00f3 que Alberdi naci\u00f3 en Tucum\u00e1n en 1810 y destac\u00f3 particularmente su influencia en la Constituci\u00f3n Nacional. \u201cGracias a otro tucumano como Juan Bautista Alberdi se sentaron las bases de lo que es la actual Constituci\u00f3n Nacional. Y con la Constituci\u00f3n Nacional se le dio un orden jur\u00eddico a nuestro pa\u00eds\u201d, afirm\u00f3.<\/strong><\/p>\n<p>En esa l\u00ednea, consider\u00f3 necesario profundizar el reconocimiento p\u00fablico a las figuras de la provincia que tuvieron incidencia en la historia nacional. \u201cLos tucumanos tenemos que tener mucho m\u00e1s presente la participaci\u00f3n que han tenido muchos h\u00e9roes, hombres y mujeres tucumanas, en el rol de la Declaraci\u00f3n de nuestra Independencia y en el rol que hemos tenido para que hoy la Argentina tenga patria\u201d, manifest\u00f3.<\/p>\n<p><strong>PUBLICIDAD<\/strong><img loading=\"lazy\" decoding=\"async\" class=\"alignnone wp-image-18698 size-large\" src=\"https:\/\/cafeprensa.com.ar\/wp-content\/uploads\/2026\/08\/655454451_1351226433708218_7599175584347977023_n-1024x110.jpg\" alt=\"\" width=\"1024\" height=\"110\" srcset=\"https:\/\/cafeprensa.com.ar\/wp-content\/uploads\/2026\/08\/655454451_1351226433708218_7599175584347977023_n-1024x110.jpg 1024w, https:\/\/cafeprensa.com.ar\/wp-content\/uploads\/2026\/08\/655454451_1351226433708218_7599175584347977023_n-300x32.jpg 300w, https:\/\/cafeprensa.com.ar\/wp-content\/uploads\/2026\/08\/655454451_1351226433708218_7599175584347977023_n-768x82.jpg 768w, https:\/\/cafeprensa.com.ar\/wp-content\/uploads\/2026\/08\/655454451_1351226433708218_7599175584347977023_n-1536x164.jpg 1536w, https:\/\/cafeprensa.com.ar\/wp-content\/uploads\/2026\/08\/655454451_1351226433708218_7599175584347977023_n.jpg 2048w\" sizes=\"auto, (max-width: 1024px) 100vw, 1024px\" \/><span style=\"font-size: 14pt;\"><strong>El desaf\u00edo de representar a Alberdi<\/strong><\/span><\/p>\n<p>El busto de Juan Bautista Alberdi, realizado por el escultor Carlos Benav\u00eddez, constituye la pieza conmemorativa central y fue instalado sobre un pedestal en el nuevo espacio p\u00fablico.<\/p>\n<p><strong>El artista cordob\u00e9s cont\u00f3 c\u00f3mo encar\u00f3 el desaf\u00edo de representar al pr\u00f3cer, del que es admirador, y explic\u00f3 el proceso art\u00edstico que deriv\u00f3 en la pieza de bronce que desde ahora forma parte del patrimonio urbano de la Capital.\u00a0\u00a0\u201cSiempre me ha tocado representar a muchos personajes hist\u00f3ricos y Alberdi es uno de mis admirados\u201d, afirm\u00f3.<\/strong><\/p>\n<p>El artista explic\u00f3 que antes de comenzar a modelar busc\u00f3 profundizar en la personalidad y el pensamiento del homenajeado. \u201cMe met\u00ed un poco en la vida de \u00e9l, a investigar qui\u00e9n era el personaje y buscar en su iconograf\u00eda, que siempre digo que hay que respetarla un poco porque todo el mundo la reconoce\u201d, relat\u00f3.<\/p>\n<p><strong>PUBLICIDAD<\/strong><img loading=\"lazy\" decoding=\"async\" class=\"alignnone wp-image-18467 size-large\" src=\"https:\/\/cafeprensa.com.ar\/wp-content\/uploads\/2026\/08\/HOTEL-1024x318.jpg\" alt=\"\" width=\"1024\" height=\"318\" srcset=\"https:\/\/cafeprensa.com.ar\/wp-content\/uploads\/2026\/08\/HOTEL-1024x318.jpg 1024w, https:\/\/cafeprensa.com.ar\/wp-content\/uploads\/2026\/08\/HOTEL-300x93.jpg 300w, https:\/\/cafeprensa.com.ar\/wp-content\/uploads\/2026\/08\/HOTEL-768x238.jpg 768w, https:\/\/cafeprensa.com.ar\/wp-content\/uploads\/2026\/08\/HOTEL.jpg 1302w\" sizes=\"auto, (max-width: 1024px) 100vw, 1024px\" \/><strong>Sin embargo, se\u00f1al\u00f3 que su intenci\u00f3n fue ir m\u00e1s all\u00e1 de reproducir los rasgos conocidos de Alberdi. \u201cEn mi caso soy un escultor expresionista, es decir que trato de buscar el car\u00e1cter del personaje. Yo siempre digo que la forma debe estar para contar el car\u00e1cter del personaje y mi trabajo siempre es ese\u201d, explic\u00f3.<\/strong><\/p>\n<p>Para lograrlo, recurri\u00f3 tambi\u00e9n a los textos escritos por el propio Alberdi. \u201cEmpec\u00e9 a indagar un poco en sus escritos, me imaginaba c\u00f3mo pod\u00eda llegar a ser y ah\u00ed empez\u00e1s a trabajar\u201d, cont\u00f3.<\/p>\n<p><strong>La pieza fue modelada inicialmente en arcilla y posteriormente llevada a bronce mediante un proceso de fundici\u00f3n realizado en Estados Unidos. Para Benav\u00eddez, la elecci\u00f3n de ese material tiene un significado especial cuando se trata de una obra destinada al espacio p\u00fablico.<\/strong><\/p>\n<p>\u201cLo bueno es que se haga un bronce porque va a perdurar por siempre. El bronce tiene ese destino de eternidad que dicen los artistas\u201d, sostuvo.<\/p>\n<p><strong>PUBLICIDAD<\/strong><img loading=\"lazy\" decoding=\"async\" class=\"alignnone wp-image-18460 size-large\" src=\"https:\/\/cafeprensa.com.ar\/wp-content\/uploads\/2026\/08\/Screenshot_20260617_111414_Gallery-1024x276.jpg\" alt=\"\" width=\"1024\" height=\"276\" srcset=\"https:\/\/cafeprensa.com.ar\/wp-content\/uploads\/2026\/08\/Screenshot_20260617_111414_Gallery-1024x276.jpg 1024w, https:\/\/cafeprensa.com.ar\/wp-content\/uploads\/2026\/08\/Screenshot_20260617_111414_Gallery-300x81.jpg 300w, https:\/\/cafeprensa.com.ar\/wp-content\/uploads\/2026\/08\/Screenshot_20260617_111414_Gallery-768x207.jpg 768w, https:\/\/cafeprensa.com.ar\/wp-content\/uploads\/2026\/08\/Screenshot_20260617_111414_Gallery-1536x414.jpg 1536w, https:\/\/cafeprensa.com.ar\/wp-content\/uploads\/2026\/08\/Screenshot_20260617_111414_Gallery-2048x552.jpg 2048w\" sizes=\"auto, (max-width: 1024px) 100vw, 1024px\" \/><strong>El escultor celebr\u00f3 finalmente que San Miguel de Tucum\u00e1n haya elegido ese material para el homenaje y destac\u00f3 su utilizaci\u00f3n para obras destinadas a permanecer en la v\u00eda p\u00fablica. Con el descubrimiento del busto, la obra de Benav\u00eddez pas\u00f3 a integrar uno de los tres componentes centrales del Paseo Alberdi IA, junto con el t\u00f3tem interactivo dedicado a la vida y el pensamiento del pr\u00f3cer y la fuente sonora con forma de libro abierto.<\/strong><\/p>\n<h2>Una experiencia interactiva<\/h2>\n<p>A pocos metros del busto de bronce, se incorpor\u00f3 un t\u00f3tem interactivo con la figura de Alberdi, pensado como una herramienta museogr\u00e1fica y tecnol\u00f3gica para que quienes recorran el paseo puedan acceder a contenidos vinculados con su vida, su obra y su pensamiento.<\/p>\n<p><strong>La intenci\u00f3n es acercar la figura del pr\u00f3cer a los visitantes mediante recursos contempor\u00e1neos y generar una experiencia que vaya m\u00e1s all\u00e1 de la contemplaci\u00f3n de un monumento, con especial atenci\u00f3n a las nuevas generaciones.<\/strong><\/p>\n<p>La tercera pieza es una fuente de agua con forma de libro abierto, realizada por el escultor\u00a0<strong>Jacob Paz<\/strong>. De acuerdo con la memoria de la obra, el libro simboliza el conocimiento, la educaci\u00f3n y el pensamiento, mientras que el agua representa el movimiento, la vida y la renovaci\u00f3n.<\/p>\n<p>Del proyecto tambi\u00e9n particip\u00f3 la artista\u00a0<strong>Julieta Lombardelli.<\/strong><\/p>\n<p><strong>De esa manera, las tres intervenciones fueron concebidas como partes de un mismo homenaje: el busto representa la memoria y el reconocimiento; el t\u00f3tem, el di\u00e1logo y la interacci\u00f3n; y el libro-fuente, el conocimiento y la permanencia de las ideas de Alberdi.<\/strong><\/p>\n<p><strong>PUBLICIDAD<img loading=\"lazy\" decoding=\"async\" class=\"alignnone wp-image-18466 size-large\" src=\"https:\/\/cafeprensa.com.ar\/wp-content\/uploads\/2026\/08\/img2-1024x288.webp\" alt=\"\" width=\"1024\" height=\"288\" srcset=\"https:\/\/cafeprensa.com.ar\/wp-content\/uploads\/2026\/08\/img2-1024x288.webp 1024w, https:\/\/cafeprensa.com.ar\/wp-content\/uploads\/2026\/08\/img2-300x84.webp 300w, https:\/\/cafeprensa.com.ar\/wp-content\/uploads\/2026\/08\/img2-768x216.webp 768w, https:\/\/cafeprensa.com.ar\/wp-content\/uploads\/2026\/08\/img2-1536x432.webp 1536w, https:\/\/cafeprensa.com.ar\/wp-content\/uploads\/2026\/08\/img2-2048x576.webp 2048w\" sizes=\"auto, (max-width: 1024px) 100vw, 1024px\" \/><span style=\"font-size: 14pt;\">Un museo a cielo abierto<\/span><\/strong><\/p>\n<p>La propuesta incorpora adem\u00e1s una dimensi\u00f3n museol\u00f3gica que busca convertir el paseo en una suerte de espacio de interpretaci\u00f3n hist\u00f3rica a cielo abierto.<\/p>\n<p><strong>A trav\u00e9s de contenidos digitales y c\u00f3digos QR, los visitantes podr\u00e1n ampliar la informaci\u00f3n disponible sobre Alberdi, conocer aspectos de la historia del lugar y establecer conexiones con otros sitios relacionados con su figura.<\/strong><\/p>\n<p>Entre ellos se encuentra la Casa de Gobierno de Tucum\u00e1n, donde descansan los restos de Alberdi, con el objetivo de vincular distintos puntos de la ciudad relacionados con su memoria y su legado.<\/p>\n<p><strong>El dise\u00f1o del paseo tiene un car\u00e1cter predominantemente peatonal e incorpora bancos y sectores de permanencia delimitados con adoquines. En distintos puntos del pavimento se incluyeron adem\u00e1s frases seleccionadas de Juan Bautista Alberdi, para integrar su pensamiento al recorrido cotidiano por el espacio.<\/strong><\/p>\n<p><strong>PUBLICIDAD<img loading=\"lazy\" decoding=\"async\" class=\"alignnone wp-image-18248 size-large\" src=\"https:\/\/cafeprensa.com.ar\/wp-content\/uploads\/2026\/07\/channels4_banner-1024x169.jpg\" alt=\"\" width=\"1024\" height=\"169\" srcset=\"https:\/\/cafeprensa.com.ar\/wp-content\/uploads\/2026\/07\/channels4_banner-1024x169.jpg 1024w, https:\/\/cafeprensa.com.ar\/wp-content\/uploads\/2026\/07\/channels4_banner-300x50.jpg 300w, https:\/\/cafeprensa.com.ar\/wp-content\/uploads\/2026\/07\/channels4_banner-768x127.jpg 768w, https:\/\/cafeprensa.com.ar\/wp-content\/uploads\/2026\/07\/channels4_banner.jpg 1138w\" sizes=\"auto, (max-width: 1024px) 100vw, 1024px\" \/><\/strong>La intervenci\u00f3n paisaj\u00edstica contempl\u00f3 la preservaci\u00f3n del arbolado existente y la incorporaci\u00f3n de peque\u00f1as \u00e1reas verdes. Tambi\u00e9n se tuvieron en cuenta criterios de accesibilidad universal, con recorridos continuos y piso podot\u00e1ctil para facilitar la orientaci\u00f3n y el desplazamiento de personas con discapacidad visual.<\/p>\n<p><strong>El proyecto se completa con un nuevo sistema de iluminaci\u00f3n destinado tanto a mejorar las condiciones del paseo durante la noche como a destacar sus principales componentes art\u00edsticos. La iluminaci\u00f3n general cuenta con 11 luminarias LED, mientras que proyectores espec\u00edficos permiten jerarquizar el busto de Alberdi, el libro-fuente y la vegetaci\u00f3n. La fuente incorpora, adem\u00e1s, \u00f3pticas LED RGB que posibilitan generar diferentes efectos lum\u00ednicos.<\/strong><\/p>\n<p>Con la inauguraci\u00f3n del paseo, el Municipio sum\u00f3 as\u00ed un nuevo espacio cultural y patrimonial en uno de los puntos m\u00e1s transitados del casco hist\u00f3rico, recuperando una esquina estrechamente vinculada con Juan Bautista Alberdi y con la historia de San Miguel de Tucum\u00e1n. El proyecto fue concebido para que el lugar funcione no solamente como homenaje, sino tambi\u00e9n como un espacio de uso cotidiano para vecinos, visitantes y turistas.<\/p>\n<p><strong>PUBLICIDAD<\/strong><img loading=\"lazy\" decoding=\"async\" class=\"alignnone wp-image-18535 size-large\" src=\"https:\/\/cafeprensa.com.ar\/wp-content\/uploads\/2026\/08\/file_00000000d49c820eb3d071daaa52859b-1024x601.png\" alt=\"\" width=\"1024\" height=\"601\" srcset=\"https:\/\/cafeprensa.com.ar\/wp-content\/uploads\/2026\/08\/file_00000000d49c820eb3d071daaa52859b-1024x601.png 1024w, https:\/\/cafeprensa.com.ar\/wp-content\/uploads\/2026\/08\/file_00000000d49c820eb3d071daaa52859b-300x176.png 300w, https:\/\/cafeprensa.com.ar\/wp-content\/uploads\/2026\/08\/file_00000000d49c820eb3d071daaa52859b-768x451.png 768w, https:\/\/cafeprensa.com.ar\/wp-content\/uploads\/2026\/08\/file_00000000d49c820eb3d071daaa52859b-1536x902.png 1536w, https:\/\/cafeprensa.com.ar\/wp-content\/uploads\/2026\/08\/file_00000000d49c820eb3d071daaa52859b.png 1637w\" sizes=\"auto, (max-width: 1024px) 100vw, 1024px\" \/><\/p>\n","protected":false},"excerpt":{"rendered":"<p>En un acto encabezado por la intendente Rossana Chahla, junto al gobernador Osvaldo Jaldo, la Municipalidad inaugur\u00f3 el Paseo \u201cAlberdi IA\u201d en 24 de Septiembre y 25 de Mayo, en el sitio vinculado a la casa natal del pr\u00f3cer tucumano. \u201cEsto genera continuidad, encuentro y conocimiento\u201d, valor\u00f3 la jefa municipal. PUBLICIDADLa Municipalidad de San Miguel &hellip;<\/p>\n","protected":false},"author":2,"featured_media":19026,"comment_status":"open","ping_status":"open","sticky":false,"template":"","format":"standard","meta":{"footnotes":""},"categories":[1613,170],"tags":[985,3562,160],"class_list":["post-19022","post","type-post","status-publish","format-standard","has-post-thumbnail","hentry","category-intendencias","category-turismo","tag-alberdi","tag-paseo","tag-tucuman"],"_links":{"self":[{"href":"https:\/\/cafeprensa.com.ar\/index.php\/wp-json\/wp\/v2\/posts\/19022","targetHints":{"allow":["GET"]}}],"collection":[{"href":"https:\/\/cafeprensa.com.ar\/index.php\/wp-json\/wp\/v2\/posts"}],"about":[{"href":"https:\/\/cafeprensa.com.ar\/index.php\/wp-json\/wp\/v2\/types\/post"}],"author":[{"embeddable":true,"href":"https:\/\/cafeprensa.com.ar\/index.php\/wp-json\/wp\/v2\/users\/2"}],"replies":[{"embeddable":true,"href":"https:\/\/cafeprensa.com.ar\/index.php\/wp-json\/wp\/v2\/comments?post=19022"}],"version-history":[{"count":1,"href":"https:\/\/cafeprensa.com.ar\/index.php\/wp-json\/wp\/v2\/posts\/19022\/revisions"}],"predecessor-version":[{"id":19027,"href":"https:\/\/cafeprensa.com.ar\/index.php\/wp-json\/wp\/v2\/posts\/19022\/revisions\/19027"}],"wp:featuredmedia":[{"embeddable":true,"href":"https:\/\/cafeprensa.com.ar\/index.php\/wp-json\/wp\/v2\/media\/19026"}],"wp:attachment":[{"href":"https:\/\/cafeprensa.com.ar\/index.php\/wp-json\/wp\/v2\/media?parent=19022"}],"wp:term":[{"taxonomy":"category","embeddable":true,"href":"https:\/\/cafeprensa.com.ar\/index.php\/wp-json\/wp\/v2\/categories?post=19022"},{"taxonomy":"post_tag","embeddable":true,"href":"https:\/\/cafeprensa.com.ar\/index.php\/wp-json\/wp\/v2\/tags?post=19022"}],"curies":[{"name":"wp","href":"https:\/\/api.w.org\/{rel}","templated":true}]}}