{"id":1906,"date":"2024-03-21T12:18:27","date_gmt":"2024-03-21T11:18:27","guid":{"rendered":"https:\/\/cafeprensa.com.ar\/?p=1906"},"modified":"2024-03-21T12:18:27","modified_gmt":"2024-03-21T11:18:27","slug":"sergio-massa-se-mostro-con-un-diputado-tucumano-analizando-la-gestion-del-gobierno","status":"publish","type":"post","link":"https:\/\/cafeprensa.com.ar\/index.php\/2024\/03\/21\/sergio-massa-se-mostro-con-un-diputado-tucumano-analizando-la-gestion-del-gobierno\/","title":{"rendered":"Sergio Massa se mostr\u00f3 con un diputado tucumano, analizando la gesti\u00f3n del Gobierno"},"content":{"rendered":"<div class=\"post-content\">\n<p>El diputado nacional <strong>Pablo Yedlin\u00a0<\/strong>(UP \u2013 Tucum\u00e1n) se mostr\u00f3 este martes en las redes sociales junto al excandidato presidencial\u00a0<strong>Sergio Massa<\/strong>, analizando cuestiones inherentes a la salud y las pol\u00edticas aplicadas por el Gobierno Nacional.<\/p>\n<\/div>\n<div class=\"contenido-post\">\n<p>\u201cMe reun\u00ed con Sergio Massa para contarle del proyecto de ley de regulaci\u00f3n del precio de medicamentos que present\u00e9 en<\/p>\n<p>Diputados\u201d, cont\u00f3 el expresidente de la Comisi\u00f3n de Salud en su cuenta de la red social X.<\/p>\n<p>Y agreg\u00f3: \u201cAdem\u00e1s evaluamos el impacto de la epidemia de dengue en el pa\u00eds y la falta de respuesta del Ministerio de Salud de la Naci\u00f3n\u201d.<\/p>\n<p>Respecto del proyecto para regular el precio de los medicamentos, el mismo fue presentado el pasado 7 de marzo por Yedlin, acompa\u00f1ado por <em><strong>43 diputados de su bancada<\/strong><\/em>, y tiene\u00a0 por objeto \u201cregular los precios de los medicamentos para facilitar el acceso a los mismos\u201d.<\/p>\n<p>\u201cEl precio de venta al p\u00fablico de los medicamentos comercializados en Argentina no podr\u00e1 ajustare por un \u00edndice superior al Indice de Precios al Consumidor (IPC), ni al \u00edndice de la Remuneraci\u00f3n Imponible de los Trabajadores Estables (RIPTE) para el mismo per\u00edodo considerado\u201d, reza el art\u00edculo 2\u00b0 de su propuesta.<\/p>\n<p>En los fundamentos, el proyecto de Yedlin recuerda que nuestro pa\u00eds tuvo acuerdos de precios formales o informales entre el Gobierno y la industria farmac\u00e9utica y actores relacionados, no sistematizados ni sostenidos en el tiempo. \u201cPor otro lado, el contexto inflacionario actual, las condiciones expuestas del sector y la manifiesta disminuci\u00f3n del acceso a los medicamentos de los argentinos hacen necesario como una de las principales medidas sanitarias establecer un sistema que permita limitar los aumentos de los precios de los medicamentos, hasta que la econom\u00eda se estabilice\u201d, sostiene el proyecto que detall\u00f3 el diputado tucumano ante el exministro de Econom\u00eda.<\/p>\n<\/div>\n","protected":false},"excerpt":{"rendered":"<p>El diputado nacional Pablo Yedlin\u00a0(UP \u2013 Tucum\u00e1n) se mostr\u00f3 este martes en las redes sociales junto al excandidato presidencial\u00a0Sergio Massa, analizando cuestiones inherentes a la salud y las pol\u00edticas aplicadas por el Gobierno Nacional. \u201cMe reun\u00ed con Sergio Massa para contarle del proyecto de ley de regulaci\u00f3n del precio de medicamentos que present\u00e9 en Diputados\u201d, &hellip;<\/p>\n","protected":false},"author":2,"featured_media":1907,"comment_status":"open","ping_status":"open","sticky":false,"template":"","format":"standard","meta":{"footnotes":""},"categories":[33,25],"tags":[394,393],"class_list":["post-1906","post","type-post","status-publish","format-standard","has-post-thumbnail","hentry","category-nacionales","category-politica","tag-diputado-nacional-pablo-yedlin","tag-sergio-massa"],"_links":{"self":[{"href":"https:\/\/cafeprensa.com.ar\/index.php\/wp-json\/wp\/v2\/posts\/1906","targetHints":{"allow":["GET"]}}],"collection":[{"href":"https:\/\/cafeprensa.com.ar\/index.php\/wp-json\/wp\/v2\/posts"}],"about":[{"href":"https:\/\/cafeprensa.com.ar\/index.php\/wp-json\/wp\/v2\/types\/post"}],"author":[{"embeddable":true,"href":"https:\/\/cafeprensa.com.ar\/index.php\/wp-json\/wp\/v2\/users\/2"}],"replies":[{"embeddable":true,"href":"https:\/\/cafeprensa.com.ar\/index.php\/wp-json\/wp\/v2\/comments?post=1906"}],"version-history":[{"count":1,"href":"https:\/\/cafeprensa.com.ar\/index.php\/wp-json\/wp\/v2\/posts\/1906\/revisions"}],"predecessor-version":[{"id":1908,"href":"https:\/\/cafeprensa.com.ar\/index.php\/wp-json\/wp\/v2\/posts\/1906\/revisions\/1908"}],"wp:featuredmedia":[{"embeddable":true,"href":"https:\/\/cafeprensa.com.ar\/index.php\/wp-json\/wp\/v2\/media\/1907"}],"wp:attachment":[{"href":"https:\/\/cafeprensa.com.ar\/index.php\/wp-json\/wp\/v2\/media?parent=1906"}],"wp:term":[{"taxonomy":"category","embeddable":true,"href":"https:\/\/cafeprensa.com.ar\/index.php\/wp-json\/wp\/v2\/categories?post=1906"},{"taxonomy":"post_tag","embeddable":true,"href":"https:\/\/cafeprensa.com.ar\/index.php\/wp-json\/wp\/v2\/tags?post=1906"}],"curies":[{"name":"wp","href":"https:\/\/api.w.org\/{rel}","templated":true}]}}