{"id":1966,"date":"2024-03-25T12:25:55","date_gmt":"2024-03-25T11:25:55","guid":{"rendered":"https:\/\/cafeprensa.com.ar\/?p=1966"},"modified":"2024-03-25T12:25:55","modified_gmt":"2024-03-25T11:25:55","slug":"martin-menem-sorteara-su-salario-como-diputado","status":"publish","type":"post","link":"https:\/\/cafeprensa.com.ar\/index.php\/2024\/03\/25\/martin-menem-sorteara-su-salario-como-diputado\/","title":{"rendered":"Mart\u00edn Menem sortear\u00e1 su salario como diputado"},"content":{"rendered":"<div class=\"post-content\">\n<p>El titular de la C\u00e1mara baja sigue as\u00ed el camino emprendido en su momento por Javier Milei, que durante sus dos a\u00f1os como legislador hizo eso con su dieta.<\/p>\n<\/div>\n<div class=\"box-img\"><img loading=\"lazy\" decoding=\"async\" class=\"attachment-post-thumbnail size-post-thumbnail wp-post-image\" src=\"https:\/\/www.parlamentario.com\/wp-content\/uploads\/2024\/01\/Martin-Menem.jpg\" sizes=\"auto, (max-width: 750px) 100vw, 750px\" srcset=\"https:\/\/www.parlamentario.com\/wp-content\/uploads\/2024\/01\/Martin-Menem.jpg 750w, https:\/\/www.parlamentario.com\/wp-content\/uploads\/2024\/01\/Martin-Menem-300x200.jpg 300w\" alt=\"\" width=\"750\" height=\"500\" \/><\/div>\n<p class=\"epigrafo\">Luego de la pol\u00e9mica que se gener\u00f3 en torno a los haberes de los legisladores, en la que terci\u00f3 el presidente <strong>Javier Milei\u00a0<\/strong>y los titulares de ambas c\u00e1maras del Congreso terminaron firmando una resoluci\u00f3n por la cual se retrotra\u00eda el aumento otorgado oportunamente, se conoci\u00f3 que\u00a0<strong>Mart\u00edn Menem\u00a0<\/strong>piensa sortear su salario.<\/p>\n<div class=\"contenido-post\">\n<p>Lo inform\u00f3 La Libertad Avanza de La Rioja, que a trav\u00e9s de la red social X anunci\u00f3 que \u201cMart\u00edn Menem va a sortear su primer salario como diputado nacional el d\u00eda martes 26 de marzo a trav\u00e9s de nuestras redes sociales\u201d. All\u00ed, el propio presidente de la C\u00e1mara confirma esa informaci\u00f3n a trav\u00e9s de un video.<\/p>\n<p>En rigor, esa pr\u00e1ctica que sigue el camino marcado por Milei de cuando fue legislador, ya la llevaba adelante Mart\u00edn Menem con su sueldo como legislador provincial.<\/p>\n<p>Por eso, al informarse las condiciones para participar del sorteo -ser mayor de 18 a\u00f1os y tener domicilio en La Rioja-, se aclara que hay que anotarse en la p\u00e1gina del legislador nacional, puntualiz\u00e1ndose que quienes ya estaban inscriptos en el sorteo de sus salarios como legislador provincial, no necesitaban volver a inscribirse.<\/p>\n<div class=\"twitter-tweet twitter-tweet-rendered\"><iframe id=\"twitter-widget-0\" class=\"\" title=\"X Post\" src=\"https:\/\/platform.twitter.com\/embed\/Tweet.html?dnt=true&amp;embedId=twitter-widget-0&amp;features=eyJ0ZndfdGltZWxpbmVfbGlzdCI6eyJidWNrZXQiOltdLCJ2ZXJzaW9uIjpudWxsfSwidGZ3X2ZvbGxvd2VyX2NvdW50X3N1bnNldCI6eyJidWNrZXQiOnRydWUsInZlcnNpb24iOm51bGx9LCJ0ZndfdHdlZXRfZWRpdF9iYWNrZW5kIjp7ImJ1Y2tldCI6Im9uIiwidmVyc2lvbiI6bnVsbH0sInRmd19yZWZzcmNfc2Vzc2lvbiI6eyJidWNrZXQiOiJvbiIsInZlcnNpb24iOm51bGx9LCJ0ZndfZm9zbnJfc29mdF9pbnRlcnZlbnRpb25zX2VuYWJsZWQiOnsiYnVja2V0Ijoib24iLCJ2ZXJzaW9uIjpudWxsfSwidGZ3X21peGVkX21lZGlhXzE1ODk3Ijp7ImJ1Y2tldCI6InRyZWF0bWVudCIsInZlcnNpb24iOm51bGx9LCJ0ZndfZXhwZXJpbWVudHNfY29va2llX2V4cGlyYXRpb24iOnsiYnVja2V0IjoxMjA5NjAwLCJ2ZXJzaW9uIjpudWxsfSwidGZ3X3Nob3dfYmlyZHdhdGNoX3Bpdm90c19lbmFibGVkIjp7ImJ1Y2tldCI6Im9uIiwidmVyc2lvbiI6bnVsbH0sInRmd19kdXBsaWNhdGVfc2NyaWJlc190b19zZXR0aW5ncyI6eyJidWNrZXQiOiJvbiIsInZlcnNpb24iOm51bGx9LCJ0ZndfdXNlX3Byb2ZpbGVfaW1hZ2Vfc2hhcGVfZW5hYmxlZCI6eyJidWNrZXQiOiJvbiIsInZlcnNpb24iOm51bGx9LCJ0ZndfdmlkZW9faGxzX2R5bmFtaWNfbWFuaWZlc3RzXzE1MDgyIjp7ImJ1Y2tldCI6InRydWVfYml0cmF0ZSIsInZlcnNpb24iOm51bGx9LCJ0ZndfbGVnYWN5X3RpbWVsaW5lX3N1bnNldCI6eyJidWNrZXQiOnRydWUsInZlcnNpb24iOm51bGx9LCJ0ZndfdHdlZXRfZWRpdF9mcm9udGVuZCI6eyJidWNrZXQiOiJvbiIsInZlcnNpb24iOm51bGx9fQ%3D%3D&amp;frame=false&amp;hideCard=false&amp;hideThread=false&amp;id=1771373333197582814&amp;lang=es&amp;origin=https%3A%2F%2Fwww.parlamentario.com%2F2024%2F03%2F23%2Fmartin-menem-sorteara-su-salario-como-diputado%2F&amp;sessionId=511790e4707edee26023d00a02067bf6a9d3ee98&amp;theme=light&amp;widgetsVersion=2615f7e52b7e0%3A1702314776716&amp;width=500px\" frameborder=\"0\" scrolling=\"no\" allowfullscreen=\"allowfullscreen\" data-tweet-id=\"1771373333197582814\" data-mce-fragment=\"1\"><\/iframe><\/div>\n<\/div>\n","protected":false},"excerpt":{"rendered":"<p>El titular de la C\u00e1mara baja sigue as\u00ed el camino emprendido en su momento por Javier Milei, que durante sus dos a\u00f1os como legislador hizo eso con su dieta. Luego de la pol\u00e9mica que se gener\u00f3 en torno a los haberes de los legisladores, en la que terci\u00f3 el presidente Javier Milei\u00a0y los titulares de &hellip;<\/p>\n","protected":false},"author":2,"featured_media":1967,"comment_status":"open","ping_status":"open","sticky":false,"template":"","format":"standard","meta":{"footnotes":""},"categories":[54,25],"tags":[249,424,425],"class_list":["post-1966","post","type-post","status-publish","format-standard","has-post-thumbnail","hentry","category-interes-ganeral","category-politica","tag-diputados","tag-menem","tag-sueldo"],"_links":{"self":[{"href":"https:\/\/cafeprensa.com.ar\/index.php\/wp-json\/wp\/v2\/posts\/1966","targetHints":{"allow":["GET"]}}],"collection":[{"href":"https:\/\/cafeprensa.com.ar\/index.php\/wp-json\/wp\/v2\/posts"}],"about":[{"href":"https:\/\/cafeprensa.com.ar\/index.php\/wp-json\/wp\/v2\/types\/post"}],"author":[{"embeddable":true,"href":"https:\/\/cafeprensa.com.ar\/index.php\/wp-json\/wp\/v2\/users\/2"}],"replies":[{"embeddable":true,"href":"https:\/\/cafeprensa.com.ar\/index.php\/wp-json\/wp\/v2\/comments?post=1966"}],"version-history":[{"count":1,"href":"https:\/\/cafeprensa.com.ar\/index.php\/wp-json\/wp\/v2\/posts\/1966\/revisions"}],"predecessor-version":[{"id":1968,"href":"https:\/\/cafeprensa.com.ar\/index.php\/wp-json\/wp\/v2\/posts\/1966\/revisions\/1968"}],"wp:featuredmedia":[{"embeddable":true,"href":"https:\/\/cafeprensa.com.ar\/index.php\/wp-json\/wp\/v2\/media\/1967"}],"wp:attachment":[{"href":"https:\/\/cafeprensa.com.ar\/index.php\/wp-json\/wp\/v2\/media?parent=1966"}],"wp:term":[{"taxonomy":"category","embeddable":true,"href":"https:\/\/cafeprensa.com.ar\/index.php\/wp-json\/wp\/v2\/categories?post=1966"},{"taxonomy":"post_tag","embeddable":true,"href":"https:\/\/cafeprensa.com.ar\/index.php\/wp-json\/wp\/v2\/tags?post=1966"}],"curies":[{"name":"wp","href":"https:\/\/api.w.org\/{rel}","templated":true}]}}