{"id":1969,"date":"2024-03-25T12:42:45","date_gmt":"2024-03-25T11:42:45","guid":{"rendered":"https:\/\/cafeprensa.com.ar\/?p=1969"},"modified":"2024-03-25T13:46:13","modified_gmt":"2024-03-25T12:46:13","slug":"gobierno-reune-a-los-ministros-de-salud-de-todas-las-provincias","status":"publish","type":"post","link":"https:\/\/cafeprensa.com.ar\/index.php\/2024\/03\/25\/gobierno-reune-a-los-ministros-de-salud-de-todas-las-provincias\/","title":{"rendered":"Gobierno re\u00fane a los ministros de Salud de todas las provincias"},"content":{"rendered":"<div class=\"content-article-title\">\n<div class=\"wrapper-layout center-content center_story max-width\">\n<div class=\"col-content\">\n<p class=\"article__title\">En pleno<a href=\"https:\/\/tn.com.ar\/sociedad\/2024\/03\/24\/brote-historico-de-dengue-96-muertos-134202-casos-y-17-provincias-en-alerta-sanitaria\/\"><b>\u00a0brote hist\u00f3rico de dengue<\/b><\/a>, el ministro\u00a0<b>Mario Russo<\/b>\u00a0<b>convoc\u00f3\u00a0<\/b>para este\u00a0<b>lunes\u00a0<\/b>a la reuni\u00f3n del Consejo Federal de Salud (<b>Cofesa<\/b>), integrado por los\u00a0<b>titulares de esa cartera en las 24 jurisdicciones del pa\u00eds. <\/b>El encuentro en el <b>Centro Cultural Kirchner<\/b>\u00a0comenzar\u00e1 a las 9:30, y ser\u00e1 el<b>\u00a0primero desde que asumi\u00f3 Javier Milei como presidente<\/b>.<\/p>\n<\/div>\n<\/div>\n<\/div>\n<div class=\"common-layout wrapper-layout center-content center_story max-width story article\">\n<div class=\"col-content\">\n<div class=\"default-article-color article__body article__article\">\n<p class=\"paragraph\">Al finalizar la reuni\u00f3n, que se prev\u00e9 cerca de las 16:30,<b>\u00a0el Ministerio de Salud difundir\u00e1 informaci\u00f3n que se considere de relevancia\u00a0<\/b>para ser transmitida a la sociedad. Entre los<b>\u00a0temas en agenda,<\/b>\u00a0tienen previsto analizar la<b>\u00a0situaci\u00f3n epidemiol\u00f3gica del dengue<\/b>, y el\u00a0<b>inicio de la campa\u00f1a nacional de vacunaci\u00f3n antigripal.<\/b>\u00a0Adem\u00e1s, el Ministerio de Salud de la Naci\u00f3n tiene previsto presentar los lineamientos para \u201cavanzar en una gesti\u00f3n por resultados sanitarios, con el objetivo de mejorar la calidad del sistema de salud y el\u00a0<b>plan de receta electr\u00f3nica<\/b>\u201d.<\/p>\n<p class=\"paragraph\">Durante la<b>\u00a0pandemia de coronavirus, el Cofesa se mantuvo muy activo,<\/b>\u00a0en comunicaci\u00f3n permanente entre la Naci\u00f3n y los ministerios provinciales, para el dise\u00f1o y la aplicaci\u00f3n de medidas de prevenci\u00f3n y atenci\u00f3n de la enfermedad. Sin embargo,<b>\u00a0desde hace m\u00e1s de cuatro meses que no se re\u00fane.<\/b><\/p>\n<p class=\"paragraph\">Ahora, ante la creciente cantidad de casos de dengue,\u00a0<b>mantendr\u00e1n el primer encuentro del a\u00f1o.<\/b><\/p>\n<p class=\"font--primary\"><em><strong>Brote hist\u00f3rico de dengue y varias provincias en alerta<\/strong><\/em><\/p>\n<p class=\"paragraph\">Seg\u00fan el \u00faltimo reporte del Ministerio de Salud, en lo que va del a\u00f1o, se notificaron\u00a0<b>134.202 casos de dengue y 96 fallecidos, cifras r\u00e9cord<\/b>\u00a0para la enfermedad en la Argentina.<\/p>\n<figure class=\"\" data-testid=\"figure-testid\">\n<div class=\"aspect_ratio__container\"><picture class=\"responsive-image\"><source srcset=\"https:\/\/tn.com.ar\/resizer\/FpL2uTmQKU9QRQVzb8Xg8DqDefs=\/767x0\/smart\/filters:format(webp)\/cloudfront-us-east-1.images.arcpublishing.com\/artear\/7CNJ4IFLIFEAVDLLWPEWHSKV54.PNG\" type=\"image\/jpg\" media=\"(max-width: 728px)\" \/><source srcset=\"https:\/\/tn.com.ar\/resizer\/MBGfHjndsq-F_1sGb8vaZRT21D8=\/1023x0\/smart\/filters:format(webp)\/cloudfront-us-east-1.images.arcpublishing.com\/artear\/7CNJ4IFLIFEAVDLLWPEWHSKV54.PNG\" type=\"image\/jpg\" media=\"(max-width: 1023px)\" \/><source srcset=\"https:\/\/tn.com.ar\/resizer\/KvVP-F-Bu579jyYM6nnQO7EafLQ=\/1440x0\/smart\/filters:format(webp)\/cloudfront-us-east-1.images.arcpublishing.com\/artear\/7CNJ4IFLIFEAVDLLWPEWHSKV54.PNG\" type=\"image\/jpg\" \/><img loading=\"lazy\" decoding=\"async\" class=\"image content-image image_placeholder\" src=\"https:\/\/tn.com.ar\/resizer\/FpL2uTmQKU9QRQVzb8Xg8DqDefs=\/767x0\/smart\/filters:format(webp)\/cloudfront-us-east-1.images.arcpublishing.com\/artear\/7CNJ4IFLIFEAVDLLWPEWHSKV54.PNG\" alt=\"El detalle de los casos de dengue en la Argentina. (Fuente: Ministerio de Salud)\" width=\"767\" height=\"707\" data-testid=\"loading-testid\" \/><\/picture><\/div><figcaption class=\"caption_image\" data-testid=\"figcaption-testid\">\n<div class=\"image_caption\">El detalle de los casos de dengue en la Argentina. (Fuente: Ministerio de Salud)<\/div>\n<\/figcaption><\/figure>\n<p class=\"paragraph\">Las continuas\u00a0<b>lluvias\u00a0<\/b>y las<b>\u00a0altas temperaturas\u00a0<\/b>dificultan cortar el ciclo de vida del mosquito, especialmente en la zona norte del pa\u00eds, donde la enfermedad se volvi\u00f3 pand\u00e9mica.<\/p>\n<p class=\"paragraph\">El\u00a0<b>mayor n\u00famero de contagios fue registrado en la regi\u00f3n Centro, seguido por la regi\u00f3n NEA<\/b>. A su vez,\u00a0<b>325\u00a0<\/b>casos fueron clasificados como dengue\u00a0<b>grave\u00a0<\/b>y hay\u00a0<b>17 provincias en alerta sanitaria.<\/b><\/p>\n<p class=\"paragraph\">De acuerdo con las cifras oficiales, se registraron<b>\u00a0casos de dengue en todos los grupos etarios,<\/b>\u00a0aunque la incidencia acumulada entre los 15 y 64 a\u00f1os es mayor que en el resto de la poblaci\u00f3n y desciende hacia los extremos de la vida: \u201cLa incidencia acumulada m\u00ednima se observa en menores de 4 a\u00f1os, con 77 casos cada 100.000 habitantes, y una m\u00e1xima de 423 casos cada 100.000 habitantes entre los 25 a 29 a\u00f1os\u201d, se indic\u00f3.<\/p>\n<p class=\"paragraph\">\u201cAl<b>\u00a0Aedes se lo llama mascota porque<\/b>\u00a0no vive en la plaza, en el espacio p\u00fablico, en el lago de Palermo. Ese es otro. El que contagia la enfermedad es mascota,\u00a0<b>vive alrededor nuestro, en la casa, en el trabajo,\u00a0<\/b>en donde hay muchos seres humanos, mucho tiempo, en el d\u00eda\u201d, remarc\u00f3 el ministro de Salud porte\u00f1o,\u00a0<b>Fern\u00e1n Quir\u00f3s<\/b>, que confirm\u00f3 su participaci\u00f3n a la reuni\u00f3n de este lunes.<\/p>\n<\/div>\n<p>&nbsp;<\/p>\n<\/div>\n<\/div>\n","protected":false},"excerpt":{"rendered":"<p>En pleno\u00a0brote hist\u00f3rico de dengue, el ministro\u00a0Mario Russo\u00a0convoc\u00f3\u00a0para este\u00a0lunes\u00a0a la reuni\u00f3n del Consejo Federal de Salud (Cofesa), integrado por los\u00a0titulares de esa cartera en las 24 jurisdicciones del pa\u00eds. El encuentro en el Centro Cultural Kirchner\u00a0comenzar\u00e1 a las 9:30, y ser\u00e1 el\u00a0primero desde que asumi\u00f3 Javier Milei como presidente. Al finalizar la reuni\u00f3n, que se &hellip;<\/p>\n","protected":false},"author":2,"featured_media":1970,"comment_status":"open","ping_status":"open","sticky":false,"template":"","format":"standard","meta":{"footnotes":""},"categories":[33,36],"tags":[390,426,427],"class_list":["post-1969","post","type-post","status-publish","format-standard","has-post-thumbnail","hentry","category-nacionales","category-salud","tag-dengue","tag-ministros","tag-salud"],"_links":{"self":[{"href":"https:\/\/cafeprensa.com.ar\/index.php\/wp-json\/wp\/v2\/posts\/1969","targetHints":{"allow":["GET"]}}],"collection":[{"href":"https:\/\/cafeprensa.com.ar\/index.php\/wp-json\/wp\/v2\/posts"}],"about":[{"href":"https:\/\/cafeprensa.com.ar\/index.php\/wp-json\/wp\/v2\/types\/post"}],"author":[{"embeddable":true,"href":"https:\/\/cafeprensa.com.ar\/index.php\/wp-json\/wp\/v2\/users\/2"}],"replies":[{"embeddable":true,"href":"https:\/\/cafeprensa.com.ar\/index.php\/wp-json\/wp\/v2\/comments?post=1969"}],"version-history":[{"count":2,"href":"https:\/\/cafeprensa.com.ar\/index.php\/wp-json\/wp\/v2\/posts\/1969\/revisions"}],"predecessor-version":[{"id":1972,"href":"https:\/\/cafeprensa.com.ar\/index.php\/wp-json\/wp\/v2\/posts\/1969\/revisions\/1972"}],"wp:featuredmedia":[{"embeddable":true,"href":"https:\/\/cafeprensa.com.ar\/index.php\/wp-json\/wp\/v2\/media\/1970"}],"wp:attachment":[{"href":"https:\/\/cafeprensa.com.ar\/index.php\/wp-json\/wp\/v2\/media?parent=1969"}],"wp:term":[{"taxonomy":"category","embeddable":true,"href":"https:\/\/cafeprensa.com.ar\/index.php\/wp-json\/wp\/v2\/categories?post=1969"},{"taxonomy":"post_tag","embeddable":true,"href":"https:\/\/cafeprensa.com.ar\/index.php\/wp-json\/wp\/v2\/tags?post=1969"}],"curies":[{"name":"wp","href":"https:\/\/api.w.org\/{rel}","templated":true}]}}