{"id":2044,"date":"2024-03-30T20:31:04","date_gmt":"2024-03-30T19:31:04","guid":{"rendered":"https:\/\/cafeprensa.com.ar\/?p=2044"},"modified":"2024-03-30T20:31:04","modified_gmt":"2024-03-30T19:31:04","slug":"vina-vimos-con-buenos-ojos-el-posicionamiento-de-jaldo-a-nivel-nacional","status":"publish","type":"post","link":"https:\/\/cafeprensa.com.ar\/index.php\/2024\/03\/30\/vina-vimos-con-buenos-ojos-el-posicionamiento-de-jaldo-a-nivel-nacional\/","title":{"rendered":"Vi\u00f1a: \u00abVimos con buenos ojos el posicionamiento de Jaldo a nivel nacional\u00bb"},"content":{"rendered":"<p>El legislador del PJS <strong>Claudio Vi\u00f1a<\/strong> en di\u00e1logo con Caf\u00e9 Prensa se refiri\u00f3 al proyecto \u00abLey de Retiro voluntario\u00bb que podr\u00eda tratarse pr\u00f3ximamente en comisiones. Adem\u00e1s, analiz\u00f3 la pol\u00edtica local como nivel nacional.<\/p>\n<p>Escucha la nota completa:<\/p>\n<audio class=\"wp-audio-shortcode\" id=\"audio-2044-1\" preload=\"none\" style=\"width: 100%;\" controls=\"controls\"><source type=\"audio\/mpeg\" src=\"https:\/\/cafeprensa.com.ar\/wp-content\/uploads\/2024\/03\/30-03-claudio-vina-parte-1-Cafe-Prensa.mp3?_=1\" \/><a href=\"https:\/\/cafeprensa.com.ar\/wp-content\/uploads\/2024\/03\/30-03-claudio-vina-parte-1-Cafe-Prensa.mp3\">https:\/\/cafeprensa.com.ar\/wp-content\/uploads\/2024\/03\/30-03-claudio-vina-parte-1-Cafe-Prensa.mp3<\/a><\/audio>\n<audio class=\"wp-audio-shortcode\" id=\"audio-2044-2\" preload=\"none\" style=\"width: 100%;\" controls=\"controls\"><source type=\"audio\/mpeg\" src=\"https:\/\/cafeprensa.com.ar\/wp-content\/uploads\/2024\/03\/30-03-claudio-vina-parte-2-Cafe-Prensa.mp3?_=2\" \/><a href=\"https:\/\/cafeprensa.com.ar\/wp-content\/uploads\/2024\/03\/30-03-claudio-vina-parte-2-Cafe-Prensa.mp3\">https:\/\/cafeprensa.com.ar\/wp-content\/uploads\/2024\/03\/30-03-claudio-vina-parte-2-Cafe-Prensa.mp3<\/a><\/audio>\n<p>&nbsp;<\/p>\n","protected":false},"excerpt":{"rendered":"<p>El legislador del PJS Claudio Vi\u00f1a en di\u00e1logo con Caf\u00e9 Prensa se refiri\u00f3 al proyecto \u00abLey de Retiro voluntario\u00bb que podr\u00eda tratarse pr\u00f3ximamente en comisiones. Adem\u00e1s, analiz\u00f3 la pol\u00edtica local como nivel nacional. Escucha la nota completa: &nbsp;<\/p>\n","protected":false},"author":2,"featured_media":2045,"comment_status":"open","ping_status":"open","sticky":false,"template":"","format":"standard","meta":{"footnotes":""},"categories":[34],"tags":[204,226,390,343,200,265,458,186],"class_list":["post-2044","post","type-post","status-publish","format-standard","has-post-thumbnail","hentry","category-locales","tag-ajuste","tag-claudio-vina","tag-dengue","tag-ersept","tag-javier-milei","tag-osvaldo-jaldo","tag-presupuesto","tag-rossana-chahla"],"_links":{"self":[{"href":"https:\/\/cafeprensa.com.ar\/index.php\/wp-json\/wp\/v2\/posts\/2044","targetHints":{"allow":["GET"]}}],"collection":[{"href":"https:\/\/cafeprensa.com.ar\/index.php\/wp-json\/wp\/v2\/posts"}],"about":[{"href":"https:\/\/cafeprensa.com.ar\/index.php\/wp-json\/wp\/v2\/types\/post"}],"author":[{"embeddable":true,"href":"https:\/\/cafeprensa.com.ar\/index.php\/wp-json\/wp\/v2\/users\/2"}],"replies":[{"embeddable":true,"href":"https:\/\/cafeprensa.com.ar\/index.php\/wp-json\/wp\/v2\/comments?post=2044"}],"version-history":[{"count":1,"href":"https:\/\/cafeprensa.com.ar\/index.php\/wp-json\/wp\/v2\/posts\/2044\/revisions"}],"predecessor-version":[{"id":2048,"href":"https:\/\/cafeprensa.com.ar\/index.php\/wp-json\/wp\/v2\/posts\/2044\/revisions\/2048"}],"wp:featuredmedia":[{"embeddable":true,"href":"https:\/\/cafeprensa.com.ar\/index.php\/wp-json\/wp\/v2\/media\/2045"}],"wp:attachment":[{"href":"https:\/\/cafeprensa.com.ar\/index.php\/wp-json\/wp\/v2\/media?parent=2044"}],"wp:term":[{"taxonomy":"category","embeddable":true,"href":"https:\/\/cafeprensa.com.ar\/index.php\/wp-json\/wp\/v2\/categories?post=2044"},{"taxonomy":"post_tag","embeddable":true,"href":"https:\/\/cafeprensa.com.ar\/index.php\/wp-json\/wp\/v2\/tags?post=2044"}],"curies":[{"name":"wp","href":"https:\/\/api.w.org\/{rel}","templated":true}]}}