{"id":2055,"date":"2024-04-02T16:58:34","date_gmt":"2024-04-02T14:58:34","guid":{"rendered":"https:\/\/cafeprensa.com.ar\/?p=2055"},"modified":"2024-04-02T16:58:34","modified_gmt":"2024-04-02T14:58:34","slug":"vayanse-ustedes-que-tienen-hijos","status":"publish","type":"post","link":"https:\/\/cafeprensa.com.ar\/index.php\/2024\/04\/02\/vayanse-ustedes-que-tienen-hijos\/","title":{"rendered":"\u201c\u00a1V\u00e1yanse ustedes, que tienen hijos!\u201d"},"content":{"rendered":"<p class=\"page-header\">Oscar Poltronieri, el h\u00e9roe que enfrent\u00f3 a m\u00e1s de 600 ingleses en Malvinas. <em><strong>Ten\u00eda 19 a\u00f1os cuando combati\u00f3 en Malvinas, y era analfabeto, pero su enorme valor permiti\u00f3 salvarle la vida a 150 soldados argentinos.<\/strong><\/em><\/p>\n<p>\u00abV\u00e1yanse ustedes, que tienen hijos. Yo me quedo\u201d grit\u00f3\u00a0<b>Oscar Ismael Poltronieri<\/b>\u00a0mientras\u00a0<b>disparaba contra m\u00e1s de 600 ingleses desde el Monte Dos Hermanas en las Islas Malvinas<\/b>.<br \/>\nGracias a su valor, m\u00e1s de 150 soldados argentinos salvaron sus vidas. Su corta edad (19 a\u00f1os) y su escasa formaci\u00f3n intelectual (era analfabeto) no le impidieron convertirse en uno de los h\u00e9roes militares m\u00e1s importantes de la historia argentina.<br \/>\nOriundo de la localidad bonaerense de Mercedes, pas\u00f3 dos meses soportando los dolores de la guerra y viviendo en las peores condiciones.<br \/>\n\u201cPoltro\u201d, como le dec\u00edan sus compa\u00f1eros, form\u00f3 parte del 6\u00ba Regimiento de Infanter\u00eda Mecanizado, y el \u00e1rea que le fue asignada fue la zona del monte Dos Hermanas, ubicado al oeste de Puerto Argentino, en la isla Soledad. All\u00ed le hab\u00edan asignado una ametralladora con la que salv\u00f3 a sus compatriotas.<\/p>\n<div>Vivir en esa trinchera no fue nada f\u00e1cil. \u201cLa comida no llegaba porque el terreno era intransitable y los camiones del Ej\u00e9rcito no pod\u00edan pasar. Tampoco ten\u00edamos agua, por lo que tuvimos que sobrevivir con un charco para lavarnos y otro para consumir\u201d, coment\u00f3 el ex combatiente en una entrevista con Cr\u00f3nica.<\/div>\n<div><img decoding=\"async\" src=\"https:\/\/storage.lacapitalmdp.com\/2022\/05\/poltro.jpg\" alt=\"V\u00e1yanse ustedes, yo de ac\u00e1 no me muevo\u201d: la historia del h\u00e9roe de Malvinas  que enfrent\u00f3 solo a un batall\u00f3n ingl\u00e9s \u00ab Diario La Capital de Mar del Plata\" width=\"600\" \/><\/div>\n<div>El 11 de junio de 1982 Poltronieri se convirti\u00f3 en h\u00e9roe arriesgando su propia vida para salvar a sus compa\u00f1eros de batalla. Un grupo de 600 ingleses atacaron el 4\u00ba y 7\u00ba Regimiento de Infanter\u00eda, y luego avanzaron hacia el 6\u00ba.<br \/>\nAnte la superioridad num\u00e9rica, el coronel Augusto Esteban Vilgr\u00e9 Lamadrid les orden\u00f3 a sus combatientes que se retiraran pero no pudo hacer nada ante la tenacidad de \u201cPoltro\u201d.<\/div>\n<div>Sabiendo que era probable que todos terminaran muertos ante el ataque ingl\u00e9s, el soldado decidi\u00f3 quedarse solo y atacar mientras sus compa\u00f1eros se retiraban en busca de refugio.<\/div>\n<div>\u201cV\u00e1yanse ustedes, que tienen hijos. Yo me quedo\u201d dec\u00eda y repet\u00eda \u201cv\u00e1yanse todos, carajo. Yo me quedo y los cubro. Ustedes tienen algo por lo que volver\u201d.<\/div>\n<div>Dispar\u00f3 durante horas. Retroced\u00eda cinco metros, disparaba y volv\u00eda a retroceder otros diez, de esa forma paraba el ataque ingl\u00e9s. \u201cDe esta forma pensaban que era toda una compa\u00f1\u00eda atacando y no avanzaban\u201d, explic\u00f3 Poltronieri.<br \/>\nAl reunirse con sus compa\u00f1eros, muchos no pod\u00edan creer que el mercedino haya seguido con vida luego de salvarlos. \u201cCuando me vieron no lo pod\u00edan creer: me hab\u00edan dado por muerto. All\u00ed me enter\u00e9 de que se hab\u00edan rendido a las diez de la ma\u00f1ana. Y reci\u00e9n como a las tres de la tarde nosotros hab\u00edamos dejado de combatir. Cuando vimos la bandera blanca colgada en el m\u00e1stil, la mayor\u00eda nos largamos a llorar\u201d, relat\u00f3 Poltronieri a Radio Mitre.<\/div>\n","protected":false},"excerpt":{"rendered":"<p>Oscar Poltronieri, el h\u00e9roe que enfrent\u00f3 a m\u00e1s de 600 ingleses en Malvinas. Ten\u00eda 19 a\u00f1os cuando combati\u00f3 en Malvinas, y era analfabeto, pero su enorme valor permiti\u00f3 salvarle la vida a 150 soldados argentinos. \u00abV\u00e1yanse ustedes, que tienen hijos. Yo me quedo\u201d grit\u00f3\u00a0Oscar Ismael Poltronieri\u00a0mientras\u00a0disparaba contra m\u00e1s de 600 ingleses desde el Monte Dos &hellip;<\/p>\n","protected":false},"author":2,"featured_media":2056,"comment_status":"open","ping_status":"open","sticky":false,"template":"","format":"standard","meta":{"footnotes":""},"categories":[54,33],"tags":[463,462,461],"class_list":["post-2055","post","type-post","status-publish","format-standard","has-post-thumbnail","hentry","category-interes-ganeral","category-nacionales","tag-heroe","tag-mailvinas","tag-oscar-poltronieri"],"_links":{"self":[{"href":"https:\/\/cafeprensa.com.ar\/index.php\/wp-json\/wp\/v2\/posts\/2055","targetHints":{"allow":["GET"]}}],"collection":[{"href":"https:\/\/cafeprensa.com.ar\/index.php\/wp-json\/wp\/v2\/posts"}],"about":[{"href":"https:\/\/cafeprensa.com.ar\/index.php\/wp-json\/wp\/v2\/types\/post"}],"author":[{"embeddable":true,"href":"https:\/\/cafeprensa.com.ar\/index.php\/wp-json\/wp\/v2\/users\/2"}],"replies":[{"embeddable":true,"href":"https:\/\/cafeprensa.com.ar\/index.php\/wp-json\/wp\/v2\/comments?post=2055"}],"version-history":[{"count":1,"href":"https:\/\/cafeprensa.com.ar\/index.php\/wp-json\/wp\/v2\/posts\/2055\/revisions"}],"predecessor-version":[{"id":2057,"href":"https:\/\/cafeprensa.com.ar\/index.php\/wp-json\/wp\/v2\/posts\/2055\/revisions\/2057"}],"wp:featuredmedia":[{"embeddable":true,"href":"https:\/\/cafeprensa.com.ar\/index.php\/wp-json\/wp\/v2\/media\/2056"}],"wp:attachment":[{"href":"https:\/\/cafeprensa.com.ar\/index.php\/wp-json\/wp\/v2\/media?parent=2055"}],"wp:term":[{"taxonomy":"category","embeddable":true,"href":"https:\/\/cafeprensa.com.ar\/index.php\/wp-json\/wp\/v2\/categories?post=2055"},{"taxonomy":"post_tag","embeddable":true,"href":"https:\/\/cafeprensa.com.ar\/index.php\/wp-json\/wp\/v2\/tags?post=2055"}],"curies":[{"name":"wp","href":"https:\/\/api.w.org\/{rel}","templated":true}]}}