{"id":2061,"date":"2024-04-02T17:17:01","date_gmt":"2024-04-02T15:17:01","guid":{"rendered":"https:\/\/cafeprensa.com.ar\/?p=2061"},"modified":"2024-04-02T17:17:01","modified_gmt":"2024-04-02T15:17:01","slug":"no-se-puede-homenajear-y-tener-como-idola-a-margaret-thatcher","status":"publish","type":"post","link":"https:\/\/cafeprensa.com.ar\/index.php\/2024\/04\/02\/no-se-puede-homenajear-y-tener-como-idola-a-margaret-thatcher\/","title":{"rendered":"\u201cNo se puede homenajear y tener como \u00eddola a Margaret Thatcher\u201d"},"content":{"rendered":"<div class=\"sc-72a617d0-0 OZTzC normal-header false normal-header false\">\n<div class=\"sc-72a617d0-0 OZTzC shared-header shared-header\">\n<div class=\"mt\">\n<p class=\"storyTitle\">Axel Kicillof cruz\u00f3 a Javier Milei tras el acto por Malvinas.<\/p>\n<ul>\n<li>El gobernador bonaerense habl\u00f3 este martes en un acto por un nuevo aniversario del comienzo de la guerra.<\/li>\n<li>Afirm\u00f3 que la ex primera ministra del Reino Unido \u00abde manera traicionera mand\u00f3 a matar a soldados argentinos\u00bb. En medio de los actos por la conmemoraci\u00f3n de la Guerra de Malvinas, el gobernador Axel Kicillof cruz\u00f3 el presidente Javier Milei y le cuestion\u00f3 que en varias oportunidades expres\u00f3 su admiraci\u00f3n por Margaret Thatcher, la ex primera ministro del Reino Unido.<\/li>\n<li>\u00abEstamos esperando que quien es hoy presidente de la Naci\u00f3n le diga al pueblo que no se puede homenajear y tener como \u00eddola a Margaret Thatcher, que de manera traicionera mand\u00f3 a matar a soldados argentinos\u00bb, afirm\u00f3 durante su discurso en Pilar.<\/li>\n<\/ul>\n<\/div>\n<\/div>\n<\/div>\n","protected":false},"excerpt":{"rendered":"<p>Axel Kicillof cruz\u00f3 a Javier Milei tras el acto por Malvinas. El gobernador bonaerense habl\u00f3 este martes en un acto por un nuevo aniversario del comienzo de la guerra. Afirm\u00f3 que la ex primera ministra del Reino Unido \u00abde manera traicionera mand\u00f3 a matar a soldados argentinos\u00bb. En medio de los actos por la conmemoraci\u00f3n &hellip;<\/p>\n","protected":false},"author":2,"featured_media":2062,"comment_status":"open","ping_status":"open","sticky":false,"template":"","format":"standard","meta":{"footnotes":""},"categories":[33,25],"tags":[464],"class_list":["post-2061","post","type-post","status-publish","format-standard","has-post-thumbnail","hentry","category-nacionales","category-politica","tag-axel-kicillof-javier-milei"],"_links":{"self":[{"href":"https:\/\/cafeprensa.com.ar\/index.php\/wp-json\/wp\/v2\/posts\/2061","targetHints":{"allow":["GET"]}}],"collection":[{"href":"https:\/\/cafeprensa.com.ar\/index.php\/wp-json\/wp\/v2\/posts"}],"about":[{"href":"https:\/\/cafeprensa.com.ar\/index.php\/wp-json\/wp\/v2\/types\/post"}],"author":[{"embeddable":true,"href":"https:\/\/cafeprensa.com.ar\/index.php\/wp-json\/wp\/v2\/users\/2"}],"replies":[{"embeddable":true,"href":"https:\/\/cafeprensa.com.ar\/index.php\/wp-json\/wp\/v2\/comments?post=2061"}],"version-history":[{"count":1,"href":"https:\/\/cafeprensa.com.ar\/index.php\/wp-json\/wp\/v2\/posts\/2061\/revisions"}],"predecessor-version":[{"id":2063,"href":"https:\/\/cafeprensa.com.ar\/index.php\/wp-json\/wp\/v2\/posts\/2061\/revisions\/2063"}],"wp:featuredmedia":[{"embeddable":true,"href":"https:\/\/cafeprensa.com.ar\/index.php\/wp-json\/wp\/v2\/media\/2062"}],"wp:attachment":[{"href":"https:\/\/cafeprensa.com.ar\/index.php\/wp-json\/wp\/v2\/media?parent=2061"}],"wp:term":[{"taxonomy":"category","embeddable":true,"href":"https:\/\/cafeprensa.com.ar\/index.php\/wp-json\/wp\/v2\/categories?post=2061"},{"taxonomy":"post_tag","embeddable":true,"href":"https:\/\/cafeprensa.com.ar\/index.php\/wp-json\/wp\/v2\/tags?post=2061"}],"curies":[{"name":"wp","href":"https:\/\/api.w.org\/{rel}","templated":true}]}}